{"id":17428,"date":"2024-02-26T11:38:10","date_gmt":"2024-02-26T10:38:10","guid":{"rendered":"https:\/\/nandi.info\/?p=17428"},"modified":"2024-02-26T11:38:13","modified_gmt":"2024-02-26T10:38:13","slug":"revolution-au-mali-le-mouvement-m5-rfp-vit-son-dernier-souffle","status":"publish","type":"post","link":"https:\/\/nandi.info\/?p=17428","title":{"rendered":"R\u00e9volution au Mali : le mouvement M5-RFP vit son dernier souffle !"},"content":{"rendered":"\n<p><strong>Pr\u00e9vue pour le jeudi 22 f\u00e9vrier 2024, la r\u00e9union du Mouvement du 5 juin, Rassemblement des forces patriotiques (M5-RFP) a \u00e9t\u00e9 boulevers\u00e9e par une pol\u00e9mique sur fond la pr\u00e9sence massive des forces de l\u2019ordre sur les lieux de la r\u00e9union. Des cadres du comit\u00e9 strat\u00e9gique se retirent de la salle et d\u00e9posent lors d\u2019une autre r\u00e9union le 1<sup>er<\/sup>\u00a0vice-pr\u00e9sident M Boubacar M. Traor\u00e9 assurant l\u2019int\u00e9rim apr\u00e8s Choguel Kokalla Ma\u00efga qui \u00e0 son tour suspend jusqu\u2019\u00e0 nouvel ordre, tous les membres r\u00e9calcitrants parmi lesquels Jeamille Bittar.<\/strong><\/p>\n\n\n\n<p class=\"has-drop-cap\">Depuis un moment, une odeur suffocante de malaise sent au sein du Mouvement du 5 Juin Rassemblement des Forces Patriotiques (M5-RFP), mouvement h\u00e9t\u00e9roclite qui a mis fin au r\u00e8gne de l\u2019ancien pr\u00e9sident de la R\u00e9publique du Mali, Feu, Ibrahim Boubacar Keita en 2020.<\/p>\n\n\n\n<p>Sur fond de pr\u00e9sence des forces de l\u2019ordre \u00e0 sa r\u00e9union ordinaire du jeudi 22 f\u00e9vrier, qui recouvre sans nul doute les plaies des r\u00e9pressions sanglantes des manifestations de 2020, le mouvement M5-RFP est cass\u00e9 en deux et chaque camp se revendique la l\u00e9gitimit\u00e9 en prenant des sanctions s\u00e9v\u00e8res contre l\u2019autre. Un bic\u00e9phalisme qui conduit au d\u00e9clin ou la chute de popularit\u00e9 de ce mouvement c\u00e9l\u00e8bre de l\u2019histoire r\u00e9cent du Mali.<\/p>\n\n\n\n<p>Reconnu comme proche du premier ministre de la transition, le Dr Choguel Kokalla Maiga, la gestion du comit\u00e9 strat\u00e9gique par le 1<sup>er<\/sup>&nbsp;vice-pr\u00e9sident Boubacar K. Traor\u00e9 est mise en cause par certains de ses anciens camarades de lutte au sein du M5-RFP.<\/p>\n\n\n\n<p>Ainsi, ces derniers ont profit\u00e9 de la pol\u00e9mique du jeudi 22 f\u00e9vrier sur fond de pr\u00e9sence massive de force de l\u2019ordre pour d\u00e9poser le pr\u00e9sident int\u00e9rimaire le rempla\u00e7ant par l\u2019ex-ministre Imam Oumarou Diarra, non moins 3<sup>e<\/sup>&nbsp;vice-pr\u00e9sident du comit\u00e9 strat\u00e9gique.<\/p>\n\n\n\n<p>Pour appuyer leur volont\u00e9, ces nouveaux \u00ab&nbsp;rebelles du M5-RFP&nbsp;\u00bb ont mis en exergue la d\u00e9cision du mouvement m\u00e8re de Boubacar K Traor\u00e9, l\u2019Espoir Mali Kura (EMK), de lui retirer son mandat de repr\u00e9sentant au sein du M5-RFP ainsi que la demande incessante de sa d\u00e9mission par la jeunesse du M5-RFP. Des situations qui, selon eux, conduisent de facto, \u00e0 son ill\u00e9gitimit\u00e9 pour assurer l\u2019int\u00e9rim du comit\u00e9 strat\u00e9gique.<\/p>\n\n\n\n<p>Ajouter \u00e0 cela d\u2019autres griefs dans le leadership de M. Boubacar Karamoko comme notamment son choix d\u00e9lib\u00e9r\u00e9 et discriminatoire de faire repr\u00e9senter tr\u00e8s majoritairement certains regroupements qui composent le M5-RFP aux r\u00e9unions comparativement \u00e0 d\u2019autres minorit\u00e9s dont les points de vue comptent beaucoup. Des griefs qui l\u00e8vent le doute, selon eux, sur \u00ab&nbsp;l\u2019incapacit\u00e9&nbsp;notoire \u00bb de M. Boubacar K Traor\u00e9 \u00e0 maintenir la coh\u00e9sion au sein du M5-RFP.<\/p>\n\n\n\n<p>Par cons\u00e9quent, Les principaux signataires de cette mouvance dont le EMK, PPC, la jeunesse du M5-RFP, AR-Mali, CAMPS, MPJ faso Yelen ont d\u00e9cid\u00e9 de mettre fin et avec effet \u00ab&nbsp;imm\u00e9diat&nbsp;\u00bb \u00e0 la mission de Boubacar K. Traor\u00e9 en tant vice-pr\u00e9sident du comit\u00e9 strat\u00e9gique du MR-RFP.<\/p>\n\n\n\n<p>Mais ayant \u00e9galement sign\u00e9 cette d\u00e9claration \u00e0 l\u2019instar des mouvements cit\u00e9s, le Front pour la sauvegarde de la d\u00e9mocratie (FDS) a, de son c\u00f4t\u00e9, fait un communiqu\u00e9 pour se d\u00e9solidariser de toute d\u00e9marche de remplacement du premier vice-pr\u00e9sident du comit\u00e9 strat\u00e9gique du M5-RFP Boubacar M. Traor\u00e9 par l\u2019Imam Oumarou Diarra. \u00ab Nous d\u00e9plorons cette attitude qui porte atteinte au cr\u00e9dit de fonctionnement de notre organisation \u00bb a regrett\u00e9 dans un communiqu\u00e9 le FDS tout en soulignant que ses membres qui ont pris part \u00e0 ce mouvement d\u2019humeur n\u2019ont nullement \u00e9t\u00e9 mandat\u00e9s par la base.<\/p>\n\n\n\n<p>Tout en renouvelant son soutien ind\u00e9fectible au pr\u00e9sident du comit\u00e9 strat\u00e9gique, Dr Choguel Kokalla Ma\u00efga et au vice-pr\u00e9sident Boubacar K Traor\u00e9, le FDS a lui aussi pris des mesures de suspension contre ses Mountaga Tall, pr\u00e9sident du CNID-FYT, Ibrahim Sylla, EDR et Paul I Boro, pr\u00e9sident du Sama, jusqu\u2019\u00e0 nouvel ordre.<\/p>\n\n\n\n<p>Il faut noter que le pr\u00e9sident int\u00e9rimaire controvers\u00e9 du comit\u00e9 strat\u00e9gique, Boubacar K Traor\u00e9, depuis le boycott de la r\u00e9union du jeudi 22 f\u00e9vrier, avait lui aussi suspendu du Comit\u00e9 Strat\u00e9gique du M5-RFP, jusqu\u2019\u00e0 nouvel ordre, les membres Paul Isma\u00ebl Boro, membre du FSD ; Ibrahima Sylla, membre du FSD ; Jeamille Bittar, membre du PPC ; Zoumana Diabenta, membre du PPC ; Ismail Camara, membre du PPC ; Seydou Diakit\u00e9 dit Soudanais, membre du CAMPS ; Tahirou Dicko, membre du CAMPS ; Aboubacar Daff\u00e9, membre du CNT ; Ibrahim Traor\u00e9 dit Jack Bauer, membre de la coordination des jeunes ; Tiemoko Ma\u00efga, membre d\u2019EMK ; Aliou Sankar\u00e9, membre d\u2019EMK et Koumba Yaressi, membre d\u2019EMK.<\/p>\n\n\n\n<p>De son c\u00f4t\u00e9, lui met l\u2019accent sur l\u2019imp\u00e9ratif de soutenir la transition et le respect des id\u00e9aux du Peuple port\u00e9s par le M5- RFP \u00e0 travers l\u2019engagement, la discipline et la responsabilit\u00e9.<\/p>\n\n\n\n<p><strong>Issa Djiguiba<\/strong><\/p>\n","protected":false},"excerpt":{"rendered":"<p>Pr\u00e9vue pour le jeudi 22 f\u00e9vrier 2024, la r\u00e9union du Mouvement du 5 juin, Rassemblement des forces patriotiques (M5-RFP) a \u00e9t\u00e9 boulevers\u00e9e par une pol\u00e9mique sur fond la pr\u00e9sence massive&hellip;<\/p>\n","protected":false},"author":1,"featured_media":16606,"comment_status":"open","ping_status":"open","sticky":false,"template":"","format":"standard","meta":{"content-type":"","_lmt_disableupdate":"","_lmt_disable":"","_jetpack_memberships_contains_paid_content":false,"footnotes":"","jetpack_publicize_message":"","jetpack_publicize_feature_enabled":true,"jetpack_social_post_already_shared":true,"jetpack_social_options":{"image_generator_settings":{"template":"highway","default_image_id":0,"font":"","enabled":false},"version":2}},"categories":[71,23],"tags":[],"class_list":["post-17428","post","type-post","status-publish","format-standard","has-post-thumbnail","hentry","category-le-pays","category-politique"],"jetpack_publicize_connections":[],"featured_image_urls":{"full":["https:\/\/nandi.info\/wp-content\/uploads\/2024\/01\/Dr-Choguel-Kokalla-Maiga-chef-du-gouvernement-de-Transition-en-tournee-dans-la-region-de-Segou-Copie.jpg",2048,1365,false],"thumbnail":["https:\/\/nandi.info\/wp-content\/uploads\/2024\/01\/Dr-Choguel-Kokalla-Maiga-chef-du-gouvernement-de-Transition-en-tournee-dans-la-region-de-Segou-Copie-150x150.jpg",150,150,true],"medium":["https:\/\/nandi.info\/wp-content\/uploads\/2024\/01\/Dr-Choguel-Kokalla-Maiga-chef-du-gouvernement-de-Transition-en-tournee-dans-la-region-de-Segou-Copie-300x200.jpg",300,200,true],"medium_large":["https:\/\/nandi.info\/wp-content\/uploads\/2024\/01\/Dr-Choguel-Kokalla-Maiga-chef-du-gouvernement-de-Transition-en-tournee-dans-la-region-de-Segou-Copie-768x512.jpg",768,512,true],"large":["https:\/\/nandi.info\/wp-content\/uploads\/2024\/01\/Dr-Choguel-Kokalla-Maiga-chef-du-gouvernement-de-Transition-en-tournee-dans-la-region-de-Segou-Copie-1024x683.jpg",1024,683,true],"1536x1536":["https:\/\/nandi.info\/wp-content\/uploads\/2024\/01\/Dr-Choguel-Kokalla-Maiga-chef-du-gouvernement-de-Transition-en-tournee-dans-la-region-de-Segou-Copie-1536x1024.jpg",1536,1024,true],"2048x2048":["https:\/\/nandi.info\/wp-content\/uploads\/2024\/01\/Dr-Choguel-Kokalla-Maiga-chef-du-gouvernement-de-Transition-en-tournee-dans-la-region-de-Segou-Copie.jpg",2048,1365,false],"penci-recipe-1200x1200":["https:\/\/nandi.info\/wp-content\/uploads\/2024\/01\/Dr-Choguel-Kokalla-Maiga-chef-du-gouvernement-de-Transition-en-tournee-dans-la-region-de-Segou-Copie.jpg",1200,800,false],"penci-recipe-1200x900":["https:\/\/nandi.info\/wp-content\/uploads\/2024\/01\/Dr-Choguel-Kokalla-Maiga-chef-du-gouvernement-de-Transition-en-tournee-dans-la-region-de-Segou-Copie.jpg",1200,800,false],"penci-recipe-1200x675":["https:\/\/nandi.info\/wp-content\/uploads\/2024\/01\/Dr-Choguel-Kokalla-Maiga-chef-du-gouvernement-de-Transition-en-tournee-dans-la-region-de-Segou-Copie.jpg",1013,675,false],"penci-single-full":["https:\/\/nandi.info\/wp-content\/uploads\/2024\/01\/Dr-Choguel-Kokalla-Maiga-chef-du-gouvernement-de-Transition-en-tournee-dans-la-region-de-Segou-Copie.jpg",1920,1280,false],"penci-slider-full-thumb":["https:\/\/nandi.info\/wp-content\/uploads\/2024\/01\/Dr-Choguel-Kokalla-Maiga-chef-du-gouvernement-de-Transition-en-tournee-dans-la-region-de-Segou-Copie.jpg",1200,800,false],"penci-full-thumb":["https:\/\/nandi.info\/wp-content\/uploads\/2024\/01\/Dr-Choguel-Kokalla-Maiga-chef-du-gouvernement-de-Transition-en-tournee-dans-la-region-de-Segou-Copie.jpg",1170,780,false],"penci-slider-thumb":["https:\/\/nandi.info\/wp-content\/uploads\/2024\/01\/Dr-Choguel-Kokalla-Maiga-chef-du-gouvernement-de-Transition-en-tournee-dans-la-region-de-Segou-Copie.jpg",995,663,false],"penci-magazine-slider":["https:\/\/nandi.info\/wp-content\/uploads\/2024\/01\/Dr-Choguel-Kokalla-Maiga-chef-du-gouvernement-de-Transition-en-tournee-dans-la-region-de-Segou-Copie.jpg",774,516,false],"penci-thumb":["https:\/\/nandi.info\/wp-content\/uploads\/2024\/01\/Dr-Choguel-Kokalla-Maiga-chef-du-gouvernement-de-Transition-en-tournee-dans-la-region-de-Segou-Copie.jpg",585,390,false],"penci-masonry-thumb":["https:\/\/nandi.info\/wp-content\/uploads\/2024\/01\/Dr-Choguel-Kokalla-Maiga-chef-du-gouvernement-de-Transition-en-tournee-dans-la-region-de-Segou-Copie.jpg",585,390,false],"penci-thumb-square":["https:\/\/nandi.info\/wp-content\/uploads\/2024\/01\/Dr-Choguel-Kokalla-Maiga-chef-du-gouvernement-de-Transition-en-tournee-dans-la-region-de-Segou-Copie.jpg",585,390,false],"penci-thumb-vertical":["https:\/\/nandi.info\/wp-content\/uploads\/2024\/01\/Dr-Choguel-Kokalla-Maiga-chef-du-gouvernement-de-Transition-en-tournee-dans-la-region-de-Segou-Copie.jpg",480,320,false],"penci-thumb-small":["https:\/\/nandi.info\/wp-content\/uploads\/2024\/01\/Dr-Choguel-Kokalla-Maiga-chef-du-gouvernement-de-Transition-en-tournee-dans-la-region-de-Segou-Copie.jpg",263,175,false]},"author_info":{"display_name":"Nandi","author_link":"https:\/\/nandi.info\/?author=1"},"category_info":"<a href=\"https:\/\/nandi.info\/?cat=71\" rel=\"category\">Le Pays<\/a> <a href=\"https:\/\/nandi.info\/?cat=23\" rel=\"category\">Politique<\/a>","tag_info":"Politique","comment_count":"0","jetpack_featured_media_url":"https:\/\/nandi.info\/wp-content\/uploads\/2024\/01\/Dr-Choguel-Kokalla-Maiga-chef-du-gouvernement-de-Transition-en-tournee-dans-la-region-de-Segou-Copie.jpg","jetpack_sharing_enabled":true,"_links":{"self":[{"href":"https:\/\/nandi.info\/index.php?rest_route=\/wp\/v2\/posts\/17428","targetHints":{"allow":["GET"]}}],"collection":[{"href":"https:\/\/nandi.info\/index.php?rest_route=\/wp\/v2\/posts"}],"about":[{"href":"https:\/\/nandi.info\/index.php?rest_route=\/wp\/v2\/types\/post"}],"author":[{"embeddable":true,"href":"https:\/\/nandi.info\/index.php?rest_route=\/wp\/v2\/users\/1"}],"replies":[{"embeddable":true,"href":"https:\/\/nandi.info\/index.php?rest_route=%2Fwp%2Fv2%2Fcomments&post=17428"}],"version-history":[{"count":1,"href":"https:\/\/nandi.info\/index.php?rest_route=\/wp\/v2\/posts\/17428\/revisions"}],"predecessor-version":[{"id":17432,"href":"https:\/\/nandi.info\/index.php?rest_route=\/wp\/v2\/posts\/17428\/revisions\/17432"}],"wp:featuredmedia":[{"embeddable":true,"href":"https:\/\/nandi.info\/index.php?rest_route=\/wp\/v2\/media\/16606"}],"wp:attachment":[{"href":"https:\/\/nandi.info\/index.php?rest_route=%2Fwp%2Fv2%2Fmedia&parent=17428"}],"wp:term":[{"taxonomy":"category","embeddable":true,"href":"https:\/\/nandi.info\/index.php?rest_route=%2Fwp%2Fv2%2Fcategories&post=17428"},{"taxonomy":"post_tag","embeddable":true,"href":"https:\/\/nandi.info\/index.php?rest_route=%2Fwp%2Fv2%2Ftags&post=17428"}],"curies":[{"name":"wp","href":"https:\/\/api.w.org\/{rel}","templated":true}]}}