{"id":17420,"date":"2024-02-26T10:59:44","date_gmt":"2024-02-26T09:59:44","guid":{"rendered":"https:\/\/nandi.info\/?p=17420"},"modified":"2024-02-26T10:59:47","modified_gmt":"2024-02-26T09:59:47","slug":"choguel-maiga-a-lenregistrement-de-mali-kura-taasira-2-la-question-des-elections-est-une-question-subsidiaire","status":"publish","type":"post","link":"https:\/\/nandi.info\/?p=17420","title":{"rendered":"Choguel Ma\u00efga \u00e0 l\u2019enregistrement de Mali kura taasira 2 : \u00abLa question des \u00e9lections est une question subsidiaire\u2026\u00bb"},"content":{"rendered":"\n<p><strong>Le Premier ministre Choguel Kokalla Ma\u00efga \u00e9tait l\u2019invit\u00e9 de l\u2019\u00e9mission Mali kura Taasira de l\u2019ORTM dont l\u2019enregistrement a eu lieu le 22 f\u00e9vrier 2024 au Centre international des conf\u00e9rences de Bamako, dans la salle des banquets. L\u2019interview \u00e9tait conduite par Yaya Konat\u00e9 en Fran\u00e7ais et Marc Demb\u00e9l\u00e9 en Bamanakan.<\/strong><\/p>\n\n\n\n<p class=\"has-drop-cap\">Mali kura Taasira est une \u00e9mission de l\u2019ORTM destin\u00e9e \u00e0 permettre aux autorit\u00e9s de la transition de se prononcer sur l\u2019\u00e9volution des questions de pr\u00e9occupation nationales auxquelles elles s\u2019attellent \u00e0 trouver des solutions. Situant le contexte de la transition, le Premier ministre Choguel Kokalla Ma\u00efga a rappel\u00e9 qu\u2019elle r\u00e9sulte d\u2019une volont\u00e9 des Maliens de fa\u00e7on g\u00e9n\u00e9rale, \u00e9voquant la p\u00e9riode de d\u00e9sob\u00e9issance civile; la mise en place du M5-RFP; le r\u00f4le jou\u00e9 par les militaires le 18 ao\u00fbt 2020, qui marque la fin du r\u00e9gime d\u2019IBK; la rectification du 24 mai 2021; la prestation de serment du pr\u00e9sident de la transition Assimi Go\u00efta et la nomination du Premier ministre le 7 juin 2021. Ce qui fait dire au Premier ministre Choguel Kokalla Ma\u00efga: \u00ab nous venons de loin. Ceux qui veulent qu\u2019on se pr\u00e9cipite \u00e0 aller aux \u00e9lections doivent se poser les bonnes questions \u00e0 savoir, d\u2019o\u00f9 nous venons? O\u00f9 nous allons? \u00bb<\/p>\n\n\n\n<p>Notre pays a \u00e9t\u00e9 confront\u00e9 \u00e0 l\u2019ins\u00e9curit\u00e9, le terrorisme qui a progress\u00e9 du nord au centre, alors qu\u2019\u00e9taient pr\u00e9sents sur notre territoire, des milliers de soldats des forces \u00e9trang\u00e8res de Barkhane, G5 Sahel, de la Minusma. L\u2019av\u00e8nement de Takuba devait achever le projet n\u00e9o-colonialiste de faire du Mali, de la r\u00e9gion de Menaka, un espace pour entra\u00eenement des arm\u00e9es europ\u00e9ennes, selon le Premier ministre Choguel Kokalla Ma\u00efga. Tirant le\u00e7on de la pr\u00e9sence prolong\u00e9e des forces \u00e9trang\u00e8res, bras arm\u00e9 de puissances \u00e9trang\u00e8res pour imposer leur diktat, les autorit\u00e9s de la transition ont d\u00e9cid\u00e9 d\u2019y mettre fin et de les faire partir. Ces forces obscures \u00e9trang\u00e8res ont attaqu\u00e9 frontalement notre arm\u00e9e \u00e0 Ber, ont attaqu\u00e9 le bateau \u00ab Tombouctou \u00bb, pour faire croire que le Mali ne restera pas debout apr\u00e8s le d\u00e9part des forces \u00e9trang\u00e8res. Mais d\u00e9sormais la persuasion est faite, \u00abrien n\u2019est impossible d\u00e9sormais, impossible n\u2019est pas malien\u00bb, avise le Premier ministre Chguel Kokalla Ma\u00efga.<\/p>\n\n\n\n<p>Avec un Premier ministre issu des rangs du M5-RFP par le pr\u00e9sident de la transition, et avec le gouvernement, les r\u00f4les ont \u00e9t\u00e9 bien d\u00e9finis, chaque ministre s\u2019occupant du sien en restant solidaire des autres. O\u00f9 voulons-nous aller ? La r\u00e9ponse du Premier ministre, \u00abc\u2019est vers un Mali meilleur\u00bb.<\/p>\n\n\n\n<p>Cependant, l\u2019annonce de l\u2019embargo de la CEDEAO a \u00e9t\u00e9 un moment d\u2019\u00e9preuve, qui a occasionn\u00e9 une rencontre entre le Pr\u00e9sident de la transition et son Premier ministre Choguel Kokalla Ma\u00efga, qui ont saisi cette occasion pour partager leurs amertumes, face \u00e0 un Mali dont les fils civils et militaires tombent par dizaines, victime du terrorisme et d\u2019une guerre qui nous est impos\u00e9e, et leur r\u00eave d\u2019un Mali meilleur o\u00f9 les enfants profitent de la s\u00e9curit\u00e9, du respect des autres et du d\u00e9veloppement \u00e9conomique et social.<\/p>\n\n\n\n<p>Le Premier ministre au cours de ce Mali kura Taasira a \u00e9voqu\u00e9 les Assises nationales de la R\u00e9conciliation (ANR du 27 au 30 d\u00e9cembre 2021), qui ont donn\u00e9 une orientation, un sens \u00e0 la transition. Ainsi la Constitution du 22 juillet 2023, l\u2019application intelligente de l\u2019accord d\u2019Alger qui a conduit au contr\u00f4le de la r\u00e9gion de Kidal par les forces maliennes, puis au dialogue inter-maliens dont le comit\u00e9 de pilotage pr\u00e9sid\u00e9 par l\u2019ancien Premier ministre Ousmane Issoufi Ma\u00efga a d\u00e9marr\u00e9 ses travaux; les reformes politiques et institutionnelles; la lutte contre les atteintes aux bien de l\u2019Etat et l\u2019impunit\u00e9, sont les fruits issus de la mise en \u0153uvre en cours des 517 recommandations des ANR.<\/p>\n\n\n\n<p>Le contr\u00f4le de Kidal a permis la nomination de El hadj Gamou comme gouverneur de toute la r\u00e9gion, des Imrad, mais aussi des Ifoghas, des sonrhai. La stabilit\u00e9 dans la r\u00e9gion va permettre d\u2019investir dans tous les secteurs.<\/p>\n\n\n\n<p>Sur la question \u00e9nerg\u00e9tique, le Premier ministre a invit\u00e9 les Maliens \u00e0 faire confiance au Pr\u00e9sident de la Transition, qui en fait une priorit\u00e9. Le partenariat est au beau fixe entre le Mali, la Russie, la Chine, l\u2019Inde etc. La Russie a us\u00e9 de son droit de veto aux Nations-Unies au profit du Mali. Notre pays en sortit grandi. La coop\u00e9ration avec la Russie est au beau fixe, respectant les trois principes: le respect de la souverainet\u00e9 du Mali, le respect des choix strat\u00e9giques et du choix de nos partenaires, et la prise en compte des int\u00e9r\u00eats vitaux du peuple malien dans toutes les d\u00e9cisions prises.<\/p>\n\n\n\n<p>Malgr\u00e9 les difficult\u00e9s actuelles, la transition a consenti \u00e0 un rel\u00e8vement des salaires d\u2019environ 300 milliards, gr\u00e2ce \u00e0 une gestion rationnelle des ressources de l\u2019\u00c9tat. Notre pays a \u00e9t\u00e9 longtemps victime d\u2019atteintes aux biens publics par ses cadres. Selon Choguel Kokalla Ma\u00efga, la diff\u00e9rence entre la quantit\u00e9 d\u2019or d\u00e9clar\u00e9e \u00e0 l\u2019exportation et celle effectivement export\u00e9e d\u00e9passe le budget d\u2019Etat du Mali. Ce qui fait qu\u2019une bonne gouvernance conduira au d\u00e9veloppement de notre pays. Personne ne viendra mourir pour nous, il ne reste plus qu\u2019\u00e0 compter sur nous-m\u00eames.<\/p>\n\n\n\n<p>La lutte contre la corruption doit \u00eatre men\u00e9e avec fermet\u00e9 et les pouvoirs judiciaires, le chef de la magistrature supr\u00eame doivent frapper pour contrer les pilleurs des ressources de prendre le poil de la b\u00eate. Apr\u00e8s la chute du r\u00e9gime, ils avaient peur, mais maintenant ils prennent le poil de la b\u00eate. Regardez cette histoire du concours \u00e0 la fonction publique!<\/p>\n\n\n\n<p>Le renforcement de la souverainet\u00e9 doit se poursuivre, dans le m\u00eame \u00e9lan du contr\u00f4le de Kidal, de Mali kura biom\u00e9trie, des conclusions des Etats g\u00e9n\u00e9raux sectoriels de l\u2019\u00e9ducation, de la jeunesse, de l\u2019\u00e9migration, de la culture (remises au comit\u00e9 de suivi des recommandations des ANR). Dans cet \u00e9lan de reconqu\u00eate de la souverainet\u00e9 pour rompre tous les liens du colonialisme, \u00abla question des \u00e9lections une question subsidiaire. Depuis longtemps, certains veulent pr\u00e9cipiter les \u00e9lections pour qu\u2019on ait&nbsp; dans les six mois apr\u00e8s, un coup d\u2019Etat\u00bb, redoute le Premier ministre Choguel Kokalla Ma\u00efga, qui r\u00e9affirme sa confiance au pr\u00e9sident, qui va trancher. Le pr\u00e9sident va nous donner la date \u00e0 la satisfaction des Maliens, selon le conf\u00e9rencier. Il faut continuer \u00e0 soutenir de fa\u00e7on ind\u00e9fectible et \u00e0 pr\u00e9server l\u2019arm\u00e9e, qui est la colonne vert\u00e9brale du pays. L\u2019id\u00e9e de la mission historique \u00e0 accomplir, avant de remettre le flambeau est claire.<\/p>\n\n\n\n<p><strong>B Daou<\/strong><\/p>\n","protected":false},"excerpt":{"rendered":"<p>Le Premier ministre Choguel Kokalla Ma\u00efga \u00e9tait l\u2019invit\u00e9 de l\u2019\u00e9mission Mali kura Taasira de l\u2019ORTM dont l\u2019enregistrement a eu lieu le 22 f\u00e9vrier 2024 au Centre international des conf\u00e9rences de&hellip;<\/p>\n","protected":false},"author":1,"featured_media":17422,"comment_status":"open","ping_status":"open","sticky":false,"template":"","format":"standard","meta":{"content-type":"","_lmt_disableupdate":"","_lmt_disable":"","_jetpack_memberships_contains_paid_content":false,"footnotes":"","jetpack_publicize_message":"","jetpack_publicize_feature_enabled":true,"jetpack_social_post_already_shared":true,"jetpack_social_options":{"image_generator_settings":{"template":"highway","default_image_id":0,"font":"","enabled":false},"version":2}},"categories":[69,74],"tags":[],"class_list":["post-17420","post","type-post","status-publish","format-standard","has-post-thumbnail","hentry","category-le-republicain-mali","category-nation"],"jetpack_publicize_connections":[],"featured_image_urls":{"full":["https:\/\/nandi.info\/wp-content\/uploads\/2024\/02\/Choguel-Taasira.jpg",680,378,false],"thumbnail":["https:\/\/nandi.info\/wp-content\/uploads\/2024\/02\/Choguel-Taasira-150x150.jpg",150,150,true],"medium":["https:\/\/nandi.info\/wp-content\/uploads\/2024\/02\/Choguel-Taasira-300x167.jpg",300,167,true],"medium_large":["https:\/\/nandi.info\/wp-content\/uploads\/2024\/02\/Choguel-Taasira.jpg",680,378,false],"large":["https:\/\/nandi.info\/wp-content\/uploads\/2024\/02\/Choguel-Taasira.jpg",680,378,false],"1536x1536":["https:\/\/nandi.info\/wp-content\/uploads\/2024\/02\/Choguel-Taasira.jpg",680,378,false],"2048x2048":["https:\/\/nandi.info\/wp-content\/uploads\/2024\/02\/Choguel-Taasira.jpg",680,378,false],"penci-recipe-1200x1200":["https:\/\/nandi.info\/wp-content\/uploads\/2024\/02\/Choguel-Taasira.jpg",680,378,false],"penci-recipe-1200x900":["https:\/\/nandi.info\/wp-content\/uploads\/2024\/02\/Choguel-Taasira.jpg",680,378,false],"penci-recipe-1200x675":["https:\/\/nandi.info\/wp-content\/uploads\/2024\/02\/Choguel-Taasira.jpg",680,378,false],"penci-single-full":["https:\/\/nandi.info\/wp-content\/uploads\/2024\/02\/Choguel-Taasira.jpg",680,378,false],"penci-slider-full-thumb":["https:\/\/nandi.info\/wp-content\/uploads\/2024\/02\/Choguel-Taasira.jpg",680,378,false],"penci-full-thumb":["https:\/\/nandi.info\/wp-content\/uploads\/2024\/02\/Choguel-Taasira.jpg",680,378,false],"penci-slider-thumb":["https:\/\/nandi.info\/wp-content\/uploads\/2024\/02\/Choguel-Taasira.jpg",680,378,false],"penci-magazine-slider":["https:\/\/nandi.info\/wp-content\/uploads\/2024\/02\/Choguel-Taasira.jpg",680,378,false],"penci-thumb":["https:\/\/nandi.info\/wp-content\/uploads\/2024\/02\/Choguel-Taasira.jpg",585,325,false],"penci-masonry-thumb":["https:\/\/nandi.info\/wp-content\/uploads\/2024\/02\/Choguel-Taasira.jpg",585,325,false],"penci-thumb-square":["https:\/\/nandi.info\/wp-content\/uploads\/2024\/02\/Choguel-Taasira.jpg",585,325,false],"penci-thumb-vertical":["https:\/\/nandi.info\/wp-content\/uploads\/2024\/02\/Choguel-Taasira.jpg",480,267,false],"penci-thumb-small":["https:\/\/nandi.info\/wp-content\/uploads\/2024\/02\/Choguel-Taasira.jpg",263,146,false]},"author_info":{"display_name":"Nandi","author_link":"https:\/\/nandi.info\/?author=1"},"category_info":"<a href=\"https:\/\/nandi.info\/?cat=69\" rel=\"category\">Le R\u00e9publicain Mali<\/a> <a href=\"https:\/\/nandi.info\/?cat=74\" rel=\"category\">Nation<\/a>","tag_info":"Nation","comment_count":"0","jetpack_featured_media_url":"https:\/\/nandi.info\/wp-content\/uploads\/2024\/02\/Choguel-Taasira.jpg","jetpack_sharing_enabled":true,"_links":{"self":[{"href":"https:\/\/nandi.info\/index.php?rest_route=\/wp\/v2\/posts\/17420","targetHints":{"allow":["GET"]}}],"collection":[{"href":"https:\/\/nandi.info\/index.php?rest_route=\/wp\/v2\/posts"}],"about":[{"href":"https:\/\/nandi.info\/index.php?rest_route=\/wp\/v2\/types\/post"}],"author":[{"embeddable":true,"href":"https:\/\/nandi.info\/index.php?rest_route=\/wp\/v2\/users\/1"}],"replies":[{"embeddable":true,"href":"https:\/\/nandi.info\/index.php?rest_route=%2Fwp%2Fv2%2Fcomments&post=17420"}],"version-history":[{"count":1,"href":"https:\/\/nandi.info\/index.php?rest_route=\/wp\/v2\/posts\/17420\/revisions"}],"predecessor-version":[{"id":17423,"href":"https:\/\/nandi.info\/index.php?rest_route=\/wp\/v2\/posts\/17420\/revisions\/17423"}],"wp:featuredmedia":[{"embeddable":true,"href":"https:\/\/nandi.info\/index.php?rest_route=\/wp\/v2\/media\/17422"}],"wp:attachment":[{"href":"https:\/\/nandi.info\/index.php?rest_route=%2Fwp%2Fv2%2Fmedia&parent=17420"}],"wp:term":[{"taxonomy":"category","embeddable":true,"href":"https:\/\/nandi.info\/index.php?rest_route=%2Fwp%2Fv2%2Fcategories&post=17420"},{"taxonomy":"post_tag","embeddable":true,"href":"https:\/\/nandi.info\/index.php?rest_route=%2Fwp%2Fv2%2Ftags&post=17420"}],"curies":[{"name":"wp","href":"https:\/\/api.w.org\/{rel}","templated":true}]}}