{"id":17416,"date":"2024-02-26T00:44:40","date_gmt":"2024-02-25T23:44:40","guid":{"rendered":"https:\/\/nandi.info\/?p=17416"},"modified":"2024-02-26T00:45:41","modified_gmt":"2024-02-25T23:45:41","slug":"initiative-pour-la-reussite-de-la-transition-quest-ce-qui-fait-courir-moussa-mara","status":"publish","type":"post","link":"https:\/\/nandi.info\/?p=17416","title":{"rendered":"Initiative pour la r\u00e9ussite de la transition : Qu\u2019est-ce qui fait courir Moussa Mara ?"},"content":{"rendered":"\n<p><strong><em>Son parti, Y\u00e9l\u00e9ma, ayant pr\u00e9sid\u00e9 un moment le regroupement de ceux qui r\u00e9clamaient le retour rapide \u00e0 l\u2019ordre constitutionnel, notamment le Cadre\u2026 l\u2019Ancien Premier ministre, Moussa Mara, se positionne aujourd\u2019hui comme l\u2019un des grands artisans du soutien \u00e0 cette m\u00eame transition et en appelle d\u2019ailleurs \u00e0 l\u2019unit\u00e9 de toutes les forces vives du pays pour la r\u00e9ussite de ladite transition.<\/em><\/strong><\/p>\n\n\n\n<p class=\"has-drop-cap\">Hyper actifs depuis quelques mois, l\u2019Ancien Premier ministre, Moussa Mara ne se prive pas de visibilit\u00e9 lors de c\u00e9r\u00e9monies sociales ou religieuses, dans les activit\u00e9s de jeunesse. Des sph\u00e8res qui ont toujours constitu\u00e9 son terrain de pr\u00e9dilection, lui qui s\u2019est forg\u00e9 une notori\u00e9t\u00e9 au sein de la soci\u00e9t\u00e9 civile avant d\u2019entamer une carri\u00e8re politique. Mais c\u2019est sa tourn\u00e9e nationale pour concr\u00e9tiser son initiative de r\u00e9unir les forces vives du pays autour de la Transition qui attire l\u2019attention et fait penser d\u00e9j\u00e0 \u00e0 une strat\u00e9gie mise en place en vue des prochaines \u00e9lections.<\/p>\n\n\n\n<p>C\u2019est ainsi qu\u2019\u00e0 la suite de son appel aux forces vives du pays et aux autorit\u00e9s, \u00e0 travers une conf\u00e9rence de presse tenue le dimanche 7 janvier 2024,&nbsp;<em>\u201cdans le but de r\u00e9aliser ensemble le succ\u00e8s de la transition\u201d<\/em>&nbsp;dit-il, il a pris son b\u00e2ton de p\u00e8lerin pour des concertations tous azimuts.<\/p>\n\n\n\n<p>En plus de hautes personnalit\u00e9s comme les Premiers ministres Ousmane Issoufi Ma\u00efga, Zoumana Sacko et Modibo Sidib\u00e9, Moussa Mara a rencontr\u00e9 la direction du parti ADEMA et le bureau politique du parti MPM. Il s\u2019est rendu au si\u00e8ge du parti UDD et a discut\u00e9 avec plusieurs organisations de la soci\u00e9t\u00e9 civile, r\u00e9unies pour accompagner la transition. Dans le cadre de son initiative soutenue par son parti, Y\u00e9l\u00e9ma, il a rencontr\u00e9 le Pr\u00e9sident de l\u2019Assembl\u00e9e permanente des chambres d\u2019Agriculture, le bureau de la Chambre des m\u00e9tiers, le Bureau du Conseil national du Patronat du Mali (CNPM) et le Bureau de la Jeune Chambre Internationale JCI. Il a \u00e9t\u00e9 re\u00e7u par les organisations socio-culturelles Irganda et Djina Dogon.<\/p>\n\n\n\n<p>Le monde religieux n\u2019a pas \u00e9t\u00e9 en reste car Moussa Mara a \u00e9t\u00e9 re\u00e7u par des repr\u00e9sentants, associations et autres organisations chr\u00e9tiennes et de grandes familles et personnalit\u00e9s musulmanes.<\/p>\n\n\n\n<p>Mais il faut noter qu\u2019aussit\u00f4t apr\u00e8s son appel \u00e0 travers sa conf\u00e9rence de presse du 7 janvier 2024.&nbsp;<em>\u201cJ\u2019ai adress\u00e9 des demandes de rencontres aux acteurs concern\u00e9s. Les autorit\u00e9s ont promptement r\u00e9agi et j\u2019ai eu l\u2019honneur d\u2019\u00eatre re\u00e7u successivement par le Ministre de la D\u00e9fense et celui en charge de l\u2019administration du territoire. Avec mes interlocuteurs nous avons discut\u00e9 des voies et moyens permettant de concr\u00e9tiser l\u2019initiative de rassemblement autour de la transition\u201d<\/em>&nbsp;indiquait-il sur sa page Facebook.<\/p>\n\n\n\n<p>Rappelons aussi que, dans le cadre de son initiative de rassembler les forces vives autour de la transition, il a \u00e9t\u00e9 re\u00e7u par le Premier ministre \u00e0 ses bureaux.&nbsp;<em>\u201cJ\u2019ai pr\u00e9sent\u00e9 la d\u00e9marche et fait un point avec le chef du Gouvernement des diff\u00e9rentes d\u00e9marches engag\u00e9es. Nous sommes convenus de poursuivre les efforts pour assurer l\u2019unit\u00e9 des Maliens en cette p\u00e9riode particuli\u00e8rement sensible de notre histoire\u201d<\/em>&nbsp;a pr\u00e9cis\u00e9 Moussa Mara.<\/p>\n\n\n\n<p>Notons aussi que l\u2019Ancien Premier ministre a s\u00e9journ\u00e9 dans plusieurs localit\u00e9s \u00e0 l\u2019int\u00e9rieur du pays et partout o\u00f9 il est parti, il a \u00e9t\u00e9 \u00e9voqu\u00e9 l\u2019initiative de r\u00e9unir les forces vives du pays pour la r\u00e9ussite de la transition.&nbsp;<em>\u201cJ\u2019ai partag\u00e9 avec mes interlocuteurs les fondements de l\u2019initiative et les activit\u00e9s men\u00e9es jusqu\u2019\u00e0 pr\u00e9sent\u201d,&nbsp;<\/em>dit-il. Mais qu\u2019est-ce qui fait courir Moussa Mara ?&nbsp;<em>\u201cRester silencieux en ces temps difficiles et esp\u00e9rer que les autorit\u00e9s actuelles vont tomber n\u2019est pas la solution pour notre pays. Donnons-nous la main et tendons la main aux autorit\u00e9s de la transition, qui doivent \u00e9galement \u00e9couter et collaborer pour surmonter ces temps compliqu\u00e9s et veiller \u00e0 ce que la phase finale de la transition se d\u00e9roule sans heurts ! C\u2019est mon pari, et je vais tendre la main \u00e0 tout le monde pour le prendre inchallah\u201d<\/em>, d\u00e9clarait-il lors de sa conf\u00e9rence de presse.<\/p>\n\n\n\n<p>Moussa Mara reste optimiste :&nbsp;<em>\u201cAvec mes interlocuteurs, nous avons discut\u00e9 des voies et moyens permettant de concr\u00e9tiser l\u2019initiative de rassemblement autour de la transition. Je reste optimiste pour la suite\u201d<\/em>, d\u00e9clare-t-il en faisant le compte rendu d\u2019une de ses rencontres sur sa page Facebook.<\/p>\n\n\n\n<p>Mais au-del\u00e0 de cette d\u00e9claration d\u2019intention, que cherche vraiment Moussa Mara qui est pass\u00e9 d\u2019une logique d\u2019exigence de retour \u00e0 l\u2019ordre constitutionnel \u00e0 un appel \u00e0 l\u2019unit\u00e9 pour la r\u00e9ussite de la Transition ? En effet, son parti, le Y\u00e9l\u00e9ma \u00e9tait une des figures de proue du Cadre de concertation qui avait ce retour \u00e0 l\u2019ordre constitutionnel comme leitmotiv. La sortie de ce regroupement que Y\u00e9l\u00e9ma a pr\u00e9sid\u00e9, pr\u00e9sageait-il de ce changement de cap ?<\/p>\n\n\n\n<p>En tout cas, la d\u00e9marche de Moussa Mara, m\u00eame si elle est louable, laisse les acteurs politiques sur leur garde parce qu\u2019\u00e0 la fin de la Transition.&nbsp;<em>\u201cLorsque les marrons seront d\u00e9cern\u00e9s \u00e0 ceux qui auront \u0153uvr\u00e9 pour sa r\u00e9ussite, il y aura bousculade au portillon des autorit\u00e9s actuelles. Se faire remarquer d\u00e8s \u00e0 pr\u00e9sent n\u2019est pas mauvaise chose. Et qui sait, \u00eatre le joker civil des autorit\u00e9s militaires de la Transition, en reconnaissance des services effectu\u00e9s, c\u2019est un bon atout pour les \u00e9lections \u00e0 venir\u201d<\/em>&nbsp;nous r\u00e9torque le chef d\u2019un parti politique.<\/p>\n\n\n\n<p><strong>Amadou DIARRA<\/strong><\/p>\n","protected":false},"excerpt":{"rendered":"<p>Son parti, Y\u00e9l\u00e9ma, ayant pr\u00e9sid\u00e9 un moment le regroupement de ceux qui r\u00e9clamaient le retour rapide \u00e0 l\u2019ordre constitutionnel, notamment le Cadre\u2026 l\u2019Ancien Premier ministre, Moussa Mara, se positionne aujourd\u2019hui&hellip;<\/p>\n","protected":false},"author":1,"featured_media":17417,"comment_status":"open","ping_status":"open","sticky":false,"template":"","format":"standard","meta":{"content-type":"","_lmt_disableupdate":"","_lmt_disable":"","_jetpack_memberships_contains_paid_content":false,"footnotes":"","jetpack_publicize_message":"","jetpack_publicize_feature_enabled":true,"jetpack_social_post_already_shared":true,"jetpack_social_options":{"image_generator_settings":{"template":"highway","default_image_id":0,"font":"","enabled":false},"version":2}},"categories":[19,23],"tags":[],"class_list":["post-17416","post","type-post","status-publish","format-standard","has-post-thumbnail","hentry","category-aujourdhui-mali","category-politique"],"jetpack_publicize_connections":[],"featured_image_urls":{"full":["https:\/\/nandi.info\/wp-content\/uploads\/2024\/02\/Moussa-Mara-696x450-1.jpg",696,450,false],"thumbnail":["https:\/\/nandi.info\/wp-content\/uploads\/2024\/02\/Moussa-Mara-696x450-1-150x150.jpg",150,150,true],"medium":["https:\/\/nandi.info\/wp-content\/uploads\/2024\/02\/Moussa-Mara-696x450-1-300x194.jpg",300,194,true],"medium_large":["https:\/\/nandi.info\/wp-content\/uploads\/2024\/02\/Moussa-Mara-696x450-1.jpg",696,450,false],"large":["https:\/\/nandi.info\/wp-content\/uploads\/2024\/02\/Moussa-Mara-696x450-1.jpg",696,450,false],"1536x1536":["https:\/\/nandi.info\/wp-content\/uploads\/2024\/02\/Moussa-Mara-696x450-1.jpg",696,450,false],"2048x2048":["https:\/\/nandi.info\/wp-content\/uploads\/2024\/02\/Moussa-Mara-696x450-1.jpg",696,450,false],"penci-recipe-1200x1200":["https:\/\/nandi.info\/wp-content\/uploads\/2024\/02\/Moussa-Mara-696x450-1.jpg",696,450,false],"penci-recipe-1200x900":["https:\/\/nandi.info\/wp-content\/uploads\/2024\/02\/Moussa-Mara-696x450-1.jpg",696,450,false],"penci-recipe-1200x675":["https:\/\/nandi.info\/wp-content\/uploads\/2024\/02\/Moussa-Mara-696x450-1.jpg",696,450,false],"penci-single-full":["https:\/\/nandi.info\/wp-content\/uploads\/2024\/02\/Moussa-Mara-696x450-1.jpg",696,450,false],"penci-slider-full-thumb":["https:\/\/nandi.info\/wp-content\/uploads\/2024\/02\/Moussa-Mara-696x450-1.jpg",696,450,false],"penci-full-thumb":["https:\/\/nandi.info\/wp-content\/uploads\/2024\/02\/Moussa-Mara-696x450-1.jpg",696,450,false],"penci-slider-thumb":["https:\/\/nandi.info\/wp-content\/uploads\/2024\/02\/Moussa-Mara-696x450-1.jpg",696,450,false],"penci-magazine-slider":["https:\/\/nandi.info\/wp-content\/uploads\/2024\/02\/Moussa-Mara-696x450-1.jpg",696,450,false],"penci-thumb":["https:\/\/nandi.info\/wp-content\/uploads\/2024\/02\/Moussa-Mara-696x450-1.jpg",585,378,false],"penci-masonry-thumb":["https:\/\/nandi.info\/wp-content\/uploads\/2024\/02\/Moussa-Mara-696x450-1.jpg",585,378,false],"penci-thumb-square":["https:\/\/nandi.info\/wp-content\/uploads\/2024\/02\/Moussa-Mara-696x450-1.jpg",585,378,false],"penci-thumb-vertical":["https:\/\/nandi.info\/wp-content\/uploads\/2024\/02\/Moussa-Mara-696x450-1.jpg",480,310,false],"penci-thumb-small":["https:\/\/nandi.info\/wp-content\/uploads\/2024\/02\/Moussa-Mara-696x450-1.jpg",263,170,false]},"author_info":{"display_name":"Nandi","author_link":"https:\/\/nandi.info\/?author=1"},"category_info":"<a href=\"https:\/\/nandi.info\/?cat=19\" rel=\"category\">Aujourd\u2019hui Mali<\/a> <a href=\"https:\/\/nandi.info\/?cat=23\" rel=\"category\">Politique<\/a>","tag_info":"Politique","comment_count":"0","jetpack_featured_media_url":"https:\/\/nandi.info\/wp-content\/uploads\/2024\/02\/Moussa-Mara-696x450-1.jpg","jetpack_sharing_enabled":true,"_links":{"self":[{"href":"https:\/\/nandi.info\/index.php?rest_route=\/wp\/v2\/posts\/17416","targetHints":{"allow":["GET"]}}],"collection":[{"href":"https:\/\/nandi.info\/index.php?rest_route=\/wp\/v2\/posts"}],"about":[{"href":"https:\/\/nandi.info\/index.php?rest_route=\/wp\/v2\/types\/post"}],"author":[{"embeddable":true,"href":"https:\/\/nandi.info\/index.php?rest_route=\/wp\/v2\/users\/1"}],"replies":[{"embeddable":true,"href":"https:\/\/nandi.info\/index.php?rest_route=%2Fwp%2Fv2%2Fcomments&post=17416"}],"version-history":[{"count":2,"href":"https:\/\/nandi.info\/index.php?rest_route=\/wp\/v2\/posts\/17416\/revisions"}],"predecessor-version":[{"id":17419,"href":"https:\/\/nandi.info\/index.php?rest_route=\/wp\/v2\/posts\/17416\/revisions\/17419"}],"wp:featuredmedia":[{"embeddable":true,"href":"https:\/\/nandi.info\/index.php?rest_route=\/wp\/v2\/media\/17417"}],"wp:attachment":[{"href":"https:\/\/nandi.info\/index.php?rest_route=%2Fwp%2Fv2%2Fmedia&parent=17416"}],"wp:term":[{"taxonomy":"category","embeddable":true,"href":"https:\/\/nandi.info\/index.php?rest_route=%2Fwp%2Fv2%2Fcategories&post=17416"},{"taxonomy":"post_tag","embeddable":true,"href":"https:\/\/nandi.info\/index.php?rest_route=%2Fwp%2Fv2%2Ftags&post=17416"}],"curies":[{"name":"wp","href":"https:\/\/api.w.org\/{rel}","templated":true}]}}