{"id":17316,"date":"2024-02-15T11:05:00","date_gmt":"2024-02-15T10:05:00","guid":{"rendered":"https:\/\/nandi.info\/?p=17316"},"modified":"2024-02-16T11:27:31","modified_gmt":"2024-02-16T10:27:31","slug":"communique-du-conseil-des-ministres-du-mercredi-14-fevrier-2024-cm-n2024-07-sgg","status":"publish","type":"post","link":"https:\/\/nandi.info\/?p=17316","title":{"rendered":"Communiqu\u00e9 du conseil des ministres du mercredi 14 f\u00e9vrier 2024\/cm n\u00b02024-07\/SGG"},"content":{"rendered":"\n<p>Le Conseil des Ministres s\u2019est r\u00e9uni en session ordinaire,&nbsp;<strong>le mercredi 14 f\u00e9vrier 2024<\/strong>, dans sa salle de d\u00e9lib\u00e9rations au Palais de Koulouba, sous la pr\u00e9sidence du&nbsp;<strong>Colonel Assimi GOITA<\/strong>,&nbsp;<strong>Pr\u00e9sident de la Transition<\/strong>,&nbsp;<strong>Chef de l\u2019Etat<\/strong>.<\/p>\n\n\n\n<p>Apr\u00e8s examen des points inscrits \u00e0 l\u2019ordre du jour, le Conseil a :<\/p>\n\n\n\n<ul class=\"wp-block-list\">\n<li>adopt\u00e9 des projets de texte ;<\/li>\n\n\n\n<li>proc\u00e9d\u00e9 \u00e0 des nominations ;<\/li>\n\n\n\n<li>et entendu des communications.<\/li>\n<\/ul>\n\n\n\n<h1 class=\"wp-block-heading has-medium-font-size\">AU CHAPITRE DES MESURES LEGISLATIVES ET REGLEMENTAIRES<\/h1>\n\n\n\n<ol class=\"wp-block-list\">\n<li>Sur le rapport du ministre de la R\u00e9conciliation, de la paix et de la Coh\u00e9sion nationale, Charg\u00e9 de l\u2019Accord pour la Paix et la R\u00e9conciliation nationale, le Conseil des Ministres a adopt\u00e9&nbsp;<strong>des projets de texte relatifs \u00e0 la cr\u00e9ation, \u00e0 l\u2019organisation et aux modalit\u00e9s de fonctionnement du Centre pour la Promotion de la Paix et de l\u2019Unit\u00e9 au Mali.<\/strong><\/li>\n<\/ol>\n\n\n\n<p>Les graves crises, notamment les r\u00e9bellions, les violences politiques et les conflits inter ou intracommunautaires ont cr\u00e9\u00e9 chez le citoyen en g\u00e9n\u00e9ral et les victimes en particulier, un \u00e9norme besoin de justice et de r\u00e9paration, de fixer ces faits dans la m\u00e9moire collective nationale et internationale et d\u2019obtenir de l\u2019Etat une garantie de leur non r\u00e9p\u00e9tition.<\/p>\n\n\n\n<p>En vue de pr\u00e9server la m\u00e9moire historique des p\u00e9riodes de violence et de r\u00e9pression, des initiatives \u00e9ducatives indispensables ont \u00e9t\u00e9 envisag\u00e9es pour permettre d\u2019\u00e9tablir une m\u00e9moire publique qui sert de bastion contre le d\u00e9ni et la r\u00e9cidive.<\/p>\n\n\n\n<p>Dans cette perspective, le Gouvernement a opt\u00e9 pour la justice transitionnelle pour \u00e9tablir la paix, construire le tissu social en vue d\u2019un meilleur vivre ensemble et d\u2019aboutir \u00e0 la r\u00e9conciliation nationale.<\/p>\n\n\n\n<p>L\u2019architecture institutionnelle mise en place \u00e0 cet effet doit \u00eatre compl\u00e9t\u00e9e pour une meilleure conservation des m\u00e9moires collectives en vue de garantir la non-r\u00e9p\u00e9tition des \u00e9v\u00e8nements douloureux.<\/p>\n\n\n\n<p>Les projets de texte adopt\u00e9s cr\u00e9ent le Centre pour la Promotion de la Paix et de l\u2019Unit\u00e9 au Mali, sous la forme d\u2019un Etablissement public \u00e0 caract\u00e8re scientifique et technologique avec pour mission d\u2019entreprendre des recherches relatives \u00e0 la conservation de m\u00e9moire des violations graves des droits de l\u2019Homme commises lors des crises au Mali depuis 1960.<\/p>\n\n\n\n<p>La cr\u00e9ation du Centre permettra notamment :<\/p>\n\n\n\n<ul class=\"wp-block-list\">\n<li>de concevoir et de mettre en place des programmes de recherches, de formation des citoyens et autres manifestations scientifiques sur la promotion de la paix et la non r\u00e9p\u00e9tition des conflits ;<\/li>\n\n\n\n<li>de construire le tissu social pour un vivre ensemble harmonieux ;&nbsp;<strong>\u2013<\/strong>&nbsp;de contribuer \u00e0 la coh\u00e9sion et \u00e0 la r\u00e9conciliation nationale ;&nbsp;<strong>\u2013<\/strong><strong>&nbsp;&nbsp;&nbsp;&nbsp;&nbsp;&nbsp;<\/strong>de consolider la paix durable.<\/li>\n<\/ul>\n\n\n\n<ol class=\"wp-block-list\" start=\"2\">\n<li>Sur le rapport du ministre de l\u2019Economie et des Finances, le Conseil des Ministres a adopt\u00e9&nbsp;<strong>un projet de d\u00e9cret portant approbation du march\u00e9 relatif aux travaux de construction de l\u2019immeuble R+8 du si\u00e8ge de la Direction g\u00e9n\u00e9rale des Imp\u00f4ts en lot unique<\/strong>.<\/li>\n<\/ol>\n\n\n\n<p>Le march\u00e9 est conclu entre le Gouvernement de la R\u00e9publique du Mali et l\u2019Entreprise CHECEC pour un montant de 15 milliards 999 millions 109 mille 681 francs CFA, toutes taxes comprises et un d\u00e9lai d\u2019ex\u00e9cution de 36 mois.<\/p>\n\n\n\n<p>La r\u00e9alisation de ce projet permettra d\u2019am\u00e9liorer les conditions de travail de l\u2019Administration fiscale.<strong>&nbsp;&nbsp;&nbsp;&nbsp;&nbsp;<\/strong><\/p>\n\n\n\n<p><strong><u>AU CHAPITRE DES MESURES INDIVIDUELLES<\/u><\/strong><\/p>\n\n\n\n<p>Le Conseil des Ministres a proc\u00e9d\u00e9 aux nominations suivantes :<\/p>\n\n\n\n<h1 class=\"wp-block-heading has-medium-font-size\">AU TITRE DU MINISTERE DE DE LA REFONDATION DE L\u2019ETAT<\/h1>\n\n\n\n<ul class=\"wp-block-list\">\n<li><strong>Secr\u00e9taire G\u00e9n\u00e9ral :<\/strong><\/li>\n<\/ul>\n\n\n\n<p>Monsieur Ibrahim SIMPARA, Inspecteur des Imp\u00f4ts.<\/p>\n\n\n\n<ul class=\"wp-block-list\">\n<li><strong>Commissaire au D\u00e9veloppement Institutionnel :<\/strong><\/li>\n<\/ul>\n\n\n\n<p>Monsieur Mamadou DEMBELE, Professeur principal de l\u2019Enseignement secondaire g\u00e9n\u00e9ral.<\/p>\n\n\n\n<h1 class=\"wp-block-heading has-medium-font-size\">AU TITRE DU MINISTERE DES AFFAIRES ETRANGERES ET DE LA COOPERATION INTERNATIONALE<\/h1>\n\n\n\n<p>&nbsp;&nbsp;&nbsp;&nbsp;&nbsp;&nbsp;<strong>\u2013<\/strong><strong>&nbsp;&nbsp;&nbsp;&nbsp; Ambassadeur, Directeur de la Coop\u00e9ration Multilat\u00e9rale :<\/strong><\/p>\n\n\n\n<p>Monsieur Kanisson COULIBALY, Conseiller des Affaires Etrang\u00e8res.<\/p>\n\n\n\n<h1 class=\"wp-block-heading has-medium-font-size\">AU TITRE DU MINISTERE DE L\u2019AGRICULTURE<\/h1>\n\n\n\n<ul class=\"wp-block-list\">\n<li><strong>Inspecteur \u00e0 l\u2019Inspection de l\u2019Agriculture :<\/strong><\/li>\n<\/ul>\n\n\n\n<p>Monsieur Mamadou TOGOLA, Ing\u00e9nieur de l\u2019Agriculture et du G\u00e9nie Rural.<\/p>\n\n\n\n<ul class=\"wp-block-list\">\n<li><strong>Pr\u00e9sident Directeur G\u00e9n\u00e9ral de l\u2019Office du Niger :<\/strong><\/li>\n<\/ul>\n\n\n\n<p>Monsieur Badara Aliou TRAORE, Ing\u00e9nieur en G\u00e9nie civil.<\/p>\n\n\n\n<h1 class=\"wp-block-heading has-medium-font-size\">AU TITRE DU MINISTERE DE L\u2019ENTREPRENARIAT NATIONAL, DE L\u2019EMPLOI ET DE LA FORMATION PROFESSIONNELLE<\/h1>\n\n\n\n<p>&nbsp;&nbsp;&nbsp;&nbsp;&nbsp;&nbsp;<strong>\u2013<\/strong><strong>&nbsp;&nbsp;&nbsp;&nbsp; Charg\u00e9 de mission :<\/strong><\/p>\n\n\n\n<p>Monsieur Drissa DIOUARA, Journaliste-R\u00e9alisateur.<\/p>\n\n\n\n<h1 class=\"wp-block-heading has-medium-font-size\">AU TITRE DU MINISTERE DE L\u2019ARTISANAT, DE LA CULTURE, DE L\u2019INDUSTRIE HOTELIERE ET DU TOURISME<\/h1>\n\n\n\n<ul class=\"wp-block-list\">\n<li><strong>Charg\u00e9 de mission :<\/strong><\/li>\n<\/ul>\n\n\n\n<p>Monsieur Alpha Atikou MAIGA, Journaliste-R\u00e9alisateur.<\/p>\n\n\n\n<ul class=\"wp-block-list\">\n<li><strong>Directeur G\u00e9n\u00e9ral du Conservatoire des Arts et M\u00e9tiers Multim\u00e9dia Balla Fass\u00e9k\u00e9 KOUYATE :<\/strong><\/li>\n<\/ul>\n\n\n\n<p>Monsieur Oumar KAMARA dit KAMARA KA, Enseignant-chercheur.<\/p>\n\n\n\n<ul class=\"wp-block-list\">\n<li><strong>Directeur national des Biblioth\u00e8ques et de la Documentation :<\/strong><\/li>\n<\/ul>\n\n\n\n<p>Monsieur Amadou SIDIBE, Administrateur des Arts et de la Culture.<\/p>\n\n\n\n<h1 class=\"wp-block-heading has-medium-font-size\">AU CHAPITRE DES COMMUNICATIONS<\/h1>\n\n\n\n<ol class=\"wp-block-list\">\n<li>Le ministre de la Justice et des Droits de l\u2019Homme, Garde des Sceaux a inform\u00e9 le Conseil des Ministres<strong>&nbsp;de la tenue de la \u00ab Semaine Nationale pour l\u2019Harmonisation et l\u2019Utilisation des Symboles de l\u2019Etat \u00bb.<\/strong><\/li>\n<\/ol>\n\n\n\n<p>Le Minist\u00e8re de la Justice et des Droits de l\u2019Homme, conform\u00e9ment \u00e0 la vision du Pr\u00e9sident de la Transition, Chef de l\u2019Etat, se propose de mieux encadrer l\u2019usage des symboles de l\u2019Etat, attributs majeurs de la R\u00e9publique.<\/p>\n\n\n\n<p>De la proclamation de la R\u00e9publique du Mali \u00e0 ce jour, des lois constitutionnelles et ordinaires ont permis de d\u00e9finir et consacrer les diff\u00e9rents symboles de l\u2019Etat, dont cinq (05) fondamentaux, que sont : le Drapeau, la Devise, l\u2019Hymne national, le Sceau et les Armoiries.<\/p>\n\n\n\n<p>Les symboles de l\u2019Etat r\u00e9pondent \u00e0 trois (03) principes de base :<\/p>\n\n\n\n<ul class=\"wp-block-list\">\n<li><strong>la souverainet\u00e9 :&nbsp;<\/strong>caract\u00e8re unique inali\u00e9nable ;<\/li>\n\n\n\n<li><strong>l\u2019exclusivit\u00e9<\/strong>&nbsp;: droit d\u2019usage strictement r\u00e9serv\u00e9, soumis \u00e0 autorisation et contr\u00f4le ; \u2013&nbsp;<strong>la conformit\u00e9<\/strong>&nbsp;: normalisation, invariabilit\u00e9, standard.<\/li>\n<\/ul>\n\n\n\n<p>Il a \u00e9t\u00e9 donn\u00e9 de constater, \u00e0 la pratique, des erreurs, vices et anomalies dans la configuration, l\u2019interpr\u00e9tation, les modalit\u00e9s et les conditions d\u2019arborer le drapeau, l\u2019application et la reproduction desdits symboles, et leur emploi anarchique. Ces irr\u00e9gularit\u00e9s s\u2019imputent habituellement \u00e0 une m\u00e9connaissance de l\u2019objet, non seulement par les citoyens, mais aussi par certains agents de l\u2019Etat, en l\u2019absence parfois de textes juridiques de r\u00e9f\u00e9rence.<\/p>\n\n\n\n<p>En vue de trouver une solution p\u00e9renne aux difficult\u00e9s soulev\u00e9es, il est pr\u00e9vu d\u2019organiser une \u00ab Semaine Nationale pour l\u2019Harmonisation et l\u2019Utilisation des Symboles de l\u2019Etat \u00bb pour bannir leur utilisation d\u00e9sordonn\u00e9e et frauduleuse et mettre fin \u00e0 leurs violations \u00e0 la fois profane ou d\u00e9lictuelle.<\/p>\n\n\n\n<p>La \u00ab Semaine Nationale pour l\u2019Harmonisation et l\u2019Utilisation des Symboles de l\u2019Etat \u00bb a pour but entre autres :<\/p>\n\n\n\n<ul class=\"wp-block-list\">\n<li>de sauvegarder l\u2019image, le cr\u00e9dit et l\u2019autorit\u00e9 de l\u2019Etat \u00e0 travers sa marque dans les actes ;<\/li>\n\n\n\n<li>d\u2019illustrer et de promouvoir aupr\u00e8s des citoyens le sens de la R\u00e9publique et la perception conforme de la civilit\u00e9 institutionnelle ;<\/li>\n\n\n\n<li>d\u2019informer et de sensibiliser les populations pour pr\u00e9venir les pr\u00e9judices de la transgression des symboles et les mettre \u00e0 l\u2019abri des risques \u00e9ventuels de profanation ;<\/li>\n\n\n\n<li>de communiquer afin de favoriser et canaliser l\u2019appropriation citoyenne des symboles de l\u2019Etat comme moyen de cultiver l\u2019esprit patriotique et d\u2019exalter le sentiment national.<\/li>\n<\/ul>\n\n\n\n<p>Les activit\u00e9s de la semaine nationale pour l\u2019harmonisation et l\u2019utilisation des symboles de l\u2019Etat seront lanc\u00e9es le vendredi 23 f\u00e9vrier 2024.<\/p>\n\n\n\n<ol class=\"wp-block-list\" start=\"2\">\n<li>Le ministre de l\u2019Economie et des Finances a inform\u00e9 le Conseil des Ministres&nbsp;<strong>de l\u2019organisation de la 28<sup>\u00e8me<\/sup>&nbsp;r\u00e9union du Comit\u00e9 des experts et de la 30<sup>\u00e8me<\/sup>&nbsp;Conf\u00e9rence des Directeurs G\u00e9n\u00e9raux des Douanes de la R\u00e9gion Afrique Occidentale et Centrale de l\u2019Organisation Mondiale des Douanes.<\/strong><\/li>\n<\/ol>\n\n\n\n<p>La 29<sup>\u00e8me<\/sup>&nbsp;Conf\u00e9rence des Directeurs G\u00e9n\u00e9raux des Douanes de la R\u00e9gion Afrique Occidentale et<\/p>\n\n\n\n<p>Centrale de l\u2019Organisation Mondiale des Douanes a d\u00e9sign\u00e9 le Mali pour organiser la 30<sup>\u00e8me<\/sup>&nbsp;Conf\u00e9rence des Directeurs G\u00e9n\u00e9raux des Douanes de ladite R\u00e9gion. Cette importante activit\u00e9 se tient de fa\u00e7on tournante dans un pays membre de la R\u00e9gion Afrique Occidentale et Centrale.<\/p>\n\n\n\n<p>La Conf\u00e9rence des Directeurs G\u00e9n\u00e9raux se prononce en dernier ressort sur toutes les activit\u00e9s et d\u00e9cisions relevant du domaine douanier de la R\u00e9gion. Elle a, entre autres, pour objectifs :<\/p>\n\n\n\n<ul class=\"wp-block-list\">\n<li>d\u2019\u00e9tudier toutes les questions relatives \u00e0 la coop\u00e9ration douani\u00e8re que les Membres de la R\u00e9gion ont convenu de promouvoir ;<\/li>\n\n\n\n<li>d\u2019examiner les aspects techniques des r\u00e9gimes douaniers, ainsi que les facteurs \u00e9conomiques qui s\u2019y attachent, en vue de proposer \u00e0 ses Membres des moyens pratiques pour obtenir le plus haut degr\u00e9 d\u2019harmonisation et d\u2019uniformit\u00e9 ;<\/li>\n\n\n\n<li>de faire des recommandations pour assurer l\u2019interpr\u00e9tation et l\u2019application uniformes des instruments et outils de l\u2019Organisation Mondiale des Douanes ;<\/li>\n\n\n\n<li>d\u2019assurer la diffusion des informations relatives \u00e0 la r\u00e9glementation et \u00e0 la technique douani\u00e8res ;<\/li>\n\n\n\n<li>de fournir aux Administrations des Douanes de la R\u00e9gion des informations ou des avis sur les questions douani\u00e8res et de faire des recommandations ;<\/li>\n\n\n\n<li>de coop\u00e9rer avec les autres organisations intergouvernementales au sujet des mati\u00e8res relevant de sa comp\u00e9tence.<\/li>\n<\/ul>\n\n\n\n<p>La 28<sup>\u00e8me&nbsp;<\/sup>r\u00e9union du Comit\u00e9 des experts et la 30<sup>\u00e8me<\/sup>&nbsp;Conf\u00e9rence des Directeurs G\u00e9n\u00e9raux des Douanes de la R\u00e9gion Afrique Occidentale et Centrale de l\u2019Organisation Mondiale des Douanes se tiendront du 26 au 31 mai 2024 \u00e0 Bamako.<\/p>\n\n\n\n<ol class=\"wp-block-list\" start=\"3\">\n<li>Le ministre du Travail, de la Fonction publique et du Dialogue social a propos\u00e9 au Conseil des Ministres&nbsp;<strong>l\u2019abrogation de certains d\u00e9crets portant nomination au Minist\u00e8re du Travail, de la Fonction publique et du Dialogue social.<\/strong><\/li>\n<\/ol>\n\n\n\n<p>La d\u00e9couverte d\u2019un vaste r\u00e9seau de fraudes ayant entach\u00e9 la cr\u00e9dibilit\u00e9 du concours de recrutement dans la Fonction publique de l\u2019Etat, exercice budg\u00e9taire 2023, le Conseil des Ministres a proc\u00e9d\u00e9 \u00e0 l\u2019abrogation des d\u00e9crets de nomination de certains agents du Minist\u00e8re du Travail, de la Fonction publique et du Dialogue social.<\/p>\n\n\n\n<ol class=\"wp-block-list\" start=\"4\">\n<li>Le ministre de la Jeunesse et des Sports, Charg\u00e9 de l\u2019Instruction civique et de la Construction citoyenne a inform\u00e9 le Conseil des Ministres :\n<ol class=\"wp-block-list\">\n<li><strong>de la mobilisation populaire de la jeunesse pour soutenir la d\u00e9cision de retrait de la Communaut\u00e9 Economique des Etats de l\u2019Afrique de l\u2019Ouest du Burkina Faso, du Mali et du Niger.<\/strong><\/li>\n<\/ol>\n<\/li>\n<\/ol>\n\n\n\n<p>Organis\u00e9e le 1<sup>er<\/sup>&nbsp;f\u00e9vrier 2024 dans dix-sept (17) r\u00e9gions et le District de Bamako, la mobilisation a concern\u00e9 plus de 200 000 jeunes \u00e0 travers le pays.<\/p>\n\n\n\n<p>Cette mobilisation populaire avait pour objectif d\u2019amener les jeunes \u00e0 un \u00e9veil de conscience en cernant le contexte et les avantages de la d\u00e9cision de retrait de la CEDEAO des pays de l\u2019Alliance des Etats du Sahel, \u00e0 soutenir les autorit\u00e9s dans cet \u00e9lan patriotique et panafricain et \u00e0 s\u2019unir davantage autour des actions \u00e0 engager pour le plein exercice de la souverainet\u00e9 nationale.<\/p>\n\n\n\n<p>Elle a permis aux jeunes de comprendre les motivations qui ont amen\u00e9es les Etats de l\u2019Alliance \u00e0 se retirer de la CEDEAO et de s\u2019engager r\u00e9solument \u00e0 soutenir les autorit\u00e9s.<\/p>\n\n\n\n<ol class=\"wp-block-list\">\n<li><strong>de la mise en route du 5<sup>\u00e8me<\/sup>&nbsp;contingent du Service national des Jeunes pour le service militaire obligatoire.<\/strong><\/li>\n<\/ol>\n\n\n\n<p>Ce 5<sup>\u00e8me<\/sup>&nbsp;contingent est compos\u00e9 de huit cent cinquante-deux (852) \u00e9l\u00e9ments dont :<\/p>\n\n\n\n<ul class=\"wp-block-list\">\n<li>Cent vingt-sept (127) \u00e9l\u00e8ves fonctionnaires de l\u2019Ecole nationale d\u2019Administration ;<\/li>\n\n\n\n<li>Quatre cent soixante-seize (476) enseignants des collectivit\u00e9s territoriales ;<\/li>\n\n\n\n<li>Cent (100) auditeurs de justice ;<\/li>\n\n\n\n<li>Cent vingt (120) greffiers en chef ;<\/li>\n\n\n\n<li>Dix-huit (18) admis de la Fonction publique de l\u2019Etat du 3<sup>\u00e8me<\/sup>&nbsp;contingent ;<\/li>\n\n\n\n<li>Onze (11) admis de la Fonction publique de l\u2019Etat du 4<sup>\u00e8me<\/sup><\/li>\n<\/ul>\n\n\n\n<p>Leur mise en route est pr\u00e9vue le 19 f\u00e9vrier 2024.<\/p>\n\n\n\n<ol class=\"wp-block-list\" start=\"5\">\n<li>Le ministre de l\u2019Elevage et de la P\u00eache a inform\u00e9 le Conseil des Ministres&nbsp;<strong>du processus d\u2019\u00e9laboration du label viande rouge et ses d\u00e9riv\u00e9s du Mali.<\/strong><\/li>\n<\/ol>\n\n\n\n<p>Le sous-secteur de l\u2019\u00e9levage est un maillon important de l\u2019\u00e9conomie nationale de par sa contribution au PIB et aux revenus des m\u00e9nages. La fili\u00e8re b\u00e9tail viande dispose d\u2019un potentiel important d\u2019animaux d\u2019embouche qui m\u00e9ritent d\u2019\u00eatre valoris\u00e9s.<\/p>\n\n\n\n<p>C\u2019est dans ce cadre que le Programme d\u2019Appui \u00e0 la Comp\u00e9titivit\u00e9 en Afrique de l\u2019Ouest en partenariat avec l\u2019Interprofession de la Fili\u00e8re B\u00e9tail viande du Mali, a r\u00e9alis\u00e9 \u00ab l\u2019\u00e9tude de faisabilit\u00e9 de la Marque Collective et le d\u00e9veloppement d\u2019un Label viande rouge et ses d\u00e9riv\u00e9s du Mali pour la fili\u00e8re b\u00e9tail\/Viande \u00bb.<\/p>\n\n\n\n<p>Le label qui sera mis en place va permettre aux acteurs de la fili\u00e8re :<\/p>\n\n\n\n<ul class=\"wp-block-list\">\n<li>de valoriser et de promouvoir la viande rouge et ses d\u00e9riv\u00e9s ;<\/li>\n\n\n\n<li>de d\u00e9velopper des opportunit\u00e9s pour la viande rouge et ses d\u00e9riv\u00e9s ;<\/li>\n\n\n\n<li>de renforcer l\u2019information des consommateurs sur la viande rouge et ses d\u00e9riv\u00e9s ; -de renforcer les liens entre les acteurs de la fili\u00e8re.<\/li>\n<\/ul>\n\n\n\n<ol class=\"wp-block-list\" start=\"6\">\n<li>Le ministre de la Sant\u00e9 et du D\u00e9veloppement social a :\n<ol class=\"wp-block-list\">\n<li>propos\u00e9 au Conseil des Ministres&nbsp;<strong>l\u2019abrogation de d\u00e9crets portant nomination au Minist\u00e8re de la Sant\u00e9 et du D\u00e9veloppement social.<\/strong><\/li>\n<\/ol>\n<\/li>\n<\/ol>\n\n\n\n<p>Le Conseil des Ministres a proc\u00e9d\u00e9 \u00e0 l\u2019abrogation des d\u00e9crets de nomination de certains directeurs g\u00e9n\u00e9raux du Minist\u00e8re de la Sant\u00e9 et du D\u00e9veloppement social, poursuivis par la justice dans le cadre de l\u2019affaire relative \u00e0 la gestion du fonds COVID-19.<\/p>\n\n\n\n<ol class=\"wp-block-list\">\n<li>inform\u00e9 le Conseil des Ministres<strong>&nbsp;de la situation \u00e9pid\u00e9miologique du pays marqu\u00e9e, notamment :<\/strong>\n<ul class=\"wp-block-list\">\n<li><strong>par une stagnation du nombre de cas test\u00e9s positifs de la maladie \u00e0 Coronavirus par rapport \u00e0 la semaine pr\u00e9c\u00e9dente ;<\/strong><\/li>\n\n\n\n<li><strong>par une augmentation du nombre de cas confirm\u00e9s de dengue compar\u00e9 \u00e0 celui de la semaine \u00e9coul\u00e9e.<\/strong><\/li>\n<\/ul>\n<\/li>\n<\/ol>\n\n\n\n<p>Le Pr\u00e9sident de la Transition, Chef de l\u2019Etat a appel\u00e9 la population au respect strict des mesures de pr\u00e9vention et de lutte contre les maladies.<\/p>\n\n\n\n<p>Bamako, le 14 f\u00e9vrier 2024<\/p>\n\n\n\n<p><strong>&nbsp;&nbsp;&nbsp;&nbsp;&nbsp;&nbsp;&nbsp; Le Secr\u00e9taire G\u00e9n\u00e9ral du Gouvernement<\/strong>,<\/p>\n\n\n\n<h1 class=\"wp-block-heading has-medium-font-size\">Birama COULIBALY<\/h1>\n\n\n\n<p>Koulouba ml<\/p>\n","protected":false},"excerpt":{"rendered":"<p>Le Conseil des Ministres s\u2019est r\u00e9uni en session ordinaire,&nbsp;le mercredi 14 f\u00e9vrier 2024, dans sa salle de d\u00e9lib\u00e9rations au Palais de Koulouba, sous la pr\u00e9sidence du&nbsp;Colonel Assimi GOITA,&nbsp;Pr\u00e9sident de la&hellip;<\/p>\n","protected":false},"author":1,"featured_media":16563,"comment_status":"open","ping_status":"open","sticky":false,"template":"","format":"standard","meta":{"content-type":"","_lmt_disableupdate":"","_lmt_disable":"","_jetpack_memberships_contains_paid_content":false,"footnotes":"","jetpack_publicize_message":"","jetpack_publicize_feature_enabled":false,"jetpack_social_post_already_shared":false,"jetpack_social_options":{"image_generator_settings":{"template":"highway","default_image_id":0,"font":"","enabled":false},"version":2}},"categories":[28,43,23],"tags":[],"class_list":["post-17316","post","type-post","status-publish","format-standard","has-post-thumbnail","hentry","category-communique-du-conseil-des-ministres","category-nandi-info","category-politique"],"jetpack_publicize_connections":[],"featured_image_urls":{"full":["https:\/\/nandi.info\/wp-content\/uploads\/2024\/01\/conseil-cabinet-ministre-gouvernement-boubou-cisse-premier-ibk-ibrahim-boubacar-keita-chef-etat-presidence-koulouba-palais-reunion-bamada-net-malije-niarela.jpg",960,640,false],"thumbnail":["https:\/\/nandi.info\/wp-content\/uploads\/2024\/01\/conseil-cabinet-ministre-gouvernement-boubou-cisse-premier-ibk-ibrahim-boubacar-keita-chef-etat-presidence-koulouba-palais-reunion-bamada-net-malije-niarela-150x150.jpg",150,150,true],"medium":["https:\/\/nandi.info\/wp-content\/uploads\/2024\/01\/conseil-cabinet-ministre-gouvernement-boubou-cisse-premier-ibk-ibrahim-boubacar-keita-chef-etat-presidence-koulouba-palais-reunion-bamada-net-malije-niarela-300x200.jpg",300,200,true],"medium_large":["https:\/\/nandi.info\/wp-content\/uploads\/2024\/01\/conseil-cabinet-ministre-gouvernement-boubou-cisse-premier-ibk-ibrahim-boubacar-keita-chef-etat-presidence-koulouba-palais-reunion-bamada-net-malije-niarela-768x512.jpg",768,512,true],"large":["https:\/\/nandi.info\/wp-content\/uploads\/2024\/01\/conseil-cabinet-ministre-gouvernement-boubou-cisse-premier-ibk-ibrahim-boubacar-keita-chef-etat-presidence-koulouba-palais-reunion-bamada-net-malije-niarela.jpg",960,640,false],"1536x1536":["https:\/\/nandi.info\/wp-content\/uploads\/2024\/01\/conseil-cabinet-ministre-gouvernement-boubou-cisse-premier-ibk-ibrahim-boubacar-keita-chef-etat-presidence-koulouba-palais-reunion-bamada-net-malije-niarela.jpg",960,640,false],"2048x2048":["https:\/\/nandi.info\/wp-content\/uploads\/2024\/01\/conseil-cabinet-ministre-gouvernement-boubou-cisse-premier-ibk-ibrahim-boubacar-keita-chef-etat-presidence-koulouba-palais-reunion-bamada-net-malije-niarela.jpg",960,640,false],"penci-recipe-1200x1200":["https:\/\/nandi.info\/wp-content\/uploads\/2024\/01\/conseil-cabinet-ministre-gouvernement-boubou-cisse-premier-ibk-ibrahim-boubacar-keita-chef-etat-presidence-koulouba-palais-reunion-bamada-net-malije-niarela.jpg",960,640,false],"penci-recipe-1200x900":["https:\/\/nandi.info\/wp-content\/uploads\/2024\/01\/conseil-cabinet-ministre-gouvernement-boubou-cisse-premier-ibk-ibrahim-boubacar-keita-chef-etat-presidence-koulouba-palais-reunion-bamada-net-malije-niarela.jpg",960,640,false],"penci-recipe-1200x675":["https:\/\/nandi.info\/wp-content\/uploads\/2024\/01\/conseil-cabinet-ministre-gouvernement-boubou-cisse-premier-ibk-ibrahim-boubacar-keita-chef-etat-presidence-koulouba-palais-reunion-bamada-net-malije-niarela.jpg",960,640,false],"penci-single-full":["https:\/\/nandi.info\/wp-content\/uploads\/2024\/01\/conseil-cabinet-ministre-gouvernement-boubou-cisse-premier-ibk-ibrahim-boubacar-keita-chef-etat-presidence-koulouba-palais-reunion-bamada-net-malije-niarela.jpg",960,640,false],"penci-slider-full-thumb":["https:\/\/nandi.info\/wp-content\/uploads\/2024\/01\/conseil-cabinet-ministre-gouvernement-boubou-cisse-premier-ibk-ibrahim-boubacar-keita-chef-etat-presidence-koulouba-palais-reunion-bamada-net-malije-niarela.jpg",960,640,false],"penci-full-thumb":["https:\/\/nandi.info\/wp-content\/uploads\/2024\/01\/conseil-cabinet-ministre-gouvernement-boubou-cisse-premier-ibk-ibrahim-boubacar-keita-chef-etat-presidence-koulouba-palais-reunion-bamada-net-malije-niarela.jpg",960,640,false],"penci-slider-thumb":["https:\/\/nandi.info\/wp-content\/uploads\/2024\/01\/conseil-cabinet-ministre-gouvernement-boubou-cisse-premier-ibk-ibrahim-boubacar-keita-chef-etat-presidence-koulouba-palais-reunion-bamada-net-malije-niarela.jpg",960,640,false],"penci-magazine-slider":["https:\/\/nandi.info\/wp-content\/uploads\/2024\/01\/conseil-cabinet-ministre-gouvernement-boubou-cisse-premier-ibk-ibrahim-boubacar-keita-chef-etat-presidence-koulouba-palais-reunion-bamada-net-malije-niarela.jpg",774,516,false],"penci-thumb":["https:\/\/nandi.info\/wp-content\/uploads\/2024\/01\/conseil-cabinet-ministre-gouvernement-boubou-cisse-premier-ibk-ibrahim-boubacar-keita-chef-etat-presidence-koulouba-palais-reunion-bamada-net-malije-niarela.jpg",585,390,false],"penci-masonry-thumb":["https:\/\/nandi.info\/wp-content\/uploads\/2024\/01\/conseil-cabinet-ministre-gouvernement-boubou-cisse-premier-ibk-ibrahim-boubacar-keita-chef-etat-presidence-koulouba-palais-reunion-bamada-net-malije-niarela.jpg",585,390,false],"penci-thumb-square":["https:\/\/nandi.info\/wp-content\/uploads\/2024\/01\/conseil-cabinet-ministre-gouvernement-boubou-cisse-premier-ibk-ibrahim-boubacar-keita-chef-etat-presidence-koulouba-palais-reunion-bamada-net-malije-niarela.jpg",585,390,false],"penci-thumb-vertical":["https:\/\/nandi.info\/wp-content\/uploads\/2024\/01\/conseil-cabinet-ministre-gouvernement-boubou-cisse-premier-ibk-ibrahim-boubacar-keita-chef-etat-presidence-koulouba-palais-reunion-bamada-net-malije-niarela.jpg",480,320,false],"penci-thumb-small":["https:\/\/nandi.info\/wp-content\/uploads\/2024\/01\/conseil-cabinet-ministre-gouvernement-boubou-cisse-premier-ibk-ibrahim-boubacar-keita-chef-etat-presidence-koulouba-palais-reunion-bamada-net-malije-niarela.jpg",263,175,false]},"author_info":{"display_name":"Nandi","author_link":"https:\/\/nandi.info\/?author=1"},"category_info":"<a href=\"https:\/\/nandi.info\/?cat=28\" rel=\"category\">Communique du conseil des ministres<\/a> <a href=\"https:\/\/nandi.info\/?cat=43\" rel=\"category\">Nandi.info<\/a> <a href=\"https:\/\/nandi.info\/?cat=23\" rel=\"category\">Politique<\/a>","tag_info":"Politique","comment_count":"0","jetpack_featured_media_url":"https:\/\/nandi.info\/wp-content\/uploads\/2024\/01\/conseil-cabinet-ministre-gouvernement-boubou-cisse-premier-ibk-ibrahim-boubacar-keita-chef-etat-presidence-koulouba-palais-reunion-bamada-net-malije-niarela.jpg","jetpack_sharing_enabled":true,"_links":{"self":[{"href":"https:\/\/nandi.info\/index.php?rest_route=\/wp\/v2\/posts\/17316","targetHints":{"allow":["GET"]}}],"collection":[{"href":"https:\/\/nandi.info\/index.php?rest_route=\/wp\/v2\/posts"}],"about":[{"href":"https:\/\/nandi.info\/index.php?rest_route=\/wp\/v2\/types\/post"}],"author":[{"embeddable":true,"href":"https:\/\/nandi.info\/index.php?rest_route=\/wp\/v2\/users\/1"}],"replies":[{"embeddable":true,"href":"https:\/\/nandi.info\/index.php?rest_route=%2Fwp%2Fv2%2Fcomments&post=17316"}],"version-history":[{"count":1,"href":"https:\/\/nandi.info\/index.php?rest_route=\/wp\/v2\/posts\/17316\/revisions"}],"predecessor-version":[{"id":17318,"href":"https:\/\/nandi.info\/index.php?rest_route=\/wp\/v2\/posts\/17316\/revisions\/17318"}],"wp:featuredmedia":[{"embeddable":true,"href":"https:\/\/nandi.info\/index.php?rest_route=\/wp\/v2\/media\/16563"}],"wp:attachment":[{"href":"https:\/\/nandi.info\/index.php?rest_route=%2Fwp%2Fv2%2Fmedia&parent=17316"}],"wp:term":[{"taxonomy":"category","embeddable":true,"href":"https:\/\/nandi.info\/index.php?rest_route=%2Fwp%2Fv2%2Fcategories&post=17316"},{"taxonomy":"post_tag","embeddable":true,"href":"https:\/\/nandi.info\/index.php?rest_route=%2Fwp%2Fv2%2Ftags&post=17316"}],"curies":[{"name":"wp","href":"https:\/\/api.w.org\/{rel}","templated":true}]}}