{"id":17264,"date":"2024-02-13T15:37:03","date_gmt":"2024-02-13T14:37:03","guid":{"rendered":"https:\/\/nandi.info\/?p=17264"},"modified":"2024-02-13T15:49:46","modified_gmt":"2024-02-13T14:49:46","slug":"general-moussa-traore-que-peut-on-retenir-de-ce-grand-homme-detat-5eme-partie","status":"publish","type":"post","link":"https:\/\/nandi.info\/?p=17264","title":{"rendered":"G\u00e9n\u00e9ral Moussa Traor\u00e9\u00a0: Que peut-on retenir de ce grand homme d\u2019Etat\u00a0? (5\u00e8me partie)"},"content":{"rendered":"\n<p><strong><em>Qui est, r\u00e9ellement, Moussa Traor\u00e9 ? Comment est-il arriv\u00e9 au pouvoir ? Comment a-t-il exerc\u00e9 le pouvoir ? Comment a-t-il quitt\u00e9 le pouvoir ? Quel h\u00e9ritage a-t-il laiss\u00e9 aux Maliens ? Dans le but de r\u00e9pondre \u00e0 ces cinq questions, Dr Choguel Kokalla Ma\u00efga et Pr Issiaka Ahmadou Singar\u00e9 dans leur \u00e9ni\u00e8me coproduction ont mis sur le march\u00e9 un livre de trois cent pages, intitul\u00e9 \u2018\u2019Hommage au G\u00e9n\u00e9ral d\u2019arm\u00e9e Moussa Traor\u00e9, Secr\u00e9taire g\u00e9n\u00e9ral de l\u2019Union D\u00e9mocratique du Peuple Malien \u2019\u2019, dont le lancement a eu lieu \u00e0 la Maison de la Presse. Apr\u00e8s quatre publications sur cet ouvrage dans nos pr\u00e9c\u00e9dentes livraisons, nous&nbsp; voil\u00e0 \u00e0 la derni\u00e8re partie portant sur le r\u00e9sum\u00e9 de ce chef d\u2019\u0153uvre r\u00e9v\u00e9lateur sur ce que la nouvelle g\u00e9n\u00e9ration peut retenir de ce grand homme d\u2019Etat que fut le G\u00e9n\u00e9ral Moussa Traor\u00e9. <\/em><\/strong><strong><\/strong><\/p>\n\n\n\n<p class=\"has-drop-cap\">Moussa Traor\u00e9, apr\u00e8s s\u2019\u00eatre illustr\u00e9 sur diff\u00e9rents champs d\u2019action comme brillant \u00e9l\u00e8ve, brillant sous-officier et officier, acc\u00e8de au pouvoir le 19 novembre 1968. Le r\u00e9gime qu\u2019il renverse ce jour, celui de l\u2019US-RDA, apr\u00e8s avoir parachev\u00e9 l\u2019ind\u00e9pendance du Soudan Fran\u00e7ais octroy\u00e9e le 24 novembre 1958 avec la proclamation de l\u2019ind\u00e9pendance du Mali, le 22 septembre 1960, avait engag\u00e9 le pays sur la voie du socialisme. Les difficult\u00e9s n\u2019ont pas tard\u00e9 \u00e0 se faire jour. Elles sont d\u2019ordre politique, avec le renforcement progressif du pouvoir personnel de Modibo Ke\u00efta au d\u00e9triment des compagnons de lutte de la premi\u00e8re heure et des diff\u00e9rents adversaires politiques. Elles sont d\u2019ordre \u00e9conomique avec les baisses de rendement dans les domaines agricole et industriel. Elles sont d\u2019ordre social, avec les fortes restrictions exerc\u00e9es sur les libert\u00e9s individuelles. Ces diff\u00e9rentes sources de frustration justifient l\u2019euphorie qui s\u2019est empar\u00e9e du peuple malien \u00e0 l\u2019annonce du coup de force.<\/p>\n\n\n\n<p>Une fois install\u00e9 au pouvoir, Moussa Traor\u00e9 est fr\u00e9quemment confront\u00e9 \u00e0 la gestion des crises&nbsp;: affaire des conjur\u00e9s d\u2019ao\u00fbt 1969, des sous-officiers et soldats en d\u00e9cembre 1976, douloureuses s\u00e9parations d\u2019avec des compagnons d\u2019armes membres du CMLN les 27 mars 1971, 28 f\u00e9vrier et 8 mars 1978, le 2 janvier 1979,&nbsp;<\/p>\n\n\n\n<p>Mais ces crises n\u2019affectent en rien le fonctionnement de l\u2019Etat. D\u00e8s le mercredi 20 novembre 1968, les cadres et agents de l\u2019Etat sont invit\u00e9s \u00e0 reprendre le travail. Les premi\u00e8res mesures prises vont dans le sens du r\u00e9tablissement de certaines libert\u00e9s individuelles. Le socialisme n\u2019est pas, officiellement, abandonn\u00e9. Les soci\u00e9t\u00e9s et entreprises d\u2019Etat, consid\u00e9r\u00e9es comme des \u00ab&nbsp;acquis du peuple&nbsp;\u00bb, ne sont pas liquid\u00e9es. Mais&nbsp;; dans les campagnes, les paysans sont affranchis de beaucoup de contraintes. Le commerce priv\u00e9, tant traditionnel que moderne, est, de nouveau, autoris\u00e9.<\/p>\n\n\n\n<p>La politique du d\u00e9veloppement \u00e9conomique, social et culturel rencontre des difficult\u00e9s dans sa mise en \u0153uvre&nbsp;; difficult\u00e9s accrues par de longues p\u00e9riodes de s\u00e9cheresse entre 1974 et 1985. Il n\u2019en reste pas moins que des r\u00e9alisations sont effectu\u00e9es dans les domaines suivants&nbsp;: d\u00e9fense et s\u00e9curit\u00e9, industries et infrastructures, transports et t\u00e9l\u00e9communications, agriculture, \u00e9ducation, sant\u00e9, arts, sports.<\/p>\n\n\n\n<p>Initialement, six mois ont \u00e9t\u00e9 retenus pour assainir la situation \u00e9conomique, r\u00e9ussir la r\u00e9conciliation nationale et retourner dans les casernes. A l\u2019\u00e9preuve des faits, cela s\u2019est r\u00e9v\u00e9l\u00e9 impossible. La conf\u00e9rence des cadres, organis\u00e9e en juillet 1969, a fait d\u00e9couvrir une s\u00e9rie de fractures dont il a fallu, par la suite, tenir compte. Organiser des \u00e9lections dans un tel contexte aurait \u00e9t\u00e9 pr\u00e9parer les conditions d\u2019un nouveau coup d\u2019Etat. Aussi, un retour progressif \u00e0 la vie constitutionnelle, une d\u00e9marche m\u00fbrement r\u00e9fl\u00e9chis, est-il d\u00e9cid\u00e9.<\/p>\n\n\n\n<p>Une nouvelle constitution est promulgu\u00e9e \u00e0 la suite de la tenue d\u2019un r\u00e9f\u00e9rendum. Deux organisations d\u00e9mocratiques sont, en premier lieu, cr\u00e9\u00e9es&nbsp;; une premi\u00e8re dans l\u2019histoire contemporaine du Mali. Les femmes se retrouvent au sein de l\u2019UNFM, les jeunes s\u2019organisent au sein de l\u2019UNJM. A l\u2019issue d\u2019un congr\u00e8s constitutif, un nouveau parti est cr\u00e9\u00e9&nbsp;; l\u2019UDPM. Organis\u00e9 sur le mode de l\u2019US-RDA, il en diff\u00e8re par son fonctionnement et son programme.<\/p>\n\n\n\n<p>L\u2019UDPM r\u00e9git la vie de la nation d\u2019avril 1979 \u00e0 mars 1991. La p\u00e9riode est marqu\u00e9e, non seulement par les p\u00e9riodes de s\u00e9cheresse dont il a \u00e9t\u00e9 d\u00e9j\u00e0 question, mais, \u00e9galement, par une crise \u00e9conomique durement ressentie aussi bien par les pays d\u00e9velopp\u00e9s que par ceux en voie de d\u00e9veloppement. Un sentiment d\u2019afro-pessimisme inspire aux investisseurs euro-am\u00e9ricains \u00e0 se d\u00e9tourner de l\u2019Afrique pour s\u2019orienter vers les pays d\u2019Am\u00e9rique latine nouvellement affranchis des dictatures militaires. Enfin, les institutions de Bretton-Woods imposent leurs PAS.<\/p>\n\n\n\n<p>De cette crise et de ses diff\u00e9rentes manifestations, l\u2019UDPM tire les cons\u00e9quences. Il resserre son champ d\u2019activit\u00e9s et se concentre, pour poursuivre l\u2019\u0153uvre du d\u00e9veloppement \u00e9conomique, social et culturel, sur un programme comportant quatre volets&nbsp;: l\u2019autosuffisance alimentaire, la ma\u00eetrise de l\u2019eau, la protection de l\u2019\u00e9cosyst\u00e8me, le d\u00e9senclavement int\u00e9rieur et ext\u00e9rieur. Le Parti mobilise le pays tout en entier autour de l\u2019ex\u00e9cution de ce programme.<\/p>\n\n\n\n<p>Au niveau local, les populations s\u2019organisent en associations et tons villageois pour l\u2019ex\u00e9cution des initiatives de base inspir\u00e9es chacune par les quatre composantes du programme retenu. Au niveau national, quatre grands projets sont \u00e9labor\u00e9s et leur financement obtenu. Dans certains cas, leur ex\u00e9cution a m\u00eame commenc\u00e9 avant d\u2019\u00eatre brusquement interrompu.<\/p>\n\n\n\n<p>En ce qui concerne l\u2019autosuffisance alimentaire, le projet dit du M\u00e9ma-Farimak\u00e9 se propose l\u2019am\u00e9nagement de 200&nbsp;000 ha de terres dans la zone de l\u2019Office du Niger. La ma\u00eetrise de l\u2019eau conduit \u00e0 exhumer des cartons le projet du barrage de Taoussa avec un lac de retenue s\u2019\u00e9tendant jusqu\u2019\u00e0 200 km de Mopti. La protection de l\u2019\u00e9cosyst\u00e8me suppose, en premier lieu, la lutte contre la d\u00e9sertification. Le projet de la barri\u00e8re verte est retenu, s\u2019\u00e9tendant de Di\u00e9ma \u00e0 M\u00e9naka sur 15 Km de largeur. Enfin, en ce qui concerne le d\u00e9senclavement int\u00e9rieur et ext\u00e9rieur, le Parti et le gouvernement, apr\u00e8s s\u2019\u00eatre farouchement et triomphalement oppos\u00e9s \u00e0 la privation de la RCFM et de la COMANAV, ont valid\u00e9 la projet de d\u00e9-caillassage du seuil de Sotuba pour autoriser la navigation de Kangaba \u00e0 Gao.&nbsp;&nbsp;<\/p>\n\n\n\n<p>L\u2019existence de deux autres projets d\u2019envergure m\u00e9ritent d\u2019\u00eatre signal\u00e9e, celles de la d\u00e9centralisation, pour mieux responsabiliser les populations et celle de l\u2019Universit\u00e9 nationale d\u00e9centralis\u00e9e et professionnalis\u00e9e pour contribuer \u00e0 la modernisation du syst\u00e8me \u00e9ducatif \u00e0 travers son adaptation \u00e0 nos r\u00e9alit\u00e9s.<\/p>\n\n\n\n<p>Ces projets \u00e9taient en cours d\u2019ex\u00e9cution. Ils sont financiers, respectivement, par&nbsp;: l\u2019URSS, un consortium d\u2019investisseurs, le Japon, la R\u00e9publique F\u00e9d\u00e9rale d\u2019Allemagne. Pour l\u2019Universit\u00e9, ce sont les Etats-Unis d\u2019Am\u00e9rique, la Chine et la R\u00e9publique qui se sont engag\u00e9s \u00e0 la concr\u00e9tiser. Enfin, ce sont les Etats-Unis qui se sont engag\u00e9s \u00e0 financer la d\u00e9centralisation bien que le projet leur ait \u00e9t\u00e9 soumis par l\u2019UDPM, un parti unique, donc, aux antipodes de la d\u00e9mocratie d\u2019apr\u00e8s leur point de vue.<\/p>\n\n\n\n<p>Mais le n\u00e9o-colonialisme fran\u00e7ais veille au grain. La France ne poss\u00e8de nullement les moyens des pays ci-dessus cit\u00e9s. Son aide au d\u00e9veloppement n\u2019est que saupoudrage, destin\u00e9e \u00e0 maintenir dans la suj\u00e9tion. Elle ne peut concevoir un Mali \u00e9mergent. L\u2019UDPM, se fondant sur le g\u00e9nie cr\u00e9ateur du peuple malien, a \u00e9labor\u00e9 un mod\u00e8le original de d\u00e9veloppement. Sa r\u00e9ussite sonnera le glas de l\u2019h\u00e9g\u00e9monie fran\u00e7aise en Afrique subsaharienne. Y mettre fin devient un imp\u00e9ratif pour le n\u00e9ocolonialisme. Fran\u00e7ois Mitterrand, d\u00fbment inform\u00e9 par ses taupes gliss\u00e9es dans l\u2019entourage imm\u00e9diat de Moussa Traor\u00e9, passe \u00e0 l\u2019action. Auparavant, une passe d\u2019armes l\u2019oppose \u00e0 Moussa Traor\u00e9 lors du Sommet de La Baule \u00e0 propos de l\u2019instauration du multipartisme. Mitterrand se sent offens\u00e9. Il a la rancune tenace et d\u00e9cide de le lui faire payer cher.&nbsp;<\/p>\n\n\n\n<p>Dans un premier temps, il appuie la r\u00e9bellion de quelques jeunes apatrides rentr\u00e9s de Libye et qui entendent lib\u00e9rer ce qu\u2019ils consid\u00e8rent, \u00e0 tort, comme la terre de leurs anc\u00eatres. La r\u00e9bellion est circonscrite en moins de trois mois. Mitterrand n\u2019abandonne pas cependant son projet de renverser Moussa Traor\u00e9.<\/p>\n\n\n\n<p>Dans un second temps, \u00e0 partir d\u2019une analyse sociologique de la population malienne, ses services de renseignement, toujours aid\u00e9s par une cinqui\u00e8me colonne tapie dans l\u2019ombre, identifient les groupes non satisfaits de la gestion de l\u2019UDPM&nbsp;: les \u00e9ternels opposants \u00e0 tous les r\u00e9gimes qui se sont succ\u00e9d\u00e9 au Mali depuis 1958, les \u00e9tudiants, les dipl\u00f4m\u00e9s \u00e0 la recherche du premier emploi, les partants volontaires \u00e0 la retraite qui n\u2019ont pas su g\u00e9rer leurs fonds de r\u00e9insertion dans la vie professionnelle.&nbsp;<\/p>\n\n\n\n<p>Cet ensemble h\u00e9t\u00e9roclite est invit\u00e9 \u00e0 s\u2019organiser pour r\u00e9clamer l\u2019instauration du multipartisme. Il s\u2019autoproclame \u00ab&nbsp;Mouvement d\u00e9mocratique&nbsp;\u00bb. Moussa Traor\u00e9 ne se soustrait pas \u00e0 la demande, mais veut que cette instauration se fasse dans le respect des textes, dont, la constitution. Manipul\u00e9 par l\u2019Elys\u00e9es, l\u2019opposition reste ferm\u00e9e \u00e0 tout dialogue, refuse \u00ab&nbsp;une d\u00e9mocratie offerte sur un plateau d\u2019argent&nbsp;\u00bb. Le 22 mars 1991, elle passe \u00e0 l\u2019insurrection. Des jeunes gens sont mobilis\u00e9s et incit\u00e9s \u00e0 casser, \u00e0 br\u00fbler, \u00e0 piller. Quatre jours durant, c\u2019est l\u2019affrontement. Le Mouvement d\u00e9mocratique ne peut taire sa satisfaction&nbsp;: \u00ab&nbsp;Le sang a coul\u00e9&nbsp;\u00bb, jubile-t-il&nbsp;; \u00ab&nbsp;nous avons obtenu ce que nous voulions&nbsp;\u00bb.<\/p>\n\n\n\n<p>Le 25 mars, aux environs de 20 heures, un groupe de neuf militaires conduits par le chef de la s\u00e9curit\u00e9 rapproch\u00e9e du Pr\u00e9sident et le chef des services de s\u00e9curit\u00e9, monte \u00e0 Koulouba et met Moussa Traor\u00e9 aux arr\u00eats. La II<sup>\u00e8 <\/sup>R\u00e9publique a v\u00e9cu. Le n\u00e9ocolonialisme fran\u00e7ais triomphe et triomphera trois d\u00e9cennies durant avant que, le 18 mai 2020, une r\u00e9volution populaire ne mette fin a la profonde d\u00e9liquescence de l\u2019Etat qui a suivi la chute de Moussa Traor\u00e9.&nbsp;<\/p>\n\n\n\n<p><strong>Diaoulen Karamoko Diarra<\/strong><\/p>\n","protected":false},"excerpt":{"rendered":"<p>Qui est, r\u00e9ellement, Moussa Traor\u00e9 ? Comment est-il arriv\u00e9 au pouvoir ? Comment a-t-il exerc\u00e9 le pouvoir ? Comment a-t-il quitt\u00e9 le pouvoir ? Quel h\u00e9ritage a-t-il laiss\u00e9 aux Maliens&hellip;<\/p>\n","protected":false},"author":1,"featured_media":17267,"comment_status":"open","ping_status":"open","sticky":false,"template":"","format":"standard","meta":{"content-type":"","_lmt_disableupdate":"","_lmt_disable":"","_jetpack_memberships_contains_paid_content":false,"footnotes":"","jetpack_publicize_message":"","jetpack_publicize_feature_enabled":true,"jetpack_social_post_already_shared":true,"jetpack_social_options":{"image_generator_settings":{"template":"highway","default_image_id":0,"font":"","enabled":false},"version":2}},"categories":[117,67,23],"tags":[],"class_list":["post-17264","post","type-post","status-publish","format-standard","has-post-thumbnail","hentry","category-histoire","category-le-sursaut","category-politique"],"jetpack_publicize_connections":[],"featured_image_urls":{"full":["https:\/\/nandi.info\/wp-content\/uploads\/2024\/02\/Moussa-Traore.png",650,434,false],"thumbnail":["https:\/\/nandi.info\/wp-content\/uploads\/2024\/02\/Moussa-Traore-150x150.png",150,150,true],"medium":["https:\/\/nandi.info\/wp-content\/uploads\/2024\/02\/Moussa-Traore-300x200.png",300,200,true],"medium_large":["https:\/\/nandi.info\/wp-content\/uploads\/2024\/02\/Moussa-Traore.png",650,434,false],"large":["https:\/\/nandi.info\/wp-content\/uploads\/2024\/02\/Moussa-Traore.png",650,434,false],"1536x1536":["https:\/\/nandi.info\/wp-content\/uploads\/2024\/02\/Moussa-Traore.png",650,434,false],"2048x2048":["https:\/\/nandi.info\/wp-content\/uploads\/2024\/02\/Moussa-Traore.png",650,434,false],"penci-recipe-1200x1200":["https:\/\/nandi.info\/wp-content\/uploads\/2024\/02\/Moussa-Traore.png",650,434,false],"penci-recipe-1200x900":["https:\/\/nandi.info\/wp-content\/uploads\/2024\/02\/Moussa-Traore.png",650,434,false],"penci-recipe-1200x675":["https:\/\/nandi.info\/wp-content\/uploads\/2024\/02\/Moussa-Traore.png",650,434,false],"penci-single-full":["https:\/\/nandi.info\/wp-content\/uploads\/2024\/02\/Moussa-Traore.png",650,434,false],"penci-slider-full-thumb":["https:\/\/nandi.info\/wp-content\/uploads\/2024\/02\/Moussa-Traore.png",650,434,false],"penci-full-thumb":["https:\/\/nandi.info\/wp-content\/uploads\/2024\/02\/Moussa-Traore.png",650,434,false],"penci-slider-thumb":["https:\/\/nandi.info\/wp-content\/uploads\/2024\/02\/Moussa-Traore.png",650,434,false],"penci-magazine-slider":["https:\/\/nandi.info\/wp-content\/uploads\/2024\/02\/Moussa-Traore.png",650,434,false],"penci-thumb":["https:\/\/nandi.info\/wp-content\/uploads\/2024\/02\/Moussa-Traore.png",585,390,false],"penci-masonry-thumb":["https:\/\/nandi.info\/wp-content\/uploads\/2024\/02\/Moussa-Traore.png",585,391,false],"penci-thumb-square":["https:\/\/nandi.info\/wp-content\/uploads\/2024\/02\/Moussa-Traore.png",585,391,false],"penci-thumb-vertical":["https:\/\/nandi.info\/wp-content\/uploads\/2024\/02\/Moussa-Traore.png",480,320,false],"penci-thumb-small":["https:\/\/nandi.info\/wp-content\/uploads\/2024\/02\/Moussa-Traore.png",263,175,false]},"author_info":{"display_name":"Nandi","author_link":"https:\/\/nandi.info\/?author=1"},"category_info":"<a href=\"https:\/\/nandi.info\/?cat=117\" rel=\"category\">Histoire<\/a> <a href=\"https:\/\/nandi.info\/?cat=67\" rel=\"category\">Le Sursaut<\/a> <a href=\"https:\/\/nandi.info\/?cat=23\" rel=\"category\">Politique<\/a>","tag_info":"Politique","comment_count":"0","jetpack_featured_media_url":"https:\/\/nandi.info\/wp-content\/uploads\/2024\/02\/Moussa-Traore.png","jetpack_sharing_enabled":true,"_links":{"self":[{"href":"https:\/\/nandi.info\/index.php?rest_route=\/wp\/v2\/posts\/17264","targetHints":{"allow":["GET"]}}],"collection":[{"href":"https:\/\/nandi.info\/index.php?rest_route=\/wp\/v2\/posts"}],"about":[{"href":"https:\/\/nandi.info\/index.php?rest_route=\/wp\/v2\/types\/post"}],"author":[{"embeddable":true,"href":"https:\/\/nandi.info\/index.php?rest_route=\/wp\/v2\/users\/1"}],"replies":[{"embeddable":true,"href":"https:\/\/nandi.info\/index.php?rest_route=%2Fwp%2Fv2%2Fcomments&post=17264"}],"version-history":[{"count":1,"href":"https:\/\/nandi.info\/index.php?rest_route=\/wp\/v2\/posts\/17264\/revisions"}],"predecessor-version":[{"id":17268,"href":"https:\/\/nandi.info\/index.php?rest_route=\/wp\/v2\/posts\/17264\/revisions\/17268"}],"wp:featuredmedia":[{"embeddable":true,"href":"https:\/\/nandi.info\/index.php?rest_route=\/wp\/v2\/media\/17267"}],"wp:attachment":[{"href":"https:\/\/nandi.info\/index.php?rest_route=%2Fwp%2Fv2%2Fmedia&parent=17264"}],"wp:term":[{"taxonomy":"category","embeddable":true,"href":"https:\/\/nandi.info\/index.php?rest_route=%2Fwp%2Fv2%2Fcategories&post=17264"},{"taxonomy":"post_tag","embeddable":true,"href":"https:\/\/nandi.info\/index.php?rest_route=%2Fwp%2Fv2%2Ftags&post=17264"}],"curies":[{"name":"wp","href":"https:\/\/api.w.org\/{rel}","templated":true}]}}