{"id":17259,"date":"2024-02-12T18:21:19","date_gmt":"2024-02-12T17:21:19","guid":{"rendered":"https:\/\/nandi.info\/?p=17259"},"modified":"2024-02-12T18:21:21","modified_gmt":"2024-02-12T17:21:21","slug":"ocd-international-federalitude-suisse-solidaire-aux-peuples-comoriens-senegalais-et-congolais-le-dialogue-seule-vertu-pour-une-resolution-des-differends-politiques","status":"publish","type":"post","link":"https:\/\/nandi.info\/?p=17259","title":{"rendered":"OCD international federalitude suisse solidaire aux peuples comoriens, s\u00e9n\u00e9galais et congolais\u00a0: Le Dialogue, seule vertu pour une r\u00e9solution des diff\u00e9rends politiques"},"content":{"rendered":"\n<p><strong><em>Les \u00eeles Comores, le S\u00e9n\u00e9gal et le Congo traversent une crise politique sans pr\u00e9c\u00e9dent, cons\u00e9cutive, d\u2019une part \u00e0 la tenue de l\u2019\u00e9lection pr\u00e9sidentielle pour ce qui concerne les \u00eeles Comores et le Congo et d\u2019autre part au report sine die de la Pr\u00e9sidentielle pour le S\u00e9n\u00e9gal. Dans tous ces trois pays les peuples paient le prix fort en termes de violation des droits humains. Fid\u00e8le \u00e0 sa vocation d\u2019ONG apolitique et humanitaire l\u2019OCD international F\u00e9d\u00e9ralitude Suisse tire la sonnette d\u2019alarme afin que les droits des peuples soient pr\u00e9serv\u00e9s. Elle appelle au dialogue entre les diff\u00e9rentes parties prenantes tout en demeurant solidaire aux peuples en d\u00e9tresse. Elle souhaite que toutes les libert\u00e9s soient garanties voire pr\u00e9serv\u00e9es. Les autorit\u00e9s de ces trois pays entendront-elles le cri de c\u0153ur de l\u2019OCD international f\u00e9d\u00e9ralitude Suisse en garantissant les libert\u00e9s et les droits de l\u2019homme&nbsp;? De part son expertise de 30 ans Quel lobby fera l\u2019OCD international F\u00e9d\u00e9ralitude Suisse aupr\u00e8s de son r\u00e9seau partenaire et des organisations de droit de l\u2019homme pour leur implication afin de d\u00e9noncer en vu de minimiser les abus et autres entraves aux libert\u00e9s et droits des citoyens de ces 3 pays&nbsp;?<\/em><\/strong><\/p>\n\n\n\n<p class=\"has-drop-cap\">Pour rappel l\u2019annonce des r\u00e9sultats de l\u2019\u00e9lection pr\u00e9sidentielle aux Comores donnant vainqueur le Pr\u00e9sident sortant Azali Assoumani a provoqu\u00e9 des heurts dans la capitale Moroni entre forces de l\u2019ordre et manifestants qui ont contest\u00e9 les r\u00e9sultats. Ces manifestations ont fait au moins un mort et plusieurs bless\u00e9s. L\u2019opposition d\u00e9non\u00e7ant&nbsp; une grossi\u00e8re fraude a demand\u00e9 l\u2019annulation du scrutin. Face \u00e0 l\u2019utilisation disproportionn\u00e9e de la force et les entraves \u00e0 la&nbsp; libert\u00e9, des organisations de d\u00e9fense des droits de l\u2019homme&nbsp; ont tir\u00e9 la sonnette d\u2019alarme pour&nbsp; demander le respect des droits des citoyens \u00e0 manifester. L\u2019OCD f\u00e9d\u00e9ralitude Suisse a joint sa voix \u00e0 celles du Haut-commissariat de l\u2019ONU aux Droits de l\u2019homme et \u00e0 toutes les ONG \u0153uvrant pour la promotion des Droits humains. L\u2019ONG propose le dialogue pour \u00e9viter toute violence aux cons\u00e9quences d\u00e9sastreuses.<\/p>\n\n\n\n<p>Quant \u00e0 la R\u00e9publique D\u00e9mocratique du Congo, RDC, elle est \u00e9galement en proie \u00e0 une crise politique cons\u00e9cutive \u00e0 l\u2019\u00e9lection pr\u00e9sidentielle. En effet, apr\u00e8s la proclamation des r\u00e9sultats par la Commission Electorale Nationale Ind\u00e9pendante, CENI&nbsp;? donnant une large victoire au Pr\u00e9sident sortant, Felix Tshisekedi avec 73, 34 % de voix contre 18,08 % \u00e0 Moise Katumbi, l\u2019opposition conteste les r\u00e9sultats, parle de simulacre d\u2019\u00e9lection et appelle les congolais \u00e0 rejeter les r\u00e9sultats et \u00e0 se mobiliser pour faire barrage \u00e0 l\u2019autocratie. Les jours, voire semaines \u00e0 venir seront houleux. Face \u00e0 la d\u00e9termination des leaders de l\u2019opposition comme Moise Katumbi, Martin Fayulu et Denis Mukwege, la tension semble mont\u00e9e d\u2019un cran, car l\u2019opposition a d\u00e9j\u00e0 sonn\u00e9 la mobilisation des citoyens congolais. Face \u00e0 la mont\u00e9e de la tension et au risque \u00e9lev\u00e9 de violence, l\u2019OCD international F\u00e9d\u00e9ralitude Suisse pr\u00f4ne le dialogue entre protagonistes et appelle toutes les parties \u00e0 la retenue, demande aux autorit\u00e9s de garantir les droits des citoyens \u00e0 manifester.<\/p>\n\n\n\n<p>Le pays de la Teranga, qui est le S\u00e9n\u00e9gal, n\u2019\u00e9chappe pas au syndrome de la contestation et de la crise pr\u00e9\u00e9lectorale. En effet, c\u2019est \u00e0 quelques encablures de l\u2019ouverture de la campagne pour l\u2019\u00e9lection pr\u00e9sidentielle que le Pr\u00e9sident sortant, qui n\u2019est plus candidat au terme de son second mandat, a report\u00e9 la pr\u00e9sidentielle jusqu\u2019au 15 d\u00e9cembre 2024. Cette d\u00e9cision inattendue a provoqu\u00e9 l\u2019ire de l\u2019Opposition, de la soci\u00e9t\u00e9 civile et m\u00eame des influents leaders religieux. Hormis sa majorit\u00e9 des d\u00e9put\u00e9s, le Pr\u00e9sident s\u00e9n\u00e9galais Macky Sall ne semble nullement suivi dans cette d\u00e9cision qualifi\u00e9e d\u2019inique et d\u2019inopportune pour le S\u00e9n\u00e9gal qui est consid\u00e9r\u00e9 par bon nombre d\u2019observateurs comme la vitrine de la d\u00e9mocratie en Afrique de l\u2019ouest. L\u2019annonce de cette d\u00e9cision de report a donn\u00e9 lieu \u00e0 des heurts dans plusieurs villes du S\u00e9n\u00e9gal faisant d\u00e9j\u00e0 des morts. L\u2019Opposition n\u2019entend pas s\u2019arr\u00eater en si bon chemin c\u2019est pourquoi elle a lanc\u00e9 un appel \u00e0 la mobilisation g\u00e9n\u00e9rale pour dire non \u00e0 ce qu\u2019elle a qualifi\u00e9 de forfaiture de Macky Sall. Les jours \u00e0 venir seront orageux pour le S\u00e9n\u00e9gal. Face \u00e0 la recrudescence de la violence et au risque des manifestations virulentes, l\u2019OCD international f\u00e9d\u00e9ralitude Suisse solidaire au peuple s\u00e9n\u00e9galais depuis 32 ans qu\u2019elle est sur le terrain lance un appel pressant \u00e0 toutes les parties prenantes pour qu\u2019elles renouent le fil d\u2019un dialogue f\u00e9cond afin de parvenir \u00e0 une solution pacifique. Elle demande aux autorit\u00e9s de pr\u00e9server les principes d\u00e9mocratiques et de garantir toutes les libert\u00e9s. L\u2019ONG se dit convaincue que seul le dialogue est la meilleure vertu pour une r\u00e9solution durable.<\/p>\n\n\n\n<p>En somme, L\u2019OCD international f\u00e9d\u00e9ralitude Suisse demeure convaincu qu\u2019il n y a pas d\u2019alternative \u00e0 la d\u00e9mocratie et \u00e0 l\u2019\u00e9tat de droit. Ils sont les garants du d\u00e9veloppement de la justice sociale et d\u2019une soci\u00e9t\u00e9 stable. L\u2019OCD, sous le leadership de la fondatrice\/ pr\u00e9sidente internationale Karima Sandia Boina MBechezi et de son vice pr\u00e9sident Said Mahamoud Tadjiddine fils de l\u2019ancien pr\u00e9sident des Comores entendent apporter leur expertise pour la promotion des droits de l\u2019homme et pour une humanit\u00e9 sans violence et prosp\u00e8re.<\/p>\n\n\n\n<p><strong>Youssouf Sissoko<\/strong>&nbsp;&nbsp;&nbsp;&nbsp;&nbsp;&nbsp;&nbsp;&nbsp;&nbsp;&nbsp;&nbsp;&nbsp;&nbsp;&nbsp;&nbsp;&nbsp;&nbsp;&nbsp;&nbsp;&nbsp;&nbsp;&nbsp;&nbsp;&nbsp;&nbsp;&nbsp;&nbsp;&nbsp;&nbsp;&nbsp;&nbsp;&nbsp;&nbsp;&nbsp;&nbsp;&nbsp;<\/p>\n","protected":false},"excerpt":{"rendered":"<p>Les \u00eeles Comores, le S\u00e9n\u00e9gal et le Congo traversent une crise politique sans pr\u00e9c\u00e9dent, cons\u00e9cutive, d\u2019une part \u00e0 la tenue de l\u2019\u00e9lection pr\u00e9sidentielle pour ce qui concerne les \u00eeles Comores&hellip;<\/p>\n","protected":false},"author":1,"featured_media":0,"comment_status":"open","ping_status":"open","sticky":false,"template":"","format":"standard","meta":{"content-type":"","_lmt_disableupdate":"","_lmt_disable":"","_jetpack_memberships_contains_paid_content":false,"footnotes":"","jetpack_publicize_message":"","jetpack_publicize_feature_enabled":true,"jetpack_social_post_already_shared":true,"jetpack_social_options":{"image_generator_settings":{"template":"highway","default_image_id":0,"font":"","enabled":false},"version":2}},"categories":[68,21],"tags":[],"class_list":["post-17259","post","type-post","status-publish","format-standard","hentry","category-lalternance","category-societe"],"jetpack_publicize_connections":[],"featured_image_urls":{"full":"","thumbnail":"","medium":"","medium_large":"","large":"","1536x1536":"","2048x2048":"","penci-recipe-1200x1200":"","penci-recipe-1200x900":"","penci-recipe-1200x675":"","penci-single-full":"","penci-slider-full-thumb":"","penci-full-thumb":"","penci-slider-thumb":"","penci-magazine-slider":"","penci-thumb":"","penci-masonry-thumb":"","penci-thumb-square":"","penci-thumb-vertical":"","penci-thumb-small":""},"author_info":{"display_name":"Nandi","author_link":"https:\/\/nandi.info\/?author=1"},"category_info":"<a href=\"https:\/\/nandi.info\/?cat=68\" rel=\"category\">L'alternance<\/a> <a href=\"https:\/\/nandi.info\/?cat=21\" rel=\"category\">Soci\u00e9t\u00e9<\/a>","tag_info":"Soci\u00e9t\u00e9","comment_count":"0","jetpack_featured_media_url":"","jetpack_sharing_enabled":true,"_links":{"self":[{"href":"https:\/\/nandi.info\/index.php?rest_route=\/wp\/v2\/posts\/17259","targetHints":{"allow":["GET"]}}],"collection":[{"href":"https:\/\/nandi.info\/index.php?rest_route=\/wp\/v2\/posts"}],"about":[{"href":"https:\/\/nandi.info\/index.php?rest_route=\/wp\/v2\/types\/post"}],"author":[{"embeddable":true,"href":"https:\/\/nandi.info\/index.php?rest_route=\/wp\/v2\/users\/1"}],"replies":[{"embeddable":true,"href":"https:\/\/nandi.info\/index.php?rest_route=%2Fwp%2Fv2%2Fcomments&post=17259"}],"version-history":[{"count":1,"href":"https:\/\/nandi.info\/index.php?rest_route=\/wp\/v2\/posts\/17259\/revisions"}],"predecessor-version":[{"id":17260,"href":"https:\/\/nandi.info\/index.php?rest_route=\/wp\/v2\/posts\/17259\/revisions\/17260"}],"wp:attachment":[{"href":"https:\/\/nandi.info\/index.php?rest_route=%2Fwp%2Fv2%2Fmedia&parent=17259"}],"wp:term":[{"taxonomy":"category","embeddable":true,"href":"https:\/\/nandi.info\/index.php?rest_route=%2Fwp%2Fv2%2Fcategories&post=17259"},{"taxonomy":"post_tag","embeddable":true,"href":"https:\/\/nandi.info\/index.php?rest_route=%2Fwp%2Fv2%2Ftags&post=17259"}],"curies":[{"name":"wp","href":"https:\/\/api.w.org\/{rel}","templated":true}]}}