{"id":17231,"date":"2024-02-11T15:08:53","date_gmt":"2024-02-11T14:08:53","guid":{"rendered":"https:\/\/nandi.info\/?p=17231"},"modified":"2024-02-11T15:09:01","modified_gmt":"2024-02-11T14:09:01","slug":"dr-abdoul-fatah-cisse-directeur-general-de-la-maison-du-hadj-en-exclusivite-lambassadeur-khaled-mabruk-al-khailed-est-un-diplomate-chevronne-qui-aide-beaucoup-le-mali","status":"publish","type":"post","link":"https:\/\/nandi.info\/?p=17231","title":{"rendered":"Dr. Abdoul Fatah Ciss\u00e9, directeur g\u00e9n\u00e9ral de la maison du Hadj en exclusivit\u00e9 : \u201cL\u2019ambassadeur Khaled Mabruk Al-Khailed est un diplomate chevronn\u00e9 qui aide beaucoup le Mali\u201d"},"content":{"rendered":"\n<h2 class=\"wp-block-heading has-text-align-center\"><strong>\u201cNotre objectif est d\u2019en finir avec les inscriptions pour le Hadj-2024 d\u2019ici fin f\u00e9vrier\u201d<\/strong><\/h2>\n\n\n\n<p><strong><em>Pour la bonne organisation du Hadj de 2022 \u00e0 2023, le directeur g\u00e9n\u00e9ral de la Maison du Hadj, Dr. Abdoul Fatah Ciss\u00e9, a \u00e9t\u00e9 prim\u00e9 en Arabie saoudite en marge de la grande foire organis\u00e9e chaque ann\u00e9e en pr\u00e9lude au voyage aux Lieux saints de l\u2019islam. Une rencontre tenue du 8 au 11 janvier 2024 et au cours de laquelle les autorit\u00e9s saoudiennes et l\u2019ensemble des acteurs du Hadj se sont retrouv\u00e9s pour d\u00e9terminer les conditions d\u2019organisation et de participation pour accomplir le cinqui\u00e8me pilier de l\u2019islam. A rappeler que cette distinction a \u00e9t\u00e9 d\u00e9cern\u00e9e au directeur g\u00e9n\u00e9ral de la Maison du Hadj en pr\u00e9sence du ministre des Affaires religieuses, du Culte et des Coutumes, Dr. Mahamadou Kon\u00e9.<\/em><\/strong><\/p>\n\n\n\n<p class=\"has-drop-cap\"><strong>Aujourd\u2019hui-Mali :<\/strong>&nbsp;<strong><em>Vous venez de s\u00e9journer en Arabie saoudite. Peut-on savoir l\u2019objet de cette mission ?<\/em><\/strong><\/p>\n\n\n\n<p><strong>Dr. Abdoul Fatah Ciss\u00e9 :<\/strong>&nbsp;Il s\u2019agissait de participer \u00e0 une tr\u00e8s grande foire que l\u2019Arabie saoudite a l\u2019habitude d\u2019organiser \u00e0 la veille de chaque Hadj au d\u00e9but de l\u2019ann\u00e9e. Cette ann\u00e9e, la rencontre s\u2019est tenue du 8 au 11 janvier 2024. Pour l\u2019occasion, les autorit\u00e9s saoudiennes convoquent l\u2019ensemble des pays qui participent au Hadj pour la signature du protocole d\u2019accord relatif aux conditions d\u2019organisation du p\u00e8lerinage. C\u2019est l\u2019occasion pour moi de remercier le ministre du Hadj du Royaume d\u2019Arabie saoudite qui nous a tr\u00e8s bien re\u00e7us et il s\u2019est surtout r\u00e9joui de la bonne organisation du Hadj dans notre pays depuis 2022. Il a ajout\u00e9 qu\u2019il a eu des informations positives sur notre pays concernant l\u2019organisation du p\u00e8lerinage, se f\u00e9licitant au passage du fait qu\u2019il n\u2019y a pas eu de sanctions contre les acteurs du secteur de notre pays de 2022 \u00e0 2023. Le ministre nous a encourag\u00e9s \u00e0 continuer sur cette voie et \u00e0 toujours apporter des am\u00e9liorations.<\/p>\n\n\n\n<p>Pour votre information, avant la signature du Protocole, le ministre du Hadj nous a honor\u00e9s avec un prix pour notre travail bien fait. Apr\u00e8s cette remise, il m\u2019a personnellement donn\u00e9 l\u2019opportunit\u00e9 de visiter l\u2019int\u00e9rieur de La Kaaba.<\/p>\n\n\n\n<p>Un privil\u00e8ge accord\u00e9 seulement aux chefs d\u2019Etat et pr\u00e9sidents de la R\u00e9publique. Ce prix et l\u2019acc\u00e8s \u00e0 l\u2019int\u00e9rieur de La Kaaba pendant 30 minutes sont la preuve du respect et de la consid\u00e9ration du Royaume d\u2019Arabie saoudite \u00e0 l\u2019endroit de notre pays.<\/p>\n\n\n\n<p>En r\u00e9sum\u00e9, aujourd\u2019hui la Maison du Hadj, le minist\u00e8re charg\u00e9 des Affaires religieuses, les autorit\u00e9s maliennes d\u2019une mani\u00e8re g\u00e9n\u00e9rale ont le respect et la confiance des autorit\u00e9s saoudiennes. C\u2019est pour vous dire que nous avons la confiance des autorit\u00e9s saoudiennes. De notre c\u00f4t\u00e9, \u00e0 savoir la Maison du Hadj, nous appliquons \u00e0 la lettre toutes les recommandations de la partie saoudienne pour le Hadj.<\/p>\n\n\n\n<p>Durant cette mission, nous avons eu la chance de rencontrer les diff\u00e9rents services impliqu\u00e9s dans l\u2019organisation du Hadj, notamment le Bureau qui accueille les p\u00e8lerins \u00e0 M\u00e9dine, le Bureau qui s\u2019occupe du transport des p\u00e8lerins de l\u2019a\u00e9roport \u00e0 l\u2019h\u00f4tel et \u00e0 M\u00e9dine et de M\u00e9dine \u00e0 La Mecque et entre Mina Arafat et Mouzdalifa. Nous avons rencontr\u00e9 les soci\u00e9t\u00e9s qui s\u2019occupent des prestations \u00e0 Mina, Arafat, Mouzdalifa. Nous avons \u00e9chang\u00e9 avec tous les acteurs qui s\u2019occupent des questions de tentes, de la restauration, de l\u2019assainissement, le d\u00e9placement pour les autres rites du Hadj.<\/p>\n\n\n\n<p>Apr\u00e8s ces \u00e9changes, nous avons sign\u00e9 des conventions avec ces acteurs. Aujourd\u2019hui, apr\u00e8s la signature de ces conventions, nous pouvons dire que tout est bien en place pour qu\u2019on puisse faire de tr\u00e8s bonne campagne en 2024. Seulement, il faut noter que la partie saoudienne a surtout insist\u00e9 pour qu\u2019on s\u2019occupe bien de nos p\u00e8lerins par rapport \u00e0 l\u2019aspect s\u00e9curitaire des lieux. Cela pour \u00e9viter des infiltrations sur nos sites.<\/p>\n\n\n\n<p><strong><em>Est-ce qu\u2019on peut savoir \u00e0 qui vous d\u00e9diez cette distinction ?<\/em><\/strong><\/p>\n\n\n\n<p>Tout d\u2019abord, je d\u00e9die cette distinction au gouvernement de la Transition qui nous a beaucoup appuy\u00e9s. Ce prix, c\u2019est pour le Mali, car c\u2019est notre pays qui a \u00e9t\u00e9 honor\u00e9. Il faut surtout reconnaitre que le gouvernement de la Transition nous a soutenus et accompagn\u00e9s pour r\u00e9glementer le secteur du Hadj. Car, avant le secteur du Hadj n\u2019\u00e9tait pas r\u00e9glement\u00e9. Et tous ces textes que nous avons notamment la loi, les d\u00e9crets, les arr\u00eat\u00e9s, les d\u00e9cisions ont \u00e9t\u00e9 pris pendant cette Transition, des mesures qui ont permis de r\u00e9glementer le Hadj \u00e0 100 %.<\/p>\n\n\n\n<p>Ensuite, je d\u00e9die cette distinction \u00e0 l\u2019ensemble des p\u00e8lerins maliens, parce que ce sont eux qui se sont tr\u00e8s bien comport\u00e9s en Arabie saoudite. Les 13 323 p\u00e8lerins que nous amenons en Arabie saoudite constituent un record jusque-l\u00e0 in\u00e9gal\u00e9. Faire deux ans de p\u00e8lerinage, sans sanction sans avoir d\u2019avertissements, c\u2019est tr\u00e8s rare de voir cela. Et enfin, je d\u00e9die ce prix \u00e0 l\u2019ensemble de nos compatriotes musulmans, au personnel de la Maison du Hadj. C\u2019est surtout gr\u00e2ce au soutien et la b\u00e9n\u00e9diction de l\u2019ensemble de la communaut\u00e9 musulmane que nous parvenons \u00e0 faire un bon Hadj.<\/p>\n\n\n\n<p><strong><em>O\u00f9 en sommes-nous avec les pr\u00e9paratifs pour la campagne 2024 ?<\/em><\/strong><\/p>\n\n\n\n<p>Pour cette campagne, nous sommes beaucoup avanc\u00e9s. Depuis le lancement au mois de novembre pass\u00e9 en Arabie saoudite, les inscriptions ont commenc\u00e9 et les pr\u00e9paratifs aussi battent leur plein. Nous avons d\u00e9j\u00e0 un chronogramme trac\u00e9 depuis la fin du Hadj 2023. Nous avons commenc\u00e9 ces pr\u00e9paratifs avant m\u00eame de quitter les Lieux saints de l\u2019islam Mina, Arafat, Mouzdalifa, o\u00f9 ils nous ont octroy\u00e9 le quota en nous invitant de commencer les pr\u00e9paratifs.<\/p>\n\n\n\n<p>Les pr\u00e9paratifs ont commenc\u00e9 depuis cette date. Nous avons fait le lancement officiellement au mois d\u2019octobre pass\u00e9. Et notre objectif est de finir avec les inscriptions au plus tard le 29 f\u00e9vrier. Mais aujourd\u2019hui, les choses avancent et nous continuons \u00e0 sensibiliser nos p\u00e8lerins \u00e0 venir vite s\u2019inscrire parce que la proc\u00e9dure a chang\u00e9. Ce n\u2019est plus comme avant o\u00f9 les p\u00e8lerins pouvaient venir vers le mois de ramadan ou apr\u00e8s le ramadan. A titre de rappel, avec le chronogramme actuel, nous allons rentrer dans la zone jaune des inscriptions qui a commenc\u00e9 depuis le 1er f\u00e9vrier. Nous aimerions atteindre les objectifs d\u2019ici fin f\u00e9vrier, c\u2019est-\u00e0-dire finir avec l\u2019ensemble de nos inscriptions, la formation de nos p\u00e8lerins et finir avec nos contrats avec les h\u00f4tels et h\u00e9bergements et faire aussi la programmation de vols a\u00e9riens qui vont commencer la fin du mois de mai 2024.<\/p>\n\n\n\n<p><strong><em>A combien s\u2019\u00e9l\u00e8ve le co\u00fbt du Hadj aussi bien pour la fili\u00e8re priv\u00e9e que pour la fili\u00e8re gouvernementale cette ann\u00e9e ?<\/em><\/strong><\/p>\n\n\n\n<p>Pour ce qui concerne le co\u00fbt du Hadj, il n\u2019y a pas eu de changement majeur. Parce que c\u2019est dans la mission que les co\u00fbts sont d\u00e9termin\u00e9s de fa\u00e7on d\u00e9finitive. Ce qu\u2019il faut noter c\u2019est qu\u2019il n\u2019y a pas eu d\u2019augmentation en Arabie saoudite. Comme il n\u2019y a pas eu d\u2019augmentation, c\u2019est s\u00fbr qu\u2019il n\u2019y aura pas d\u2019augmentation sur le co\u00fbt du Hadj. Le montant de 2023 va \u00eatre maintenu, c\u2019est-\u00e0-dire&nbsp;<strong>4 166 425 F CFA<\/strong>&nbsp;pour ce qui concerne la Maison de Hadj \u00e0 savoir la fili\u00e8re gouvernementale. Et pour les priv\u00e9s, le montant c\u2019est&nbsp;<strong><em>4 675 000 F CFA<\/em><\/strong>.<\/p>\n\n\n\n<p><strong><em>Dans le cadre des pr\u00e9paratifs du Hadj, quels sont vos rapports avec les autorit\u00e9s saoudiennes ?<\/em><\/strong><\/p>\n\n\n\n<p>Nous avons de tr\u00e8s bons rapports avec les autorit\u00e9s saoudiennes. Comme je vous l\u2019ai d\u00e9j\u00e0 dit, il n\u2019y a pas eu de sanctions, il n\u2019y a pas eu d\u2019avertissements. Au contraire, il y a eu des encouragements, le respect est total entre nous.<\/p>\n\n\n\n<p>Nous avons surtout de tr\u00e8s bons rapports avec le ministre du Hadj du Royaume d\u2019Arabie saoudite, avec le vice-ministre du Hadj, avec le Bureau, m\u00eame la direction g\u00e9n\u00e9rale de Hadj pour ne citer que ceux-ci. Les autorit\u00e9s saoudiennes nous encouragent et citent m\u00eame le Mali en exemple. Chaque fois elles disent aux autres pays de prendre exemple sur le Mali ; toute chose qui nous r\u00e9conforte.<\/p>\n\n\n\n<p><strong><em>Et vos rapports avec l\u2019ambassade du Royaume d\u2019Arabie saoudite au Mali ?<\/em><\/strong><\/p>\n\n\n\n<p>Nous avons de tr\u00e8s bons rapports avec l\u2019ambassade du Royaume d\u2019Arabie saoudite au Mali surtout l\u2019ambassadeur Son Excellence Khaled Mabruk Al-Khailed. C\u2019est vraiment un diplomate chevronn\u00e9 qui aide beaucoup le Mali. En 2022 quand nous avions eu des soucis avec le syst\u00e8me de d\u00e9livrance des visas des p\u00e8lerins, il nous a beaucoup aid\u00e9s \u00e0 r\u00e9soudre ce probl\u00e8me. Il a m\u00eame fait un d\u00e9placement pour \u00e7a. Aussi, il s\u2019investit sans cesse pour am\u00e9liorer les conditions du Hadj. Il nous aide aussi avec des conseils judicieux pour \u00e9viter les difficult\u00e9s dans le processus du Hadj. Au-del\u00e0 du Hadj il est avec nous dans toutes les affaires islamiques, avec les associations et regroupements. C\u2019est un diplomate qui conna\u00eet son travail, qui fait beaucoup pour le Mali.<\/p>\n\n\n\n<p>Au nom de l\u2019ensemble de la communaut\u00e9 musulmane et au nom de l\u2019ensemble des p\u00e8lerins maliens, nous ne pouvons que le f\u00e9liciter et lui faire des b\u00e9n\u00e9dictions.<\/p>\n\n\n\n<p>Que le bon Dieu l\u2019assiste et l\u2019aide avec tout ce qu\u2019il est en train de faire en bien pour le Mali et pour le p\u00e8lerinage et surtout pour la Maison de Hadj.<\/p>\n\n\n\n<p><strong><em>Est-ce que les formations des p\u00e8lerins ont commenc\u00e9. Si oui, sur quoi portent-elles ?<\/em><\/strong><\/p>\n\n\n\n<p>Les formations ont commenc\u00e9 depuis le 3 octobre 2023. Nous avons commenc\u00e9 \u00e0 former nos p\u00e8lerins qui sont d\u00e9j\u00e0 inscrits et elles continuent. Nous avons deux groupes de p\u00e8lerins par semaine.<\/p>\n\n\n\n<p>Vous savez pour avoir un tr\u00e8s bon Hadj, il faut faire une tr\u00e8s bonne formation. Si vous ne faites pas la formation, vous ne pouvez pas faire un tr\u00e8s bon Hadj.<\/p>\n\n\n\n<p>La formation est un droit du p\u00e8lerin. Tout ce qui peut amener nos p\u00e8lerins \u00e0 faire son p\u00e8lerinage dans la tranquillit\u00e9, de fa\u00e7on exemplaire nous tient \u00e0 c\u0153ur.<\/p>\n\n\n\n<p>A travers ces formations, nous sommes en train d\u2019aider nos p\u00e8lerins \u00e0 comprendre le Hadj, \u00e0 conna\u00eetre ce qu\u2019il faut faire \u00e0 la Maison de Hadj ici \u00e0 Bamako, aux a\u00e9roports, \u00e0 l\u2019h\u00f4tel, \u00e0 La Mecque, \u00e0 M\u00e9dine, les visites que nous faisons \u00e0 M\u00e9dine et \u00e0 La Mecque et m\u00eame \u00e0 Mina, Arafat et Mouzdalifa. Ce sont 4 millions de personnes qui vont se retrouver pour le p\u00e8lerinage. C\u2019est une formation continue pour les p\u00e8lerins car de sa r\u00e9ussite d\u00e9pend celle du Hadj.<\/p>\n\n\n\n<p><strong><em>Votre mot de la fin, un mot aux diff\u00e9rents acteurs ?<\/em><\/strong><\/p>\n\n\n\n<p>C\u2019est d\u2019inviter les candidats au Hadj de sortir vite pour s\u2019inscrire car le Hadj a chang\u00e9, ce n\u2019est plus comme il y a cinq ou trois ans. J\u2019invite les p\u00e8lerins qui sont en train de prendre le retard pour l\u2019inscription \u00e0 venir vite sinon cette ann\u00e9e on risque de ne pas avoir le moyen d\u2019inscrire les p\u00e8lerins apr\u00e8s le mois de mars 2024.<\/p>\n\n\n\n<p>Encore une fois, nous invitons l\u2019ensemble des p\u00e8lerins \u00e0 s\u2019inscrire d\u2019ici la fin du mois de f\u00e9vrier 2024. Notre objectif est de finir avec tout le processus. Car, la zone rouge qui est indiqu\u00e9e par les autorit\u00e9s saoudiennes et o\u00f9 on n\u2019aimerait pas se retrouver, commence \u00e0 partir du 1er mars jusqu\u2019au 24 mars. Si nous arrivons \u00e0 \u00e9viter cela et finir tout \u00e0 temps, les p\u00e8lerins seront \u00e0 l\u2019aise. Nous-m\u00eames, nous allons faire un travail remarquable et le Mali aura de bonne r\u00e9putation dans les diff\u00e9rents pays qui organisent le Hadj.<\/p>\n\n\n\n<p><strong>&nbsp;&nbsp;&nbsp;&nbsp;&nbsp;&nbsp;&nbsp;&nbsp;&nbsp; R\u00e9alis\u00e9 par Kassoum Th\u00e9ra<\/strong><\/p>\n","protected":false},"excerpt":{"rendered":"<p>\u201cNotre objectif est d\u2019en finir avec les inscriptions pour le Hadj-2024 d\u2019ici fin f\u00e9vrier\u201d Pour la bonne organisation du Hadj de 2022 \u00e0 2023, le directeur g\u00e9n\u00e9ral de la Maison&hellip;<\/p>\n","protected":false},"author":1,"featured_media":17233,"comment_status":"open","ping_status":"open","sticky":false,"template":"","format":"standard","meta":{"content-type":"","_lmt_disableupdate":"","_lmt_disable":"","_jetpack_memberships_contains_paid_content":false,"footnotes":"","jetpack_publicize_message":"","jetpack_publicize_feature_enabled":true,"jetpack_social_post_already_shared":true,"jetpack_social_options":{"image_generator_settings":{"template":"highway","default_image_id":0,"font":"","enabled":false},"version":2}},"categories":[19,40],"tags":[],"class_list":["post-17231","post","type-post","status-publish","format-standard","has-post-thumbnail","hentry","category-aujourdhui-mali","category-pelerinage"],"jetpack_publicize_connections":[],"featured_image_urls":{"full":["https:\/\/nandi.info\/wp-content\/uploads\/2024\/02\/DG-maison-Hadj-1.jpg",480,320,false],"thumbnail":["https:\/\/nandi.info\/wp-content\/uploads\/2024\/02\/DG-maison-Hadj-1-150x150.jpg",150,150,true],"medium":["https:\/\/nandi.info\/wp-content\/uploads\/2024\/02\/DG-maison-Hadj-1-300x200.jpg",300,200,true],"medium_large":["https:\/\/nandi.info\/wp-content\/uploads\/2024\/02\/DG-maison-Hadj-1.jpg",480,320,false],"large":["https:\/\/nandi.info\/wp-content\/uploads\/2024\/02\/DG-maison-Hadj-1.jpg",480,320,false],"1536x1536":["https:\/\/nandi.info\/wp-content\/uploads\/2024\/02\/DG-maison-Hadj-1.jpg",480,320,false],"2048x2048":["https:\/\/nandi.info\/wp-content\/uploads\/2024\/02\/DG-maison-Hadj-1.jpg",480,320,false],"penci-recipe-1200x1200":["https:\/\/nandi.info\/wp-content\/uploads\/2024\/02\/DG-maison-Hadj-1.jpg",480,320,false],"penci-recipe-1200x900":["https:\/\/nandi.info\/wp-content\/uploads\/2024\/02\/DG-maison-Hadj-1.jpg",480,320,false],"penci-recipe-1200x675":["https:\/\/nandi.info\/wp-content\/uploads\/2024\/02\/DG-maison-Hadj-1.jpg",480,320,false],"penci-single-full":["https:\/\/nandi.info\/wp-content\/uploads\/2024\/02\/DG-maison-Hadj-1.jpg",480,320,false],"penci-slider-full-thumb":["https:\/\/nandi.info\/wp-content\/uploads\/2024\/02\/DG-maison-Hadj-1.jpg",480,320,false],"penci-full-thumb":["https:\/\/nandi.info\/wp-content\/uploads\/2024\/02\/DG-maison-Hadj-1.jpg",480,320,false],"penci-slider-thumb":["https:\/\/nandi.info\/wp-content\/uploads\/2024\/02\/DG-maison-Hadj-1.jpg",480,320,false],"penci-magazine-slider":["https:\/\/nandi.info\/wp-content\/uploads\/2024\/02\/DG-maison-Hadj-1.jpg",480,320,false],"penci-thumb":["https:\/\/nandi.info\/wp-content\/uploads\/2024\/02\/DG-maison-Hadj-1.jpg",480,320,false],"penci-masonry-thumb":["https:\/\/nandi.info\/wp-content\/uploads\/2024\/02\/DG-maison-Hadj-1.jpg",480,320,false],"penci-thumb-square":["https:\/\/nandi.info\/wp-content\/uploads\/2024\/02\/DG-maison-Hadj-1.jpg",480,320,false],"penci-thumb-vertical":["https:\/\/nandi.info\/wp-content\/uploads\/2024\/02\/DG-maison-Hadj-1.jpg",480,320,false],"penci-thumb-small":["https:\/\/nandi.info\/wp-content\/uploads\/2024\/02\/DG-maison-Hadj-1.jpg",263,175,false]},"author_info":{"display_name":"Nandi","author_link":"https:\/\/nandi.info\/?author=1"},"category_info":"<a href=\"https:\/\/nandi.info\/?cat=19\" rel=\"category\">Aujourd\u2019hui Mali<\/a> <a href=\"https:\/\/nandi.info\/?cat=40\" rel=\"category\">P\u00e9l\u00e9rinage<\/a>","tag_info":"P\u00e9l\u00e9rinage","comment_count":"0","jetpack_featured_media_url":"https:\/\/nandi.info\/wp-content\/uploads\/2024\/02\/DG-maison-Hadj-1.jpg","jetpack_sharing_enabled":true,"_links":{"self":[{"href":"https:\/\/nandi.info\/index.php?rest_route=\/wp\/v2\/posts\/17231","targetHints":{"allow":["GET"]}}],"collection":[{"href":"https:\/\/nandi.info\/index.php?rest_route=\/wp\/v2\/posts"}],"about":[{"href":"https:\/\/nandi.info\/index.php?rest_route=\/wp\/v2\/types\/post"}],"author":[{"embeddable":true,"href":"https:\/\/nandi.info\/index.php?rest_route=\/wp\/v2\/users\/1"}],"replies":[{"embeddable":true,"href":"https:\/\/nandi.info\/index.php?rest_route=%2Fwp%2Fv2%2Fcomments&post=17231"}],"version-history":[{"count":1,"href":"https:\/\/nandi.info\/index.php?rest_route=\/wp\/v2\/posts\/17231\/revisions"}],"predecessor-version":[{"id":17234,"href":"https:\/\/nandi.info\/index.php?rest_route=\/wp\/v2\/posts\/17231\/revisions\/17234"}],"wp:featuredmedia":[{"embeddable":true,"href":"https:\/\/nandi.info\/index.php?rest_route=\/wp\/v2\/media\/17233"}],"wp:attachment":[{"href":"https:\/\/nandi.info\/index.php?rest_route=%2Fwp%2Fv2%2Fmedia&parent=17231"}],"wp:term":[{"taxonomy":"category","embeddable":true,"href":"https:\/\/nandi.info\/index.php?rest_route=%2Fwp%2Fv2%2Fcategories&post=17231"},{"taxonomy":"post_tag","embeddable":true,"href":"https:\/\/nandi.info\/index.php?rest_route=%2Fwp%2Fv2%2Ftags&post=17231"}],"curies":[{"name":"wp","href":"https:\/\/api.w.org\/{rel}","templated":true}]}}