{"id":17220,"date":"2024-02-11T14:34:28","date_gmt":"2024-02-11T13:34:28","guid":{"rendered":"https:\/\/nandi.info\/?p=17220"},"modified":"2024-02-11T14:34:32","modified_gmt":"2024-02-11T13:34:32","slug":"mouvement-generation-engagee-mge-le-plan-dactions-strategiques-2024-devoile","status":"publish","type":"post","link":"https:\/\/nandi.info\/?p=17220","title":{"rendered":"Mouvement g\u00e9n\u00e9ration engag\u00e9e (MGE) : Le plan d\u2019actions strat\u00e9giques 2024 d\u00e9voil\u00e9"},"content":{"rendered":"\n<h2 class=\"wp-block-heading has-text-align-center has-large-font-size\"><strong>Un appel et des recommandations faites aux jeunes<\/strong><\/h2>\n\n\n\n<p><strong><em>Les responsables du Mouvement g\u00e9n\u00e9ration engag\u00e9e (MGE) \u00e9taient le vendredi dernier face aux hommes de m\u00e9dias&nbsp; \u00e0 la Maison de la presse. Pr\u00e9sentation dudit mouvement,&nbsp; de son plan d\u2019actions strat\u00e9giques&nbsp;&nbsp; pour 2024 \u00e9taient, entre autres, points inscrits \u00e0 l\u2019ordre du jour&nbsp; de cette rencontre.<\/em><\/strong><\/p>\n\n\n\n<p class=\"has-drop-cap\">Membres du Mouvement g\u00e9n\u00e9ration engag\u00e9e (MGE), partenaires et hommes de m\u00e9dias ont massivement fait le d\u00e9placement pour cette rencontre pr\u00e9sid\u00e9e par Moctar Ousmane Sy, pr\u00e9sident de cette organisation. Premier \u00e0 intervenir, le 1er vice-pr\u00e9sident du Mouvement g\u00e9n\u00e9ration engag\u00e9e, Mamedi Soboa Th\u00e9ra, a rappel\u00e9 que cela fait deux ans que leur regroupement a \u00e9t\u00e9 port\u00e9 sur les fonts baptismaux et est compos\u00e9 de femmes et d\u2019hommes ayant compris la n\u00e9cessit\u00e9 de s\u2019engager, en passant de la r\u00e9flexion \u00e0 l\u2019action, en portant des id\u00e9aux politiques et citoyens clairs, porteurs d\u2019espoir et ramenant l\u2019engagement politique et l\u2019engagement citoyen aux sens nobles&nbsp; du termes au service exclusif du progr\u00e8s nos populations. Il a surtout insist\u00e9 sur l\u2019importance de ce point de presse pour d\u00e9voiler les axes du plan d\u2019actions strat\u00e9gique de leur organisation, les d\u00e9fis \u00e0 relever et les orientations sur les questions fondamentales, surtout faire des recommandations et lancer un appel \u00e0 la jeunesse de notre pays.<\/p>\n\n\n\n<p>Son intervention fut suivie par celle du responsable communication du MGE, Gaoussou Ousmane Diallo, qui a soutenu que le MGE s\u2019est donn\u00e9 pour missions de r\u00e9unir les comp\u00e9tences de l\u2019int\u00e9rieur du pays et de la diaspora malienne dans le cadre d\u2019une r\u00e9flexion globale et d\u2019actions structur\u00e9es autour de plusieurs th\u00e9matiques pour transformer positivement la soci\u00e9t\u00e9 malienne et apporter des pistes de solutions endog\u00e8nes aux probl\u00e8mes nationaux.<\/p>\n\n\n\n<p>A cet effet, le Mouvement&nbsp; travaille, selon lui, \u00e0 la d\u00e9finition d\u2019un projet politique et veille \u00e0 sa mise en \u0153uvre en \u00e9tant \u00e0 la fois dans l\u2019action et dans la veille citoyenne, proposer un plan d\u2019actions de reconstruction de l\u2019Etat par des r\u00e9flexions et des actions dans plusieurs domaines.<\/p>\n\n\n\n<p><strong>Les activit\u00e9s majeures pour 2024<\/strong><\/p>\n\n\n\n<p>S\u2019agissant du plan d\u2019action pour 2024, Zeinaba Narab\u00e8ne, responsable programme du Mouvement de poursuivre que plusieurs activit\u00e9s sont au programme. Il s\u2019agit, entre autres, de la tenue d\u2019une tenue assembl\u00e9e g\u00e9n\u00e9rale (AG) pour discuter des objectifs, \u00e9valuer les progr\u00e8s et favoriser la transparence et la participation.<\/p>\n\n\n\n<p>La deuxi\u00e8me activit\u00e9 a trait au renforcement des capacit\u00e9s des membres, notamment \u00e0 travers l\u2019organisation de six sessions de formation en 2024 pour d\u00e9velopper les comp\u00e9tences et renforcer l\u2019expertise des membres, de la mise en place des comit\u00e9s locaux : poursuivre la mise en place des comit\u00e9s locaux pour promouvoir une action locale coh\u00e9rente et permettre une implication \u00e9tendue. S\u2019y ajoutent la tenue de retraite strat\u00e9gique annuelle \u00e0 Markala, l\u2019organisation d\u2019un forum sur l\u2019entrepreneuriat, d\u2019un forum national sur l\u2019\u00e9tudiant malien et d\u2019activit\u00e9s sportives\u2026 La troisi\u00e8me et la derni\u00e8re activit\u00e9 porte, selon la responsable programme du Mouvement&nbsp; g\u00e9n\u00e9ration engag\u00e9e, sur la rencontre avec des a\u00een\u00e9s pour permettre aux jeunes g\u00e9n\u00e9rations de mieux comprendre les enjeux et les d\u00e9fis auxquels le pays est confront\u00e9, en \u00e9coutant les exp\u00e9riences et leurs conseils.<\/p>\n\n\n\n<p><strong>Recommandations et appel \u00e0 la jeunesse<\/strong><\/p>\n\n\n\n<p>L\u2019occasion \u00e9tait opportune pour le Mouvement g\u00e9n\u00e9ration engag\u00e9&nbsp; pour appeler&nbsp; \u00e0 l\u2019union sacr\u00e9e autour des Forces arm\u00e9es maliennes (FAMa) pour la d\u00e9fense et la pr\u00e9servation de l\u2019int\u00e9grit\u00e9 du pays.<\/p>\n\n\n\n<p><em>\u201cLe Mouvement G\u00e9n\u00e9ration engag\u00e9e tient \u00e0 exprimer sa reconnaissance et son soutien envers nos FAMa, qui assurent avec courage, d\u00e9vouement et professionnalisme la d\u00e9fense de l\u2019int\u00e9grit\u00e9 territoriale, face aux menaces terroristes, aux conflits arm\u00e9s, aux trafics illicites\u2026\u201d<\/em>&nbsp;s\u2019est f\u00e9licit\u00e9 le vice-pr\u00e9sident Mamadi Soboa Th\u00e9ra. Il a aussi pass\u00e9 au peigne fin les d\u00e9fis d\u00e9mographiques, humanitaires, \u00e9conomiques, s\u00e9curitaires auquel notre pays est confront\u00e9, formul\u00e9 des recommandations et adress\u00e9 un message \u00e0 la jeunesse malienne. Ainsi pour favoriser l\u2019\u00e9mergence d\u2019une d\u00e9mocratie solide et la construction d\u2019un Etat de droit, le MGE recommande aux jeunes du Mali de s\u2019informer davantage sur les enjeux politiques, \u00e9conomiques, sociaux et environnementaux du Mali, en utilisant des sources d\u2019information fiables et diversifi\u00e9es, comme les journaux, les sites web, les rapports officiels.<\/p>\n\n\n\n<p>Le MGE appelle les jeunes \u00e0 exercer leur droit de vote, en s\u2019inscrivant sur les listes \u00e9lectorales, en se renseignant sur les candidats et les programmes, en participant aux campagnes \u00e9lectorales, en observant le d\u00e9roulement des scrutins, en respectant les r\u00e9sultats. Il exhorte la couche juv\u00e9nile \u00e0 s\u2019impliquer dans la vie publique, en rejoignant des partis politiques, des associations, des syndicats, des mouvements citoyens, qui d\u00e9fendent l\u2019int\u00e9r\u00eat g\u00e9n\u00e9ral et qui portent des id\u00e9es de construction nationale ; de contr\u00f4ler de mani\u00e8re bienveillante de l\u2019action des autorit\u00e9s, en exigeant la transparence, la r\u00e9devabilit\u00e9 et \u00e0 s\u2019engager pour la lutte contre la corruption et l\u2019impunit\u00e9, le client\u00e9lisme et le n\u00e9potisme.<\/p>\n\n\n\n<p><strong>S\u2019engager pour le Mali<\/strong><\/p>\n\n\n\n<p><em>\u201cChers jeunes du Mali, vous \u00eates l\u2019espoir, la force et l\u2019avenir de notre pays. Vous avez le pouvoir de changer les choses, de faire la diff\u00e9rence, de contribuer \u00e0 la s\u00e9curit\u00e9 et au d\u00e9veloppement du Mali. Nous vous invitons \u00e0 vous engager pour le Mali, \u00e0 prendre votre destin en main, \u00e0 \u00eatre des acteurs et les b\u00e9n\u00e9ficiaires du changement.<\/em><\/p>\n\n\n\n<p><em>S\u2019engager pour le Mali, c\u2019est s\u2019engager pour la d\u00e9mocratie et la construction d\u2019un Etat de droit, en respectant les r\u00e8gles du jeu d\u00e9mocratique, en exer\u00e7ant votre droit de vote, en vous impliquant dans la vie publique, en contr\u00f4lant l\u2019action des autorit\u00e9s, etc. S\u2019engager pour le d\u00e9veloppement du pays, en vous informant, en vous formant, en cr\u00e9ant des entreprises, en innovant, en payant vos imp\u00f4ts, en participant aux programmes de d\u00e9veloppement\u201d<\/em>, a invit\u00e9 le vice-pr\u00e9sident.<\/p>\n\n\n\n<p>Il a ajout\u00e9 que s\u2019engager pour le Mali, que c\u2019est s\u2019engager pour la collaboration avec les autorit\u00e9s, dans une posture proactive et constructive, en faisant des propositions, en exprimant vos besoins, vos attentes, vos critiques, etc., en utilisant les voies l\u00e9gales et pacifiques, en respectant les institutions, les lois et les droits de l\u2019Homme, etc.<\/p>\n\n\n\n<p>Il a demand\u00e9 aux&nbsp; jeunes \u00e0 s\u2019engager pour la responsabilit\u00e9, le respect et l\u2019incarnation des valeurs patriotiques, \u00e9thiques et morales, en \u00e9tant honn\u00eate, int\u00e8gre, loyal, solidaire, tol\u00e9rant, etc., en donnant l\u2019exemple, en \u00e9tant un mod\u00e8le pour les autres, en d\u00e9fendant les int\u00e9r\u00eats et la souverainet\u00e9 du Mali, etc.&nbsp;<em>\u201cS\u2019engager pour la formation, pour acqu\u00e9rir et apporter vos comp\u00e9tences au service du pays, en \u00e9tudiant, en travaillant, en vous perfectionnant, en partageant vos connaissances, vos exp\u00e9riences, vos r\u00e9seaux, etc. S\u2019engager pour l\u2019unit\u00e9 nationale et le rassemblement, en valorisant la diversit\u00e9 culturelle, ethnique, religieuse, linguistique, etc. du Mali, en combattant les discriminations, les st\u00e9r\u00e9otypes, les pr\u00e9jug\u00e9s, les violences, etc., en promouvant le dialogue, la r\u00e9conciliation, la justice, le pardon, etc. S\u2019engager pour le Mali, c\u2019est aussi s\u2019engager pour vous-m\u00eame, pour votre \u00e9panouissement personnel et professionnel, pour votre dignit\u00e9 et votre fiert\u00e9, pour votre contribution au bien commun. S\u2019engager pour le Mali, c\u2019est vous offrir des opportunit\u00e9s de r\u00e9aliser vos r\u00eaves, vos projets, vos ambitions. S\u2019engager pour le Mali, c\u2019est vous ouvrir des perspectives de vivre dans un pays meilleur, plus juste, plus prosp\u00e8re, plus harmonieux\u201d,<\/em>&nbsp;a-t-il conclu.&nbsp;&nbsp;&nbsp;&nbsp;&nbsp;&nbsp;<strong>&nbsp;&nbsp;&nbsp;&nbsp;&nbsp;&nbsp;&nbsp;&nbsp;&nbsp;&nbsp;&nbsp;&nbsp;&nbsp;&nbsp;&nbsp;&nbsp;&nbsp;&nbsp;&nbsp;&nbsp;<\/strong><\/p>\n\n\n\n<p><strong>Kassoum Th\u00e9ra<\/strong><\/p>\n","protected":false},"excerpt":{"rendered":"<p>Un appel et des recommandations faites aux jeunes Les responsables du Mouvement g\u00e9n\u00e9ration engag\u00e9e (MGE) \u00e9taient le vendredi dernier face aux hommes de m\u00e9dias&nbsp; \u00e0 la Maison de la presse.&hellip;<\/p>\n","protected":false},"author":1,"featured_media":17221,"comment_status":"open","ping_status":"open","sticky":false,"template":"","format":"standard","meta":{"content-type":"","_lmt_disableupdate":"","_lmt_disable":"","_jetpack_memberships_contains_paid_content":false,"footnotes":"","jetpack_publicize_message":"","jetpack_publicize_feature_enabled":true,"jetpack_social_post_already_shared":true,"jetpack_social_options":{"image_generator_settings":{"template":"highway","default_image_id":0,"font":"","enabled":false},"version":2}},"categories":[19,21],"tags":[],"class_list":["post-17220","post","type-post","status-publish","format-standard","has-post-thumbnail","hentry","category-aujourdhui-mali","category-societe"],"jetpack_publicize_connections":[],"featured_image_urls":{"full":["https:\/\/nandi.info\/wp-content\/uploads\/2024\/02\/Mamadi-Thera-mouvement-engage.jpg",680,263,false],"thumbnail":["https:\/\/nandi.info\/wp-content\/uploads\/2024\/02\/Mamadi-Thera-mouvement-engage-150x150.jpg",150,150,true],"medium":["https:\/\/nandi.info\/wp-content\/uploads\/2024\/02\/Mamadi-Thera-mouvement-engage-300x116.jpg",300,116,true],"medium_large":["https:\/\/nandi.info\/wp-content\/uploads\/2024\/02\/Mamadi-Thera-mouvement-engage.jpg",680,263,false],"large":["https:\/\/nandi.info\/wp-content\/uploads\/2024\/02\/Mamadi-Thera-mouvement-engage.jpg",680,263,false],"1536x1536":["https:\/\/nandi.info\/wp-content\/uploads\/2024\/02\/Mamadi-Thera-mouvement-engage.jpg",680,263,false],"2048x2048":["https:\/\/nandi.info\/wp-content\/uploads\/2024\/02\/Mamadi-Thera-mouvement-engage.jpg",680,263,false],"penci-recipe-1200x1200":["https:\/\/nandi.info\/wp-content\/uploads\/2024\/02\/Mamadi-Thera-mouvement-engage.jpg",680,263,false],"penci-recipe-1200x900":["https:\/\/nandi.info\/wp-content\/uploads\/2024\/02\/Mamadi-Thera-mouvement-engage.jpg",680,263,false],"penci-recipe-1200x675":["https:\/\/nandi.info\/wp-content\/uploads\/2024\/02\/Mamadi-Thera-mouvement-engage.jpg",680,263,false],"penci-single-full":["https:\/\/nandi.info\/wp-content\/uploads\/2024\/02\/Mamadi-Thera-mouvement-engage.jpg",680,263,false],"penci-slider-full-thumb":["https:\/\/nandi.info\/wp-content\/uploads\/2024\/02\/Mamadi-Thera-mouvement-engage.jpg",680,263,false],"penci-full-thumb":["https:\/\/nandi.info\/wp-content\/uploads\/2024\/02\/Mamadi-Thera-mouvement-engage.jpg",680,263,false],"penci-slider-thumb":["https:\/\/nandi.info\/wp-content\/uploads\/2024\/02\/Mamadi-Thera-mouvement-engage.jpg",680,263,false],"penci-magazine-slider":["https:\/\/nandi.info\/wp-content\/uploads\/2024\/02\/Mamadi-Thera-mouvement-engage.jpg",680,263,false],"penci-thumb":["https:\/\/nandi.info\/wp-content\/uploads\/2024\/02\/Mamadi-Thera-mouvement-engage.jpg",585,226,false],"penci-masonry-thumb":["https:\/\/nandi.info\/wp-content\/uploads\/2024\/02\/Mamadi-Thera-mouvement-engage.jpg",585,226,false],"penci-thumb-square":["https:\/\/nandi.info\/wp-content\/uploads\/2024\/02\/Mamadi-Thera-mouvement-engage.jpg",585,226,false],"penci-thumb-vertical":["https:\/\/nandi.info\/wp-content\/uploads\/2024\/02\/Mamadi-Thera-mouvement-engage.jpg",480,186,false],"penci-thumb-small":["https:\/\/nandi.info\/wp-content\/uploads\/2024\/02\/Mamadi-Thera-mouvement-engage.jpg",263,102,false]},"author_info":{"display_name":"Nandi","author_link":"https:\/\/nandi.info\/?author=1"},"category_info":"<a href=\"https:\/\/nandi.info\/?cat=19\" rel=\"category\">Aujourd\u2019hui Mali<\/a> <a href=\"https:\/\/nandi.info\/?cat=21\" rel=\"category\">Soci\u00e9t\u00e9<\/a>","tag_info":"Soci\u00e9t\u00e9","comment_count":"0","jetpack_featured_media_url":"https:\/\/nandi.info\/wp-content\/uploads\/2024\/02\/Mamadi-Thera-mouvement-engage.jpg","jetpack_sharing_enabled":true,"_links":{"self":[{"href":"https:\/\/nandi.info\/index.php?rest_route=\/wp\/v2\/posts\/17220","targetHints":{"allow":["GET"]}}],"collection":[{"href":"https:\/\/nandi.info\/index.php?rest_route=\/wp\/v2\/posts"}],"about":[{"href":"https:\/\/nandi.info\/index.php?rest_route=\/wp\/v2\/types\/post"}],"author":[{"embeddable":true,"href":"https:\/\/nandi.info\/index.php?rest_route=\/wp\/v2\/users\/1"}],"replies":[{"embeddable":true,"href":"https:\/\/nandi.info\/index.php?rest_route=%2Fwp%2Fv2%2Fcomments&post=17220"}],"version-history":[{"count":1,"href":"https:\/\/nandi.info\/index.php?rest_route=\/wp\/v2\/posts\/17220\/revisions"}],"predecessor-version":[{"id":17222,"href":"https:\/\/nandi.info\/index.php?rest_route=\/wp\/v2\/posts\/17220\/revisions\/17222"}],"wp:featuredmedia":[{"embeddable":true,"href":"https:\/\/nandi.info\/index.php?rest_route=\/wp\/v2\/media\/17221"}],"wp:attachment":[{"href":"https:\/\/nandi.info\/index.php?rest_route=%2Fwp%2Fv2%2Fmedia&parent=17220"}],"wp:term":[{"taxonomy":"category","embeddable":true,"href":"https:\/\/nandi.info\/index.php?rest_route=%2Fwp%2Fv2%2Fcategories&post=17220"},{"taxonomy":"post_tag","embeddable":true,"href":"https:\/\/nandi.info\/index.php?rest_route=%2Fwp%2Fv2%2Ftags&post=17220"}],"curies":[{"name":"wp","href":"https:\/\/api.w.org\/{rel}","templated":true}]}}