{"id":17215,"date":"2024-02-09T16:03:20","date_gmt":"2024-02-09T15:03:20","guid":{"rendered":"https:\/\/nandi.info\/?p=17215"},"modified":"2024-02-09T16:05:17","modified_gmt":"2024-02-09T15:05:17","slug":"retrait-de-laes-de-la-cedeao-les-operateurs-economiques-maliens-partages-entre-scepticisme-et-patriotisme","status":"publish","type":"post","link":"https:\/\/nandi.info\/?p=17215","title":{"rendered":"Retrait de l\u2019AES de la CEDEAO : Les op\u00e9rateurs \u00e9conomiques maliens partag\u00e9s entre scepticisme et patriotisme"},"content":{"rendered":"\n<p><strong>De nombreux experts ont reconnu que la d\u00e9cision du Burkina, du Mali et du Niger de se retirer de la Communaut\u00e9 \u00e9conomique des Etats de l\u2019Afrique de l\u2019ouest (CEDEAO) va beaucoup peser sur la confiance des entreprises, notamment en termes d\u2019investissement. Ce qui est une potentielle entrave \u00e0 la croissance \u00e9conomique de ces Etats et de la sous-r\u00e9gion. Pour le mettre en confiance, le Premier ministre a rencontr\u00e9 le secteur priv\u00e9 malien mercredi dernier (31 janvier 2024) au CICB. Mais, on a plut\u00f4t senti des op\u00e9rateurs \u00e9conomiques partag\u00e9s entre scepticisme et patriotisme.<\/strong><\/p>\n\n\n\n<p class=\"has-drop-cap\">R\u00e9unions de la C\u00e9d\u00e9ao en l\u2019absence du Burkina, du Mali et du Niger&nbsp;; menaces sans raisons&nbsp;; sanctions injustes et inefficaces&nbsp;; embargo injuste, ill\u00e9gal et ill\u00e9gitime impos\u00e9 au peuple nig\u00e9rien\u2026 Autant de raisons qui ont fini par semer \u00ab<em>un s\u00e9rieux doute sur son autonomie d\u2019action vis-\u00e0-vis de puissances \u00e9trang\u00e8res<\/em>\u00bb, a expliqu\u00e9 aux op\u00e9rateurs \u00e9conomiques maliens Dr Choguel Kokalla Ma\u00efga lors de leur rencontre mercredi dernier (31 janvier 2024) au CICB. Il s\u2019est appesanti sur \u00ab<em>une accumulation d\u2019actes inamicaux<\/em>\u00bb ayant rendu \u00ab<em>in\u00e9vitable le retrait des \u00c9tats qui subissaient au quotidien l\u2019injustice, l\u2019acharnement et l\u2019hostilit\u00e9 d\u2019une organisation \u00e0 l\u2019av\u00e8nement de laquelle ils ont contribu\u00e9<\/em>\u00bb.<\/p>\n\n\n\n<p>Le chef du gouvernement a assur\u00e9 ses interlocuteurs que ce retrait est \u00ab<em>une d\u00e9cision m\u00fbrement r\u00e9fl\u00e9chie et prise en toute responsabilit\u00e9\u2026<\/em>\u00bb. Elle marque la m\u00e9fiance vis-\u00e0-vis d\u2019une organisation qui s\u2019est progressivement \u00e9loign\u00e9e \u00ab<em>des id\u00e9aux<\/em>\u00bb de ses p\u00e8res fondateurs et du \u00ab<em>panafricanisme<\/em>\u00bb qui est dans l\u2019ADN politique du Mali. Selon Choguel, ce retrait va permettre aux trois pays de d\u00e9finir des politiques commerciales \u00ab<em>optimales et plus avantageuses<\/em>\u00bb, d\u2019avoir la libert\u00e9 de d\u00e9cision au plan politique et \u00e9conomique, de nouer et signer des accords bilat\u00e9raux et multilat\u00e9raux. Il a profit\u00e9 de l\u2019occasion pour appeler les Etats de l\u2019AES \u00e0 \u00ab<em>mutualiser leurs intelligences et leurs ressources<\/em>\u00bb.<\/p>\n\n\n\n<p>Quid de l\u2019inqui\u00e9tude perceptible chez les op\u00e9rateurs \u00e9conomiques maliens voire de l\u2019AES&nbsp;! \u00ab<em>Toutes les grandes nations se sont construites dans la douleur. Nous sommes \u00e0 cette \u00e9tape et nous gagnerons cette bataille de souverainet\u00e9 avec l\u2019engagement de toutes et de tous<\/em>\u00bb, a d\u00e9clar\u00e9 Dr Choguel Kokalla Ma\u00efga en exhortant Maliens, Nig\u00e9riens et Burkinab\u00e9 \u00e0 rester confiants et sereins. Il a rappel\u00e9 que, pour minimiser d\u2019\u00e9ventuels impacts n\u00e9gatifs de cette d\u00e9cision politique, le Conseil des ministres extraordinaire du 29 janvier 2024 a d\u00e9cid\u00e9 de la mise en place d\u2019un comit\u00e9 de pilotage de haut niveau afin d\u2019exploiter cette d\u00e9cision comme \u00ab<em>une opportunit\u00e9 de d\u00e9veloppement, de plus de croissance \u00e9conomique, de paix, de stabilit\u00e9 et de r\u00e9affirmation de la souverainet\u00e9<\/em>\u00bb.<\/p>\n\n\n\n<p>Et cela d\u2019autant plus que l\u2019AES comptait plus de 70 millions d\u2019habitants en 2022 et son poids \u00e9conomique est important avec des \u00e9changes cons\u00e9quents entre les trois \u00c9tats qui restent membres de l\u2019Union \u00e9conomique et mon\u00e9taire des Etats de l\u2019Afrique de l\u2019ouest (UEMOA). A ce titre, ils b\u00e9n\u00e9ficient de la libert\u00e9 de circulation au sein de cette organisation et de l\u2019acc\u00e8s \u00e0 la mer. Un acc\u00e8s aussi possible du c\u00f4t\u00e9 de la R\u00e9publique de Guin\u00e9e et de la R\u00e9publique islamique de la Mauritanie. Le Chef du gouvernement n\u2019a pas manqu\u00e9 de rappeler et de saluer la \u00ab<em>contribution exceptionnelle<\/em>\u00bb des op\u00e9rateurs \u00e9conomiques qui n\u2019ont m\u00e9nag\u00e9 aucun effort pendant l\u2019embargo subi par le Mali.<\/p>\n\n\n\n<p>\u00ab<em>Si notre pays a pu tenir, c\u2019est gr\u00e2ce \u00e0 vous. Si notre pays continue \u00e0 \u00eatre r\u00e9silient, c\u2019est aussi gr\u00e2ce au dynamisme et \u00e0 l\u2019engagement de son secteur priv\u00e9<\/em>\u00bb, a-t-il reconnu. Le Premier ministre n\u2019a pas cach\u00e9 sa conviction que la r\u00e9ussite de la d\u00e9cision du gouvernement d\u00e9pend du secteur priv\u00e9.&nbsp; Il l\u2019a donc encourag\u00e9 \u00e0 agir sans h\u00e9sitation ni tergiversations et \u00e0 ne rien craindre. A-t-il r\u00e9ussi \u00e0 balayer les craintes du secteur priv\u00e9 par rapport \u00e0 cette d\u00e9cision qui n\u2019est pas opportune pour tout le monde&nbsp;? Ce n\u2019est pas \u00e9vident. Les pr\u00e9sidents du Conseil national du patronat malien (CNPM) et de la Chambre de commerce et d\u2019industrie du Mali CCIM, respectivement MM. Mossadeck Bally et Mandjou Simpara, ont confi\u00e9 \u00e0 la presse qu\u2019ils prennent acte de la d\u00e9cision de retrait du Burkina Faso, du Mali et du Niger de la C\u00e9d\u00e9ao. Ils pr\u00e9voient \u00e0 l\u2019interne des rencontres pour \u00e9valuer avec s\u00e9r\u00e9nit\u00e9 les cons\u00e9quences de ce retrait afin de formuler des propositions au gouvernement. Ils se sont ainsi engag\u00e9s \u00e0 consulter toutes les parties prenantes pour mieux \u00e9valuer la situation.<\/p>\n\n\n\n<p>Mais, \u00e0 bien \u00e9couter le PM, la d\u00e9cision gouvernementale est \u00ab<em>d\u00e9j\u00e0 prise<\/em>\u00bb. Ce n\u2019est pas sans doute les r\u00e9serves des op\u00e9rateurs \u00e9conomiques, partag\u00e9s entre scepticisme et patriotisme, qui vont le contraindre \u00e0 y renoncer.<\/p>\n\n\n\n<p><strong>Hamady Tamba<\/strong><\/p>\n\n\n\n<p><strong>\u00a0<\/strong><\/p>\n\n\n\n<h2 class=\"wp-block-heading has-text-align-center has-x-large-font-size\"><strong>CEDEAO\u00a0: \u00abUne menace pour nos pays\u00bb, dixit Dr Choguel Kokalla Ma\u00efga<\/strong><\/h2>\n\n\n\n<p>\u00ab<em>La C\u00e9d\u00e9ao est devenue une menace pour nos pays, car son dessein lugubre consistait \u00e0 provoquer l\u2019effondrement de nos \u00e9tats pour satisfaire les int\u00e9r\u00eats de puissances \u00e9trang\u00e8res, sponsors notoires du terrorisme<\/em>\u00bb&nbsp;! C\u2019est ce qu\u2019a d\u00e9fendu le Premier ministre de la Transition, Dr Choguel Kokalla Ma\u00efga, lors de sa rencontre avec le secteur priv\u00e9 mercredi dernier (31 janvier 2024) au CICB. Il a ajout\u00e9 que cette organisation \u00ab<em>a brill\u00e9 par son manque d\u2019empathie, de solidarit\u00e9 et de vision strat\u00e9gique<\/em>\u00bb face au terrorisme auquel sont confront\u00e9s les trois Etats consid\u00e9r\u00e9s comme des \u00ab<em>digues de protection pour les \u00c9tats de la c\u00f4te ouest<\/em>\u00bb.<\/p>\n\n\n\n<p>\u00ab<em>Progressivement, la C\u00e9d\u00e9ao est devenue une menace pour nos pays, car son dessein lugubre consistait clairement \u00e0 mettre \u00e0 genoux nos pays, \u00e0 susciter des remous sociopolitiques, \u00e0 provoquer des changements politiques et l\u2019effondrement de nos \u00c9tats pour satisfaire les int\u00e9r\u00eats de puissances \u00e9trang\u00e8res, de puissances extracommunautaires et extra-africaines connues comme \u00e9tant des sponsors notoires du terrorisme au Sahel<\/em>\u00bb, a d\u00e9plor\u00e9 le chef du gouvernement. Vu sous ce prisme, le retrait du Burkina Faso, du Mali et du Niger de l\u2019organisation sous-r\u00e9gionale est amplement justifi\u00e9. \u00ab<em>Le Mali est la m\u00e8re de la C\u00e9d\u00e9ao. En cas de difficult\u00e9s, la maman est la derni\u00e8re \u00e0 laisser tomber son enfant. Mais, si la fille veut tuer sa maman, celle-ci se cherche<\/em>\u00bb, a pr\u00e9cis\u00e9 Dr Choguel K. Ma\u00efga.<\/p>\n\n\n\n<p><strong>H.T<\/strong><\/p>\n","protected":false},"excerpt":{"rendered":"<p>De nombreux experts ont reconnu que la d\u00e9cision du Burkina, du Mali et du Niger de se retirer de la Communaut\u00e9 \u00e9conomique des Etats de l\u2019Afrique de l\u2019ouest (CEDEAO) va&hellip;<\/p>\n","protected":false},"author":1,"featured_media":17216,"comment_status":"open","ping_status":"open","sticky":false,"template":"","format":"standard","meta":{"content-type":"","_lmt_disableupdate":"","_lmt_disable":"","_jetpack_memberships_contains_paid_content":false,"footnotes":"","jetpack_publicize_message":"","jetpack_publicize_feature_enabled":true,"jetpack_social_post_already_shared":true,"jetpack_social_options":{"image_generator_settings":{"template":"highway","default_image_id":0,"font":"","enabled":false},"version":2}},"categories":[125,46,53],"tags":[],"class_list":["post-17215","post","type-post","status-publish","format-standard","has-post-thumbnail","hentry","category-actualite","category-cedeao","category-le-matin"],"jetpack_publicize_connections":[],"featured_image_urls":{"full":["https:\/\/nandi.info\/wp-content\/uploads\/2024\/02\/A-lissue-de-leur-rencontre-du-31-janvier-2024-les-operateurs-economiques-ne-semblaient-trop-satisfaits-des-assurances-donnees-par-le-Premier-ministre-Choguel-Kokalla-Maiga.jpg",1024,533,false],"thumbnail":["https:\/\/nandi.info\/wp-content\/uploads\/2024\/02\/A-lissue-de-leur-rencontre-du-31-janvier-2024-les-operateurs-economiques-ne-semblaient-trop-satisfaits-des-assurances-donnees-par-le-Premier-ministre-Choguel-Kokalla-Maiga-150x150.jpg",150,150,true],"medium":["https:\/\/nandi.info\/wp-content\/uploads\/2024\/02\/A-lissue-de-leur-rencontre-du-31-janvier-2024-les-operateurs-economiques-ne-semblaient-trop-satisfaits-des-assurances-donnees-par-le-Premier-ministre-Choguel-Kokalla-Maiga-300x156.jpg",300,156,true],"medium_large":["https:\/\/nandi.info\/wp-content\/uploads\/2024\/02\/A-lissue-de-leur-rencontre-du-31-janvier-2024-les-operateurs-economiques-ne-semblaient-trop-satisfaits-des-assurances-donnees-par-le-Premier-ministre-Choguel-Kokalla-Maiga-768x400.jpg",768,400,true],"large":["https:\/\/nandi.info\/wp-content\/uploads\/2024\/02\/A-lissue-de-leur-rencontre-du-31-janvier-2024-les-operateurs-economiques-ne-semblaient-trop-satisfaits-des-assurances-donnees-par-le-Premier-ministre-Choguel-Kokalla-Maiga.jpg",1024,533,false],"1536x1536":["https:\/\/nandi.info\/wp-content\/uploads\/2024\/02\/A-lissue-de-leur-rencontre-du-31-janvier-2024-les-operateurs-economiques-ne-semblaient-trop-satisfaits-des-assurances-donnees-par-le-Premier-ministre-Choguel-Kokalla-Maiga.jpg",1024,533,false],"2048x2048":["https:\/\/nandi.info\/wp-content\/uploads\/2024\/02\/A-lissue-de-leur-rencontre-du-31-janvier-2024-les-operateurs-economiques-ne-semblaient-trop-satisfaits-des-assurances-donnees-par-le-Premier-ministre-Choguel-Kokalla-Maiga.jpg",1024,533,false],"penci-recipe-1200x1200":["https:\/\/nandi.info\/wp-content\/uploads\/2024\/02\/A-lissue-de-leur-rencontre-du-31-janvier-2024-les-operateurs-economiques-ne-semblaient-trop-satisfaits-des-assurances-donnees-par-le-Premier-ministre-Choguel-Kokalla-Maiga.jpg",1024,533,false],"penci-recipe-1200x900":["https:\/\/nandi.info\/wp-content\/uploads\/2024\/02\/A-lissue-de-leur-rencontre-du-31-janvier-2024-les-operateurs-economiques-ne-semblaient-trop-satisfaits-des-assurances-donnees-par-le-Premier-ministre-Choguel-Kokalla-Maiga.jpg",1024,533,false],"penci-recipe-1200x675":["https:\/\/nandi.info\/wp-content\/uploads\/2024\/02\/A-lissue-de-leur-rencontre-du-31-janvier-2024-les-operateurs-economiques-ne-semblaient-trop-satisfaits-des-assurances-donnees-par-le-Premier-ministre-Choguel-Kokalla-Maiga.jpg",1024,533,false],"penci-single-full":["https:\/\/nandi.info\/wp-content\/uploads\/2024\/02\/A-lissue-de-leur-rencontre-du-31-janvier-2024-les-operateurs-economiques-ne-semblaient-trop-satisfaits-des-assurances-donnees-par-le-Premier-ministre-Choguel-Kokalla-Maiga.jpg",1024,533,false],"penci-slider-full-thumb":["https:\/\/nandi.info\/wp-content\/uploads\/2024\/02\/A-lissue-de-leur-rencontre-du-31-janvier-2024-les-operateurs-economiques-ne-semblaient-trop-satisfaits-des-assurances-donnees-par-le-Premier-ministre-Choguel-Kokalla-Maiga.jpg",1024,533,false],"penci-full-thumb":["https:\/\/nandi.info\/wp-content\/uploads\/2024\/02\/A-lissue-de-leur-rencontre-du-31-janvier-2024-les-operateurs-economiques-ne-semblaient-trop-satisfaits-des-assurances-donnees-par-le-Premier-ministre-Choguel-Kokalla-Maiga.jpg",1024,533,false],"penci-slider-thumb":["https:\/\/nandi.info\/wp-content\/uploads\/2024\/02\/A-lissue-de-leur-rencontre-du-31-janvier-2024-les-operateurs-economiques-ne-semblaient-trop-satisfaits-des-assurances-donnees-par-le-Premier-ministre-Choguel-Kokalla-Maiga.jpg",1024,533,false],"penci-magazine-slider":["https:\/\/nandi.info\/wp-content\/uploads\/2024\/02\/A-lissue-de-leur-rencontre-du-31-janvier-2024-les-operateurs-economiques-ne-semblaient-trop-satisfaits-des-assurances-donnees-par-le-Premier-ministre-Choguel-Kokalla-Maiga.jpg",780,406,false],"penci-thumb":["https:\/\/nandi.info\/wp-content\/uploads\/2024\/02\/A-lissue-de-leur-rencontre-du-31-janvier-2024-les-operateurs-economiques-ne-semblaient-trop-satisfaits-des-assurances-donnees-par-le-Premier-ministre-Choguel-Kokalla-Maiga.jpg",585,304,false],"penci-masonry-thumb":["https:\/\/nandi.info\/wp-content\/uploads\/2024\/02\/A-lissue-de-leur-rencontre-du-31-janvier-2024-les-operateurs-economiques-ne-semblaient-trop-satisfaits-des-assurances-donnees-par-le-Premier-ministre-Choguel-Kokalla-Maiga.jpg",585,304,false],"penci-thumb-square":["https:\/\/nandi.info\/wp-content\/uploads\/2024\/02\/A-lissue-de-leur-rencontre-du-31-janvier-2024-les-operateurs-economiques-ne-semblaient-trop-satisfaits-des-assurances-donnees-par-le-Premier-ministre-Choguel-Kokalla-Maiga.jpg",585,304,false],"penci-thumb-vertical":["https:\/\/nandi.info\/wp-content\/uploads\/2024\/02\/A-lissue-de-leur-rencontre-du-31-janvier-2024-les-operateurs-economiques-ne-semblaient-trop-satisfaits-des-assurances-donnees-par-le-Premier-ministre-Choguel-Kokalla-Maiga.jpg",480,250,false],"penci-thumb-small":["https:\/\/nandi.info\/wp-content\/uploads\/2024\/02\/A-lissue-de-leur-rencontre-du-31-janvier-2024-les-operateurs-economiques-ne-semblaient-trop-satisfaits-des-assurances-donnees-par-le-Premier-ministre-Choguel-Kokalla-Maiga.jpg",263,137,false]},"author_info":{"display_name":"Nandi","author_link":"https:\/\/nandi.info\/?author=1"},"category_info":"<a href=\"https:\/\/nandi.info\/?cat=125\" rel=\"category\">Actualit\u00e9<\/a> <a href=\"https:\/\/nandi.info\/?cat=46\" rel=\"category\">CEDEAO<\/a> <a href=\"https:\/\/nandi.info\/?cat=53\" rel=\"category\">Le Matin<\/a>","tag_info":"Le Matin","comment_count":"0","jetpack_featured_media_url":"https:\/\/nandi.info\/wp-content\/uploads\/2024\/02\/A-lissue-de-leur-rencontre-du-31-janvier-2024-les-operateurs-economiques-ne-semblaient-trop-satisfaits-des-assurances-donnees-par-le-Premier-ministre-Choguel-Kokalla-Maiga.jpg","jetpack_sharing_enabled":true,"_links":{"self":[{"href":"https:\/\/nandi.info\/index.php?rest_route=\/wp\/v2\/posts\/17215","targetHints":{"allow":["GET"]}}],"collection":[{"href":"https:\/\/nandi.info\/index.php?rest_route=\/wp\/v2\/posts"}],"about":[{"href":"https:\/\/nandi.info\/index.php?rest_route=\/wp\/v2\/types\/post"}],"author":[{"embeddable":true,"href":"https:\/\/nandi.info\/index.php?rest_route=\/wp\/v2\/users\/1"}],"replies":[{"embeddable":true,"href":"https:\/\/nandi.info\/index.php?rest_route=%2Fwp%2Fv2%2Fcomments&post=17215"}],"version-history":[{"count":2,"href":"https:\/\/nandi.info\/index.php?rest_route=\/wp\/v2\/posts\/17215\/revisions"}],"predecessor-version":[{"id":17219,"href":"https:\/\/nandi.info\/index.php?rest_route=\/wp\/v2\/posts\/17215\/revisions\/17219"}],"wp:featuredmedia":[{"embeddable":true,"href":"https:\/\/nandi.info\/index.php?rest_route=\/wp\/v2\/media\/17216"}],"wp:attachment":[{"href":"https:\/\/nandi.info\/index.php?rest_route=%2Fwp%2Fv2%2Fmedia&parent=17215"}],"wp:term":[{"taxonomy":"category","embeddable":true,"href":"https:\/\/nandi.info\/index.php?rest_route=%2Fwp%2Fv2%2Fcategories&post=17215"},{"taxonomy":"post_tag","embeddable":true,"href":"https:\/\/nandi.info\/index.php?rest_route=%2Fwp%2Fv2%2Ftags&post=17215"}],"curies":[{"name":"wp","href":"https:\/\/api.w.org\/{rel}","templated":true}]}}