{"id":17210,"date":"2024-02-09T15:55:12","date_gmt":"2024-02-09T14:55:12","guid":{"rendered":"https:\/\/nandi.info\/?p=17210"},"modified":"2024-02-09T15:55:14","modified_gmt":"2024-02-09T14:55:14","slug":"forces-armees-maliennes-un-pas-de-geant-dans-la-reconquete-du-lustre-dantan","status":"publish","type":"post","link":"https:\/\/nandi.info\/?p=17210","title":{"rendered":"Forces arm\u00e9es maliennes : Un pas de g\u00e9ant dans la reconqu\u00eate du lustre d\u2019antan"},"content":{"rendered":"\n<p><strong>C\u2019est une arm\u00e9e professionnelle et mobilis\u00e9e pour la d\u00e9fense de la patrie qui a c\u00e9l\u00e9br\u00e9 ses 63 ans le samedi 20 janvier 2024. Ce sont des Forces de d\u00e9fense et de s\u00e9curit\u00e9 (FDS) qui reviennent surtout de loin apr\u00e8s avoir \u00e9t\u00e9 r\u00e9duites par les \u00abd\u00e9mocrates\u00bb \u00e0 n\u2019\u00eatre que l\u2019ombre d\u2019elles-m\u00eames, juste des symboles. En cons\u00e9quence, la R\u00e9publique a \u00e9t\u00e9 \u00e9branl\u00e9e dans ses valeurs par des obscurantistes anim\u00e9s de la lugubre volont\u00e9 de nous soumettre \u00e0 leur diktat loin d\u2019\u00eatre un simple fanatisme religieux. Mais, aujourd\u2019hui, notre outil de d\u00e9fense a fait un pas de g\u00e9ant dans la reconqu\u00eate de sa puissance d\u2019antan.&nbsp;Ne serait-ce que pour cela, le putsch du 18 ao\u00fbt 2020 a \u00e9t\u00e9 salutaire pour le Mali.<\/strong><\/p>\n\n\n\n<p class=\"has-drop-cap\">Fragilis\u00e9e par les d\u00e9mocrates (par crainte sans doute des putsches auxquels ils n\u2019ont malheureusement pas \u00e9chapp\u00e9 en 2012 et 2020), l\u2019Arm\u00e9e malienne a connu une longue travers\u00e9e du d\u00e9sert avec l\u2019av\u00e8nement de la d\u00e9mocratie. Au nom des principes aussi vagues que galvaud\u00e9s, comme la notion de \u00ab<em>Pays fronti\u00e8res<\/em>\u00bb ou de \u00ab<em>l\u2019Arm\u00e9e de nos besoins<\/em>\u00bb, ils ont d\u00e9sarm\u00e9 le pays. Et cela dans leur propre int\u00e9r\u00eat (se mettre \u00e0 l\u2019abri des coups de force) et non de l\u2019int\u00e9r\u00eat g\u00e9n\u00e9ral. Au moment o\u00f9 des pays comme les Etats-Unis, la Russie, la Chine, la Turquie\u2026 ne cessent de nous d\u00e9montrer que le d\u00e9veloppement \u00e9conomique va de pair avec la puissance militaire, nos dirigeants avaient r\u00e9duit notre outil de d\u00e9fense \u00e0 une existence symbolique.<\/p>\n\n\n\n<p>Les accords de paix sign\u00e9s depuis 1992 avec les diff\u00e9rentes r\u00e9bellions ont achev\u00e9 ce travail de sape, \u00e0 travers notamment les programmes de \u00ab<em>D\u00e9sarmement, d\u00e9mobilisation et r\u00e9insertion<\/em>\u00bb (DDR). Ils ont progressivement soustrait au contr\u00f4le de nos Forces de d\u00e9fense et de s\u00e9curit\u00e9 (FDS) une grande partie de notre territoire&nbsp;: le nord progressivement \u00ab<em>d\u00e9militaris\u00e9<\/em>\u00bb afin de permettre aux groupes arm\u00e9s de se livrer \u00e0 leurs activit\u00e9s illicites et d\u00e9stabilisatrices du pays. Ces accords de paix ont \u00e9galement ouvert la porte de la bergerie aux loups \u00e0 travers la politique d\u2019int\u00e9gration d\u2019anciens rebelles. En fait, ceux-ci n\u2019ont int\u00e9gr\u00e9 nos forces arm\u00e9es que sur le papier et dans les discours. Ces \u00ab<em>int\u00e9gr\u00e9s<\/em>\u00bb, ou plut\u00f4t ces espions, ont toujours \u00e9t\u00e9 de v\u00e9ritables chevaux de Troie dans les rangs de nos FDS.<\/p>\n\n\n\n<p>D\u2019ailleurs, en 2012, les attaques contre des camps des FAMa dans le centre et dans le nord du pays ont \u00e9t\u00e9 dirig\u00e9es par des int\u00e9gr\u00e9s d\u00e9serteurs. Cette trahison a par exemple favoris\u00e9 le&nbsp;massacre d\u2019Aguelhoc ou le Capitaine S\u00e9kou Traor\u00e9 dit BAD et son bataillon ont farouchement r\u00e9sist\u00e9 pendant pr\u00e8s d\u2019une semaine (du 18 au 25 janvier 2012) aux assauts meurtriers des \u00e9l\u00e9ments d\u00e9cha\u00een\u00e9s du MNLA, d\u2019An\u00e7ar Dine et d\u2019Aqmi command\u00e9s par le Colonel d\u00e9serteur Ibah ou M\u2019Bam Ag Moussa dit \u00ab<em>Bamoussa<\/em>\u00bb (le 10 novembre 20220, dans la zone de M\u00e9naka). Malgr\u00e9 qu\u2019ils se soient rendus parce que n\u2019ayant plus de munitions pour se d\u00e9fendre, certains ont \u00e9t\u00e9 tu\u00e9s d\u2019une balle \u00e0 la t\u00eate et d\u2019autres \u00e9gorg\u00e9s. Ce tra\u00eetre de Bamoussa Diarra avait particip\u00e9 en 2012 aux batailles de M\u00e9naka, Aguelhoc, Tessalit et Kidal. Tout comme il avait men\u00e9 l\u2019attaque de Dioura le 17 mars 2019.<\/p>\n\n\n\n<p>Malheureusement, nos dirigeants avaient continu\u00e9 avec les m\u00eames erreurs sous couvert de l\u2019Accord pour la paix et la r\u00e9conciliation au Mali (APR) comportant un volet DDR (d\u00e9sarmement, d\u00e9mobilisation et r\u00e9int\u00e9gration) et ne tol\u00e9rant la pr\u00e9sence dans le septentrion que des bataillons de la \u00ab<em>Nouvelle arm\u00e9e reconstitu\u00e9e<\/em>\u00bb. Quelle&nbsp; honte&nbsp;!<\/p>\n\n\n\n<p><strong>Refus de laisser la d\u00e9fense nationale entre les mains des forces \u00e9trang\u00e8res<\/strong><\/p>\n\n\n\n<p>Autant dire que sans le coup d\u2019Etat du 18 ao\u00fbt 2020, notre arm\u00e9e allait continuer \u00e0 n\u2019\u00eatre que l\u2019ombre d\u2019elle-m\u00eame abandonnant la d\u00e9fense du pays aux forces \u00e9trang\u00e8res plut\u00f4t pr\u00e9occup\u00e9es par les int\u00e9r\u00eats \u00e9conomiques et g\u00e9ostrat\u00e9giques des puissances ext\u00e9rieures que par la stabilit\u00e9 du pays. Depuis l\u2019amorce de la rectification&nbsp; en mai 2021, l\u2019Arm\u00e9e malienne ne cesse de reprendre du poil de la b\u00eate. Une mont\u00e9e en puissance qui d\u00e9coule de la prise de conscience par les autorit\u00e9s militaires de la Transition que la s\u00e9curit\u00e9 et le d\u00e9veloppement sont intimement li\u00e9s. Il ne saurait y avoir de progr\u00e8s socio-\u00e9conomiques dans un pays en proie \u00e0 une instabilit\u00e9 chronique.<\/p>\n\n\n\n<p>Tout comme il ne saurait y avoir de s\u00e9curit\u00e9 dans un pays o\u00f9 les forces vives tirent le diable par la queue. \u00ab<em>La s\u00e9curit\u00e9 est prioritaire, car tout le reste en d\u00e9pend\u2026 Sans s\u00e9curit\u00e9, il est difficile d\u2019obtenir la stabilit\u00e9 politique tant souhait\u00e9e par le peuple malien depuis quelques ann\u00e9es<\/em>\u00bb, a soulign\u00e9 le pr\u00e9sident de la Transition, Colonel Assimi Go\u00efta, lors de la pr\u00e9sentation des v\u0153ux du nouvel an des familles fondatrices de Bamako, des leaders religieux et des forces vives de la nation le 15 janvier 2024.<\/p>\n\n\n\n<p>Autant la pers\u00e9v\u00e9rance est un facteur de r\u00e9ussite dans la vie de tous les jours, autant il est utopique de penser au d\u00e9veloppement dans un environnement affect\u00e9 par l\u2019instabilit\u00e9. La stabilit\u00e9 est inexorablement l\u2019une des conditions sine qua non de l\u2019\u00e9mergence \u00e9conomique d\u2019un pays, d\u2019une r\u00e9gion\u2026 La preuve est que, depuis plus d\u2019une d\u00e9cennie, l\u2019ins\u00e9curit\u00e9 prive notre pays de ressources&nbsp; pr\u00e9cieuses que lui procuraient, entre autres, le tourisme, la culture de l\u2019\u00e9chalote dans le Pays dogon, l\u2019\u00e9levage\u2026 L\u2019arm\u00e9e de nos besoins est donc celle qui veille strictement \u00e0 la stabilit\u00e9 du pays.<\/p>\n\n\n\n<p>Aujourd\u2019hui, un pas de g\u00e9ant a \u00e9t\u00e9 franchi pour doter notre pays d\u2019un v\u00e9ritable outil de d\u00e9fense. Les Maliens ont repris confiance en leur arm\u00e9e qui traque les terroristes et les criminels de tout acabit pour leur qui\u00e9tude. \u00ab<em>Au d\u00e9but, je ne recevais que des appels de d\u00e9sespoir des populations un peu partout \u00e0 travers le Mali. Des populations qui ne savaient plus \u00e0 qui s\u2019adresser. Aujourd\u2019hui, les appels que je re\u00e7ois sont surtout des messages de f\u00e9licitation et de fiert\u00e9 pour le travail abattu dans le domaine de la s\u00e9curit\u00e9\u2026 Les Maliens ont repris l\u2019espoir<\/em>\u00bb, t\u00e9moignait r\u00e9cemment (dans une interview) Dr Fousseynou Ouattara, pr\u00e9sident du Collectif pour la refondation du Mali (COREMA) et membre de la Commission d\u00e9fense et s\u00e9curit\u00e9 du Conseil national de Transition (CNT).<\/p>\n\n\n\n<p><strong>Le sacrifice consenti par les Maliens commence \u00e0 porter ses fruits<\/strong><\/p>\n\n\n\n<p>Cela a \u00e9t\u00e9 possible parce que le Colonel Assimi Go\u00efta et ses fr\u00e8res d\u2019armes ont eu le courage de prendre leur responsabilit\u00e9 pour r\u00e9armer (sur les plans moral et logistique), recruter massivement et d\u00e9ployer l\u2019arm\u00e9e sur toute l\u2019\u00e9tendue du territoire. Cela a \u00e9t\u00e9 possible parce que les Maliens le voulaient et l\u2019on voulu en faisant preuve d\u2019une incroyable r\u00e9silience. Il fallait du courage, de l\u2019abn\u00e9gation et du patriotisme pour y arriver. Nous y croyons et nous y parviendrons&nbsp;!<\/p>\n\n\n\n<p>La reconstruction d\u2019un v\u00e9ritable outil de d\u00e9fense, dans un environnement o\u00f9 les nouvelles menaces prolif\u00e8rent, est une \u0153uvre de longue haleine. D\u2019o\u00f9 la n\u00e9cessit\u00e9, comme l\u2019a affirm\u00e9 le pr\u00e9sident Assimi Go\u00efta apr\u00e8s le d\u00e9fil\u00e9 du 20 janvier 2024, de poursuivre les op\u00e9rations de stabilisation tout en engageant la participation active des communaut\u00e9s locales dans ce processus crucial pour l\u2019avenir du Mali. Comme ce fut toujours le cas depuis que nous avons d\u00e9cid\u00e9 d\u2019assumer nous-m\u00eames notre d\u00e9fense (en mettant fin \u00e0 la pr\u00e9sence encombrante des forces internationales), le chemin sera toujours sem\u00e9 d\u2019emb\u00fbches.<\/p>\n\n\n\n<p>On tentera par tous les moyens de salir notre arm\u00e9e, de ternir son image \u00e0 travers des campagnes d\u2019intoxication de l\u2019opinion internationale. Il nous reviendra alors de prouver que notre confiance en notre arm\u00e9e est in\u00e9branlable. Nous devons alors continuer, comme l\u2019a dit Cheick Boucadry Traor\u00e9 (dans son message du 20 janvier 2024) \u00e0 \u00ab<em>soutenir les dignes femmes et hommes irr\u00e9sistiblement engag\u00e9s dans une lutte sans merci pour non seulement d\u00e9fendre l\u2019honneur et l\u2019ind\u00e9pendance de notre patrie, mais aussi pour maintenir les principes de la libert\u00e9 et de la paix<\/em>\u00bb. Continuons aussi \u00e0 garder \u00ab<em>cette confiance sacr\u00e9e<\/em>\u00bb en nos FDS.<\/p>\n\n\n\n<p>Comme souhait\u00e9 par Cheick Boucadry Traor\u00e9, \u00ab<em>souvenons-nous \u00e9galement de ceux qui sont tomb\u00e9s au champ d\u2019honneur. Leurs vies \u00e9taient plus que pr\u00e9cieuses. Le drapeau et l\u2019arm\u00e9e sont indissociables depuis les premiers jours de l\u2019ind\u00e9pendance. Un lien sacr\u00e9 existe entre les deux. Partout o\u00f9 un soldat malien s\u2019est tenu et a combattu, le Tricolore a toujours \u00e9t\u00e9 l\u00e0, guidant la voie \u00e0 suivre sur le champ de bataille et veillant \u00e9ternellement sur les vaillants guerriers qui ont donn\u00e9 la derni\u00e8re mesure de leur d\u00e9vouement<\/em>\u00bb.<\/p>\n\n\n\n<p>Et de rappeler, \u00ab<em>notre drapeau ne flotte pas parce que le vent le d\u00e9place, mais gr\u00e2ce au dernier souffle de chaque soldat tomb\u00e9 en le prot\u00e9geant. Nous nous tenons debout pour le drapeau, nous nous agenouillons pour ceux qui sont tomb\u00e9s au champ d\u2019honneur\u2026 Rendons-les Honneur, Amour et Gratitude<\/em>\u00bb. N\u00e9 de l\u2019h\u00e9ritage des Grands empires, le Mali fut un grand pays, le Mali est en train de redevenir une grande nation\u2026 Et il ne d\u00e9pend que de nous qu\u2019il le soit&nbsp;!<\/p>\n\n\n\n<p><strong>Moussa Bolly<\/strong><\/p>\n","protected":false},"excerpt":{"rendered":"<p>C\u2019est une arm\u00e9e professionnelle et mobilis\u00e9e pour la d\u00e9fense de la patrie qui a c\u00e9l\u00e9br\u00e9 ses 63 ans le samedi 20 janvier 2024. Ce sont des Forces de d\u00e9fense et&hellip;<\/p>\n","protected":false},"author":1,"featured_media":17213,"comment_status":"open","ping_status":"open","sticky":false,"template":"","format":"standard","meta":{"content-type":"","_lmt_disableupdate":"","_lmt_disable":"","_jetpack_memberships_contains_paid_content":false,"footnotes":"","jetpack_publicize_message":"","jetpack_publicize_feature_enabled":true,"jetpack_social_post_already_shared":true,"jetpack_social_options":{"image_generator_settings":{"template":"highway","default_image_id":0,"font":"","enabled":false},"version":2}},"categories":[65,53],"tags":[],"class_list":["post-17210","post","type-post","status-publish","format-standard","has-post-thumbnail","hentry","category-armee","category-le-matin"],"jetpack_publicize_connections":[],"featured_image_urls":{"full":["https:\/\/nandi.info\/wp-content\/uploads\/2024\/02\/forces-armees-mali.jpg",680,454,false],"thumbnail":["https:\/\/nandi.info\/wp-content\/uploads\/2024\/02\/forces-armees-mali-150x150.jpg",150,150,true],"medium":["https:\/\/nandi.info\/wp-content\/uploads\/2024\/02\/forces-armees-mali-300x200.jpg",300,200,true],"medium_large":["https:\/\/nandi.info\/wp-content\/uploads\/2024\/02\/forces-armees-mali.jpg",680,454,false],"large":["https:\/\/nandi.info\/wp-content\/uploads\/2024\/02\/forces-armees-mali.jpg",680,454,false],"1536x1536":["https:\/\/nandi.info\/wp-content\/uploads\/2024\/02\/forces-armees-mali.jpg",680,454,false],"2048x2048":["https:\/\/nandi.info\/wp-content\/uploads\/2024\/02\/forces-armees-mali.jpg",680,454,false],"penci-recipe-1200x1200":["https:\/\/nandi.info\/wp-content\/uploads\/2024\/02\/forces-armees-mali.jpg",680,454,false],"penci-recipe-1200x900":["https:\/\/nandi.info\/wp-content\/uploads\/2024\/02\/forces-armees-mali.jpg",680,454,false],"penci-recipe-1200x675":["https:\/\/nandi.info\/wp-content\/uploads\/2024\/02\/forces-armees-mali.jpg",680,454,false],"penci-single-full":["https:\/\/nandi.info\/wp-content\/uploads\/2024\/02\/forces-armees-mali.jpg",680,454,false],"penci-slider-full-thumb":["https:\/\/nandi.info\/wp-content\/uploads\/2024\/02\/forces-armees-mali.jpg",680,454,false],"penci-full-thumb":["https:\/\/nandi.info\/wp-content\/uploads\/2024\/02\/forces-armees-mali.jpg",680,454,false],"penci-slider-thumb":["https:\/\/nandi.info\/wp-content\/uploads\/2024\/02\/forces-armees-mali.jpg",680,454,false],"penci-magazine-slider":["https:\/\/nandi.info\/wp-content\/uploads\/2024\/02\/forces-armees-mali.jpg",680,454,false],"penci-thumb":["https:\/\/nandi.info\/wp-content\/uploads\/2024\/02\/forces-armees-mali.jpg",585,390,false],"penci-masonry-thumb":["https:\/\/nandi.info\/wp-content\/uploads\/2024\/02\/forces-armees-mali.jpg",585,391,false],"penci-thumb-square":["https:\/\/nandi.info\/wp-content\/uploads\/2024\/02\/forces-armees-mali.jpg",585,391,false],"penci-thumb-vertical":["https:\/\/nandi.info\/wp-content\/uploads\/2024\/02\/forces-armees-mali.jpg",480,320,false],"penci-thumb-small":["https:\/\/nandi.info\/wp-content\/uploads\/2024\/02\/forces-armees-mali.jpg",263,175,false]},"author_info":{"display_name":"Nandi","author_link":"https:\/\/nandi.info\/?author=1"},"category_info":"<a href=\"https:\/\/nandi.info\/?cat=65\" rel=\"category\">Arm\u00e9e<\/a> <a href=\"https:\/\/nandi.info\/?cat=53\" rel=\"category\">Le Matin<\/a>","tag_info":"Le Matin","comment_count":"0","jetpack_featured_media_url":"https:\/\/nandi.info\/wp-content\/uploads\/2024\/02\/forces-armees-mali.jpg","jetpack_sharing_enabled":true,"_links":{"self":[{"href":"https:\/\/nandi.info\/index.php?rest_route=\/wp\/v2\/posts\/17210","targetHints":{"allow":["GET"]}}],"collection":[{"href":"https:\/\/nandi.info\/index.php?rest_route=\/wp\/v2\/posts"}],"about":[{"href":"https:\/\/nandi.info\/index.php?rest_route=\/wp\/v2\/types\/post"}],"author":[{"embeddable":true,"href":"https:\/\/nandi.info\/index.php?rest_route=\/wp\/v2\/users\/1"}],"replies":[{"embeddable":true,"href":"https:\/\/nandi.info\/index.php?rest_route=%2Fwp%2Fv2%2Fcomments&post=17210"}],"version-history":[{"count":1,"href":"https:\/\/nandi.info\/index.php?rest_route=\/wp\/v2\/posts\/17210\/revisions"}],"predecessor-version":[{"id":17214,"href":"https:\/\/nandi.info\/index.php?rest_route=\/wp\/v2\/posts\/17210\/revisions\/17214"}],"wp:featuredmedia":[{"embeddable":true,"href":"https:\/\/nandi.info\/index.php?rest_route=\/wp\/v2\/media\/17213"}],"wp:attachment":[{"href":"https:\/\/nandi.info\/index.php?rest_route=%2Fwp%2Fv2%2Fmedia&parent=17210"}],"wp:term":[{"taxonomy":"category","embeddable":true,"href":"https:\/\/nandi.info\/index.php?rest_route=%2Fwp%2Fv2%2Fcategories&post=17210"},{"taxonomy":"post_tag","embeddable":true,"href":"https:\/\/nandi.info\/index.php?rest_route=%2Fwp%2Fv2%2Ftags&post=17210"}],"curies":[{"name":"wp","href":"https:\/\/api.w.org\/{rel}","templated":true}]}}