{"id":17192,"date":"2024-02-09T09:31:00","date_gmt":"2024-02-09T08:31:00","guid":{"rendered":"https:\/\/nandi.info\/?p=17192"},"modified":"2024-02-09T15:35:21","modified_gmt":"2024-02-09T14:35:21","slug":"djibril-guisse-coordinateur-festival-sur-le-niger-plus-de-900-millions-injectes-dans-leconomie-locale","status":"publish","type":"post","link":"https:\/\/nandi.info\/?p=17192","title":{"rendered":"Djibril Guisse coordinateur festival sur le Niger : \u00ab Plus de 900 millions inject\u00e9s dans l\u2019\u00e9conomie locale \u00bb"},"content":{"rendered":"\n<p><strong><em>Les rideaux sont tomb\u00e9s sur la 20<sup>e<\/sup>&nbsp;\u00e9dition de S\u00e9gou Art-Festival sur le Niger qui a d\u00e9but\u00e9 le 30 janvier dans la cit\u00e9 des Balanzans, ce 4 f\u00e9vrier 2024. Une \u00e9dition plac\u00e9e sous le th\u00e8me Jeunesse et Tradition. Qu\u2019est-ce qui a marqu\u00e9 cette \u00e9dition&nbsp;? Djibril Guiss\u00e9, coordinateur, revient sur les activit\u00e9s phares. Entretien\u2026<\/em><\/strong><\/p>\n\n\n\n<p class=\"has-drop-cap\"><strong>Mali-Tribune\u00a0:\u00a0<em>Que pouvons-nous retenir de cette 20e \u00e9dition de S\u00e9gou Art-Festival sur le Niger ?<\/em><\/strong><\/p>\n\n\n\n<p><strong>D G. :<\/strong>&nbsp;C\u2019est la grande mobilisation, une mobilisation de taille \u00e0 la dimension des 20 ans. Nous avons re\u00e7u plus de 40&nbsp;000 visiteurs et festivaliers. Ils sont venus de plus d\u2019une trentaine de pays d\u2019Afrique de l\u2019ouest et m\u00eame au-del\u00e0. Pour nous, c\u2019est vraiment une marque de satisfaction. Une autre marque, c\u2019est le nombre de spectacles. Nous sommes all\u00e9s \u00e0 plus d\u2019une centaine de spectacles, que ce soit en musique, th\u00e9\u00e2tre, danse ou troupes traditionnelles.<\/p>\n\n\n\n<p>Avec le nombre et la qualit\u00e9 des expositions d\u2019art, nous sommes \u00e0 plus d\u2019une centaine d\u2019expositions d\u2019art dans le cadre du salon contemporain du Mali.<\/p>\n\n\n\n<p><strong>&nbsp;<\/strong><strong>Mali-Tribune&nbsp;:&nbsp;<em>S\u00e9gou Art-Festival sur le Niger se diversifie avec de nouvelles activit\u00e9s associ\u00e9es, quelle est la touche innovante de cette 20<sup>e<\/sup>&nbsp;\u00e9dition ?<\/em><\/strong><\/p>\n\n\n\n<p><strong>D G. :<\/strong>&nbsp;\u00c9videmment, il y a eu beaucoup d\u2019innovations&nbsp;: la nuit du pagne tiss\u00e9, le Mus\u00e9e des masques et marionnettes. On a vu vraiment toute la beaut\u00e9, la magnificence du pagne tiss\u00e9,&nbsp;<em>made in Mali<\/em>.<\/p>\n\n\n\n<p>Il y a eu un d\u00e9fil\u00e9 de mode avec environ sept stylistes qui ont montr\u00e9 les diff\u00e9rents mod\u00e8les et cr\u00e9ations \u00e0 base du pagne tiss\u00e9. Il y a eu des showrooms d\u2019expression vente du pagne tiss\u00e9, du bogolan, un mini salon qui a permis de montrer toute la chaine de production du pagne tiss\u00e9, du coton brut au cardage, filage, tissage.<\/p>\n\n\n\n<p>Ce qu\u2019il faut retenir aussi comme innovation, c\u2019est notre retour sur les berges du fleuve Niger. Sans oublier la caravane culturelle de la paix qui avait mis \u00e0 l\u2019honneur le Maroc et Mopti comme ville invit\u00e9e.<\/p>\n\n\n\n<p><strong>&nbsp;<\/strong><strong>Mali-Tribune&nbsp;:&nbsp;<em>Justement, le retour des activit\u00e9s sur le quai des arts \u00e9tait un d\u00e9fi s\u00e9curitaire. Quelles ont \u00e9t\u00e9 les mesures s\u00e9curitaires prises ?<\/em><\/strong><\/p>\n\n\n\n<p><strong>D G. :&nbsp;<\/strong>Nous avons re\u00e7u le soutien, l\u2019accompagnement des plus hautes autorit\u00e9s, \u00e0 commencer par le pr\u00e9sident de la transition, que nous saluons pour son accompagnement et surtout pour avoir accept\u00e9 le patronage de l\u2019\u00e9dition.<\/p>\n\n\n\n<p>Donc, c\u2019\u00e9tait l\u2019une des \u00e9ditions cadr\u00e9es en termes de s\u00e9curit\u00e9 pour prot\u00e9ger les personnes et les biens. En plus, \u00e0 l\u2019interne, aussi nous avons pris des mesures drastiques. Il y avait vraiment un dispositif tr\u00e8s serr\u00e9 au niveau du quai des arts et puis les militaires \u00e9taient m\u00eame derri\u00e8re le fleuve. Parce que c\u2019est \u00e0 cause justement de la s\u00e9curit\u00e9 que les activit\u00e9s \u00e9taient d\u00e9localis\u00e9es du quai des arts.<\/p>\n\n\n\n<p><strong>Mali-Tribune&nbsp;:<em>&nbsp;Contrairement aux ann\u00e9es pr\u00e9c\u00e9dentes, l\u2019acc\u00e8s \u00e0 la foire artisanale et agricole \u00e9tait payant. Qu\u2019est-ce qui explique cela ?D&nbsp;<\/em><\/strong><strong>G.&nbsp;:<\/strong>&nbsp;C\u2019est d\u2019abord une demande qui vient des exposants. Il y avait trop d\u2019enfants. C\u2019est une question de s\u00e9curit\u00e9 pour les enfants mais aussi contre les vols. Cette foule emp\u00eachait les vrais acheteurs de pouvoir bien discuter, de communiquer pour pouvoir acheter. Aussi, dans toutes les foires du monde actuellement, l\u2019entr\u00e9e est payante. Mais nous, nous sommes \u00e0 200 F CFA comme on est \u00e0 S\u00e9gou, c\u2019est un montant symbolique. Le minimum c\u2019est 1000 F CFA par exemple au Siama qui vient de se tenir \u00e0 Bamako.<\/p>\n\n\n\n<p><strong>Mali-Tribune&nbsp;:&nbsp;<em>En termes de chiffres d\u2019affaires, quel apport le festival a eu sur l\u2019\u00e9conomie locale ?<\/em><\/strong><\/p>\n\n\n\n<p><strong>D G. :&nbsp;<\/strong>La foire artisanale et agricole a re\u00e7u 250 000 visiteurs cette ann\u00e9e avec la pr\u00e9sence de 30 pays de par le monde. Plus de 400 exposants, ont selon le retour que nous avons eu, inject\u00e9 plus de 900 millions F CFA dans l\u2019\u00e9conomie locale.<\/p>\n\n\n\n<p>Le festival sur le Niger, c\u2019est quand m\u00eame en moyenne plus de 3 000 emplois temporaires avec plus de 200 emplois permanents. En fait, tous les secteurs marchent pendant le festival sur le Niger&nbsp;: du vendeur de beignets en passant par le vendeur de caf\u00e9, le transport\u2026 \u00e7a, c\u2019est un impact. Mais aussi, au niveau des collectivit\u00e9s aussi, \u00e7a fait une grande visibilit\u00e9 pour les territoires.<\/p>\n\n\n\n<p><strong>Mali-Tribune&nbsp;:<\/strong>&nbsp;<strong><em>Les festivaliers se plaignent et s\u2019inqui\u00e8tent de l\u2019implication des politiques dans vos activit\u00e9s qui entrainent des retards dans les programmations. Que r\u00e9pondez-vous ?<\/em><\/strong><\/p>\n\n\n\n<p><strong>D G. :&nbsp;<\/strong>Un festival d\u2019une telle dimension ne saurait se faire sans l\u2019implication des politiques. Le haut patron, qui est le pr\u00e9sident de la transition, s\u2019est fait repr\u00e9senter par le Premier ministre.<\/p>\n\n\n\n<p>C\u2019est vrai, il y a eu des contraintes de temps, mais il fallait patienter un peu. Je pense que cela n\u2019a pas jou\u00e9 sur la qualit\u00e9 de l\u2019\u00e9v\u00e9nement encore moins de la c\u00e9r\u00e9monie d\u2019ouverture. Je pense qu\u2019on a fait une tr\u00e8s belle c\u00e9r\u00e9monie d\u2019ouverture \u00e0 travers les masques dogons, qui \u00e9taient l\u00e0, de Bandiagara, de Mopti, qui ont vraiment d\u00e9ambul\u00e9 avec une chor\u00e9graphie vraiment sans pareil. Nous pensons que c\u2019\u00e9tait vraiment un tr\u00e8s bon moment de mobilisation, de festivaliers, des africains en g\u00e9n\u00e9ral.<\/p>\n\n\n\n<p><strong>Mali-Tribune&nbsp;:&nbsp;<em>Quels sont vos points de satisfaction sur cette 20<sup>e<\/sup>&nbsp;\u00e9dition ?<\/em><\/strong><\/p>\n\n\n\n<p><strong>D G. :&nbsp;<\/strong>La mobilisation, la participation record. On \u00e9tait \u00e0 plus de 40&nbsp;000 festivaliers. Ensuite, le d\u00e9fi s\u00e9curitaire quand m\u00eame relev\u00e9 gr\u00e2ce \u00e0 l\u2019appui de nos forces de l\u2019ordre et de s\u00e9curit\u00e9 que nous saluons, que nous f\u00e9licitons pour vraiment ce travail remarquable.<\/p>\n\n\n\n<p><strong>Mali-Tribune&nbsp;:<\/strong>&nbsp;<strong><em>Pourquoi toutes les salles d\u2019exposition n\u2019ont pas \u00e9t\u00e9 occup\u00e9es cette ann\u00e9e et aussi, pourquoi avez-vous chang\u00e9 la salle IN qui est l\u2019exposition internationale ?<\/em><\/strong><\/p>\n\n\n\n<p><strong>D G. :<\/strong>&nbsp;Cette ann\u00e9e, en termes de nombre, on a vraiment restreint un peu, parce que l\u00e0 c\u2019est un appel qu\u2019on a lanc\u00e9. On a d\u00e9cid\u00e9 d\u2019aller vers les expositions beaucoup plus qualitatives on a s\u00e9lectionn\u00e9 une douzaine d\u2019artistes plasticiens six du Mali et six qui viennent de l\u2019Afrique. Aussi, il faut noter qu\u2019il y avait une trentaine d\u2019expositions off \u00e0 travers la ville. On a au total pr\u00e8s d\u2019une soixantaine d\u2019expositions qu\u2019on a re\u00e7ues cette ann\u00e9e avec une qualit\u00e9 de niveau tr\u00e8s \u00e9lev\u00e9e.<\/p>\n\n\n\n<p>En ce qui concerne la disposition, c\u2019est carr\u00e9ment artistique. On peut changer le format, le dispositif ou la configuration selon les ann\u00e9es pour que les gens n\u2019aient pas l\u2019impression du d\u00e9j\u00e0 vu.<\/p>\n\n\n\n<p><em>Propos recueillis par<\/em><\/p>\n\n\n\n<p><strong>Aminata Agaly Yattara<\/strong><\/p>\n","protected":false},"excerpt":{"rendered":"<p>Les rideaux sont tomb\u00e9s sur la 20e&nbsp;\u00e9dition de S\u00e9gou Art-Festival sur le Niger qui a d\u00e9but\u00e9 le 30 janvier dans la cit\u00e9 des Balanzans, ce 4 f\u00e9vrier 2024. Une \u00e9dition&hellip;<\/p>\n","protected":false},"author":1,"featured_media":17194,"comment_status":"open","ping_status":"open","sticky":false,"template":"","format":"standard","meta":{"content-type":"","_lmt_disableupdate":"","_lmt_disable":"","_jetpack_memberships_contains_paid_content":false,"footnotes":"","jetpack_publicize_message":"","jetpack_publicize_feature_enabled":true,"jetpack_social_post_already_shared":true,"jetpack_social_options":{"image_generator_settings":{"template":"highway","default_image_id":0,"font":"","enabled":false},"version":2}},"categories":[33,32],"tags":[],"class_list":["post-17192","post","type-post","status-publish","format-standard","has-post-thumbnail","hentry","category-mali-tribune","category-musique-art-et-culture"],"jetpack_publicize_connections":[],"featured_image_urls":{"full":["https:\/\/nandi.info\/wp-content\/uploads\/2024\/02\/Djibril-Guisse.jpg",480,320,false],"thumbnail":["https:\/\/nandi.info\/wp-content\/uploads\/2024\/02\/Djibril-Guisse-150x150.jpg",150,150,true],"medium":["https:\/\/nandi.info\/wp-content\/uploads\/2024\/02\/Djibril-Guisse-300x200.jpg",300,200,true],"medium_large":["https:\/\/nandi.info\/wp-content\/uploads\/2024\/02\/Djibril-Guisse.jpg",480,320,false],"large":["https:\/\/nandi.info\/wp-content\/uploads\/2024\/02\/Djibril-Guisse.jpg",480,320,false],"1536x1536":["https:\/\/nandi.info\/wp-content\/uploads\/2024\/02\/Djibril-Guisse.jpg",480,320,false],"2048x2048":["https:\/\/nandi.info\/wp-content\/uploads\/2024\/02\/Djibril-Guisse.jpg",480,320,false],"penci-recipe-1200x1200":["https:\/\/nandi.info\/wp-content\/uploads\/2024\/02\/Djibril-Guisse.jpg",480,320,false],"penci-recipe-1200x900":["https:\/\/nandi.info\/wp-content\/uploads\/2024\/02\/Djibril-Guisse.jpg",480,320,false],"penci-recipe-1200x675":["https:\/\/nandi.info\/wp-content\/uploads\/2024\/02\/Djibril-Guisse.jpg",480,320,false],"penci-single-full":["https:\/\/nandi.info\/wp-content\/uploads\/2024\/02\/Djibril-Guisse.jpg",480,320,false],"penci-slider-full-thumb":["https:\/\/nandi.info\/wp-content\/uploads\/2024\/02\/Djibril-Guisse.jpg",480,320,false],"penci-full-thumb":["https:\/\/nandi.info\/wp-content\/uploads\/2024\/02\/Djibril-Guisse.jpg",480,320,false],"penci-slider-thumb":["https:\/\/nandi.info\/wp-content\/uploads\/2024\/02\/Djibril-Guisse.jpg",480,320,false],"penci-magazine-slider":["https:\/\/nandi.info\/wp-content\/uploads\/2024\/02\/Djibril-Guisse.jpg",480,320,false],"penci-thumb":["https:\/\/nandi.info\/wp-content\/uploads\/2024\/02\/Djibril-Guisse.jpg",480,320,false],"penci-masonry-thumb":["https:\/\/nandi.info\/wp-content\/uploads\/2024\/02\/Djibril-Guisse.jpg",480,320,false],"penci-thumb-square":["https:\/\/nandi.info\/wp-content\/uploads\/2024\/02\/Djibril-Guisse.jpg",480,320,false],"penci-thumb-vertical":["https:\/\/nandi.info\/wp-content\/uploads\/2024\/02\/Djibril-Guisse.jpg",480,320,false],"penci-thumb-small":["https:\/\/nandi.info\/wp-content\/uploads\/2024\/02\/Djibril-Guisse.jpg",263,175,false]},"author_info":{"display_name":"Nandi","author_link":"https:\/\/nandi.info\/?author=1"},"category_info":"<a href=\"https:\/\/nandi.info\/?cat=33\" rel=\"category\">Mali Tribune<\/a> <a href=\"https:\/\/nandi.info\/?cat=32\" rel=\"category\">Musique Art et Culture<\/a>","tag_info":"Musique Art et Culture","comment_count":"0","jetpack_featured_media_url":"https:\/\/nandi.info\/wp-content\/uploads\/2024\/02\/Djibril-Guisse.jpg","jetpack_sharing_enabled":true,"_links":{"self":[{"href":"https:\/\/nandi.info\/index.php?rest_route=\/wp\/v2\/posts\/17192","targetHints":{"allow":["GET"]}}],"collection":[{"href":"https:\/\/nandi.info\/index.php?rest_route=\/wp\/v2\/posts"}],"about":[{"href":"https:\/\/nandi.info\/index.php?rest_route=\/wp\/v2\/types\/post"}],"author":[{"embeddable":true,"href":"https:\/\/nandi.info\/index.php?rest_route=\/wp\/v2\/users\/1"}],"replies":[{"embeddable":true,"href":"https:\/\/nandi.info\/index.php?rest_route=%2Fwp%2Fv2%2Fcomments&post=17192"}],"version-history":[{"count":1,"href":"https:\/\/nandi.info\/index.php?rest_route=\/wp\/v2\/posts\/17192\/revisions"}],"predecessor-version":[{"id":17195,"href":"https:\/\/nandi.info\/index.php?rest_route=\/wp\/v2\/posts\/17192\/revisions\/17195"}],"wp:featuredmedia":[{"embeddable":true,"href":"https:\/\/nandi.info\/index.php?rest_route=\/wp\/v2\/media\/17194"}],"wp:attachment":[{"href":"https:\/\/nandi.info\/index.php?rest_route=%2Fwp%2Fv2%2Fmedia&parent=17192"}],"wp:term":[{"taxonomy":"category","embeddable":true,"href":"https:\/\/nandi.info\/index.php?rest_route=%2Fwp%2Fv2%2Fcategories&post=17192"},{"taxonomy":"post_tag","embeddable":true,"href":"https:\/\/nandi.info\/index.php?rest_route=%2Fwp%2Fv2%2Ftags&post=17192"}],"curies":[{"name":"wp","href":"https:\/\/api.w.org\/{rel}","templated":true}]}}