{"id":17189,"date":"2024-02-09T09:16:00","date_gmt":"2024-02-09T08:16:00","guid":{"rendered":"https:\/\/nandi.info\/?p=17189"},"modified":"2024-02-09T15:26:39","modified_gmt":"2024-02-09T14:26:39","slug":"abidjan-suspend-lexportation-des-produits-vivriers-penurie-daloco-dignames-a-bamako","status":"publish","type":"post","link":"https:\/\/nandi.info\/?p=17189","title":{"rendered":"Abidjan suspend l\u2019exportation des produits vivriers : P\u00e9nurie d\u2019aloco, d\u2019ignames\u2026 \u00e0 Bamako"},"content":{"rendered":"\n<p><strong><em>Depuis le 15 janvier dernier, la C\u00f4te d\u2019Ivoire a suspendu l\u2019exportation de vingt produits vivriers pour six mois. Il s\u2019agit entre autres, de banane plantain, igname, atti\u00e9k\u00e9. Tous pourtant destin\u00e9s \u00e0 l\u2019exportation et particuli\u00e8rement consomm\u00e9s au Mali et dans d\u2019autres pays du Sahel. A Bamako, depuis quelques jours, l\u2019igname et la banane plantain (aloco) manquent sur les principaux march\u00e9s.<\/em><\/strong><\/p>\n\n\n\n<p class=\"has-drop-cap\">Depuis la semaine derni\u00e8re, une crise de certaines denr\u00e9es alimentaires s\u2019est install\u00e9e \u00e0 Bamako. Il s\u2019agit principalement pour le moment, de la banane plantain ou aloco et de l\u2019igname. Le menu de certains restaurants, gargotes, de vendeuses de friandises et des familles en a pris un sacr\u00e9 coup.<\/p>\n\n\n\n<p>Au march\u00e9 Dossolo Traor\u00e9 appel\u00e9 Sougounikoura, l\u2019un des gros march\u00e9s de la capitale, le constat est amer. Il y a une p\u00e9nurie de ces aliments export\u00e9s de la C\u00f4te d\u2019Ivoire.\u00a0 Regroup\u00e9s en Groupement d\u2019int\u00e9r\u00eat \u00e9conomique (GIE), des importateurs de bananes plantains de Sougounikoura ne savent pas trop o\u00f9 donner de la t\u00eate. Ils ne parviennent pas \u00e0 vendre faute de disponibilit\u00e9 de leur marchandise. Les camions qui se bousculaient sur l\u2019axe C\u00f4te d\u2019Ivoire-Mali rentrent en compte go\u00fbte. Il n\u2019y a que des camions vides qu\u2019on aper\u00e7oit \u00e0 la place du GIE de vendeurs d\u2019aloco du Sougounikoura. Des clients et amateurs d\u2019aloco frit ou cuit sont aussi sevr\u00e9s de leur denr\u00e9e pris\u00e9e. Les quelques rares fruits disponibles font l\u2019objet de sp\u00e9culation. Malgr\u00e9 tout, les clients les raflent. C\u2019est le samedi dernier que trois camions remplis de banane plantains sont arriv\u00e9s \u00e0 Sougounikoura, selon un revendeur. Ce qui est tr\u00e8s loin de suffire \u00e0 la demande car tout a \u00e9t\u00e9 vendu en quelques heures.<\/p>\n\n\n\n<p>Interrog\u00e9 le jeudi dernier, Chaka Camara un importateur \u00e0 la Place Sikasso de Sougounikoura nous a fait savoir qu\u2019il n\u2019y avait pas d\u2019igname dans ce march\u00e9. Les prix ont flamb\u00e9. C\u2019est le samedi 3 f\u00e9vrier qu\u2019il a re\u00e7u un camion d\u2019ignames. Aux dires de M. Camara, la C\u00f4te d\u2019Ivoire demeure la seule provenance de l\u2019igname vendue et consomm\u00e9e au Mali. \u00ab&nbsp;<em>Sikasso en produit en tr\u00e8s faible quantit\u00e9 qui ne suffit m\u00eame pas pour la consommation locale&nbsp;\u00bb<\/em>, soutient-il.<\/p>\n\n\n\n<p><strong>Une p\u00e9nurie appr\u00e9ci\u00e9e diff\u00e9remment<\/strong><\/p>\n\n\n\n<p>March\u00e9 aux poissons de Faladi\u00e8 situ\u00e9 sur la route de l\u2019a\u00e9roport international Pr\u00e9sident Modibo K\u00e9ita de S\u00e9nou. Dans cette cour se trouve le deuxi\u00e8me plus grand march\u00e9 de fruits, tubercule, atti\u00e9k\u00e9, etc. de la capitale, import\u00e9s de la C\u00f4te d\u2019Ivoire. Le samedi dernier, aucun camion n\u2019y \u00e9tait visible. Seuls quelques d\u00e9taillants en disposaient en petite quantit\u00e9.<\/p>\n\n\n\n<p>Selon Vieux Ballo, un grossiste importateur install\u00e9 sur les lieux, quelques camions sont attendus le dimanche 4 f\u00e9vrier. Vivant de cette activit\u00e9 depuis plusieurs d\u00e9cennies, M. Ballo ajoute que quelles soient les dispositions prises, ils parviennent \u00e0 sortir des mailles du filet puisque c\u2019est leur gagne-pain. Ce qui sous-tend que la crise ne sera pas totale, m\u00eame si les clients doivent aussi se pr\u00e9parer \u00e0 la fluctuation des prix en cons\u00e9quence.<\/p>\n\n\n\n<p>Dans les deux march\u00e9s, la p\u00e9nurie sur ces diff\u00e9rentes denr\u00e9es alimentaires est appr\u00e9ci\u00e9e diff\u00e9remment. Que ce soit au March\u00e9 Dossolo Traor\u00e9 (Sougounikoura) ou au March\u00e9 aux poissons de Faladi\u00e9, les commentaires qui pr\u00e9valent est que la C\u00f4te d\u2019Ivoire a ferm\u00e9 sa fronti\u00e8re au Mali et \u00e0 certains de ses voisins directs. Selon les tenants de ces commentaires, quel qu\u2019il en soit, le Mali est le principal client des producteurs ivoiriens de plusieurs de ces denr\u00e9es dont le plantain, l\u2019igname et l\u2019atti\u00e9k\u00e9. Ces producteurs qui \u00e0 leur tour vivent du fruit de leur labeur ne pourront pas tenir longtemps face aux cons\u00e9quences d\u00e9sastreuse de cette situation.<\/p>\n\n\n\n<p>Officiellement, la mesure portant suspension temporaire \u00e0 l\u2019exportation de vingt produits vivriers est tomb\u00e9e le 15 janvier 2024. Par d\u00e9cision prise conjointement par le ministre d\u2019Etat, ministre de l\u2019Agriculture, du D\u00e9veloppement rural et des productions vivri\u00e8res, le ministre du Commerce et de l\u2019Industrie et celui des Finances et du Budget. Cette d\u00e9cision est bas\u00e9e sur le d\u00e9cret n\u00b02022-168 du 9 mars 2022 instituant une autorisation pr\u00e9alable \u00e0 l\u2019exportation de tout produit vivrier.<\/p>\n\n\n\n<p><strong>Des sanctions aux contrevenants<\/strong><\/p>\n\n\n\n<p>Les usagers du commerce ext\u00e9rieur sont ainsi inform\u00e9s que l\u2019exportation des produits vivriers est suspendue pour une p\u00e9riode de 6 mois \u00e0 compter de sa date de signature. Des sanctions dont la nature n\u2019est pas r\u00e9v\u00e9l\u00e9e sont pr\u00e9vues aux contrevenants de la pr\u00e9sente d\u00e9cision.<\/p>\n\n\n\n<p>Les produits concern\u00e9s sont&nbsp;des c\u00e9r\u00e9ales, l\u00e9gumes, fruits, ol\u00e9agineux, produits transform\u00e9s. Il s\u2019agit entre autres de manioc, igname, atti\u00e9k\u00e9, graines de palme, banane plantain, ma\u00efs, riz, mil, sorgho, fonio, piment, aubergine, tomate, poudre de manioc, semoule de manioc, poudre de gombo, poudre de piment, etc. M\u00eame si la C\u00f4te d\u2019Ivoire est autosuffisante dans la production de tous ces produits et qu\u2019il n\u2019y a visiblement pas de crise, les autorit\u00e9s justifient que la mesure vise \u00e0&nbsp;<em>\u00ab&nbsp;assurer un approvisionnement des march\u00e9s en produits vivriers \u00e0 l\u2019effet de garantir la s\u00e9curit\u00e9 alimentaire des populations vivant en C\u00f4te d\u2019Ivoire&nbsp;\u00bb<\/em>.<\/p>\n\n\n\n<p>Par ailleurs, le ministre ivoirien de la Communication, Porte-parole du gouvernement \u00e9voque des sp\u00e9culations sur les produits vivriers achet\u00e9s \u00e0 bas prix aux paysans et revendus tr\u00e8s chers sur des march\u00e9s de la sous-r\u00e9gion. Il justifie ainsi la mesure prise par ses coll\u00e8gues du gouvernement Robert Beugr\u00e9 Mamb\u00e9. Aussi le pr\u00e9texte de la Can C\u00f4te-d\u2019Ivoire 2023 est un autre alibi avanc\u00e9. Ici, il est fait cas de la pr\u00e9sence en faveur de cette Can dans le pays de F\u00e9lix Houphou\u00ebt Boigny de 1,5 millions de personnes avec un risque de demande accrue de produits vivriers.<\/p>\n\n\n\n<p><strong>Abdrahamane Dicko<\/strong><\/p>\n","protected":false},"excerpt":{"rendered":"<p>Depuis le 15 janvier dernier, la C\u00f4te d\u2019Ivoire a suspendu l\u2019exportation de vingt produits vivriers pour six mois. Il s\u2019agit entre autres, de banane plantain, igname, atti\u00e9k\u00e9. Tous pourtant destin\u00e9s&hellip;<\/p>\n","protected":false},"author":1,"featured_media":17190,"comment_status":"open","ping_status":"open","sticky":false,"template":"","format":"standard","meta":{"content-type":"","_lmt_disableupdate":"","_lmt_disable":"","_jetpack_memberships_contains_paid_content":false,"footnotes":"","jetpack_publicize_message":"","jetpack_publicize_feature_enabled":true,"jetpack_social_post_already_shared":true,"jetpack_social_options":{"image_generator_settings":{"template":"highway","default_image_id":0,"font":"","enabled":false},"version":2}},"categories":[33,21],"tags":[],"class_list":["post-17189","post","type-post","status-publish","format-standard","has-post-thumbnail","hentry","category-mali-tribune","category-societe"],"jetpack_publicize_connections":[],"featured_image_urls":{"full":["https:\/\/nandi.info\/wp-content\/uploads\/2024\/02\/bananes-plantin.jpg",650,460,false],"thumbnail":["https:\/\/nandi.info\/wp-content\/uploads\/2024\/02\/bananes-plantin-150x150.jpg",150,150,true],"medium":["https:\/\/nandi.info\/wp-content\/uploads\/2024\/02\/bananes-plantin-300x212.jpg",300,212,true],"medium_large":["https:\/\/nandi.info\/wp-content\/uploads\/2024\/02\/bananes-plantin.jpg",650,460,false],"large":["https:\/\/nandi.info\/wp-content\/uploads\/2024\/02\/bananes-plantin.jpg",650,460,false],"1536x1536":["https:\/\/nandi.info\/wp-content\/uploads\/2024\/02\/bananes-plantin.jpg",650,460,false],"2048x2048":["https:\/\/nandi.info\/wp-content\/uploads\/2024\/02\/bananes-plantin.jpg",650,460,false],"penci-recipe-1200x1200":["https:\/\/nandi.info\/wp-content\/uploads\/2024\/02\/bananes-plantin.jpg",650,460,false],"penci-recipe-1200x900":["https:\/\/nandi.info\/wp-content\/uploads\/2024\/02\/bananes-plantin.jpg",650,460,false],"penci-recipe-1200x675":["https:\/\/nandi.info\/wp-content\/uploads\/2024\/02\/bananes-plantin.jpg",650,460,false],"penci-single-full":["https:\/\/nandi.info\/wp-content\/uploads\/2024\/02\/bananes-plantin.jpg",650,460,false],"penci-slider-full-thumb":["https:\/\/nandi.info\/wp-content\/uploads\/2024\/02\/bananes-plantin.jpg",650,460,false],"penci-full-thumb":["https:\/\/nandi.info\/wp-content\/uploads\/2024\/02\/bananes-plantin.jpg",650,460,false],"penci-slider-thumb":["https:\/\/nandi.info\/wp-content\/uploads\/2024\/02\/bananes-plantin.jpg",650,460,false],"penci-magazine-slider":["https:\/\/nandi.info\/wp-content\/uploads\/2024\/02\/bananes-plantin.jpg",650,460,false],"penci-thumb":["https:\/\/nandi.info\/wp-content\/uploads\/2024\/02\/bananes-plantin.jpg",551,390,false],"penci-masonry-thumb":["https:\/\/nandi.info\/wp-content\/uploads\/2024\/02\/bananes-plantin.jpg",585,414,false],"penci-thumb-square":["https:\/\/nandi.info\/wp-content\/uploads\/2024\/02\/bananes-plantin.jpg",585,414,false],"penci-thumb-vertical":["https:\/\/nandi.info\/wp-content\/uploads\/2024\/02\/bananes-plantin.jpg",480,340,false],"penci-thumb-small":["https:\/\/nandi.info\/wp-content\/uploads\/2024\/02\/bananes-plantin.jpg",247,175,false]},"author_info":{"display_name":"Nandi","author_link":"https:\/\/nandi.info\/?author=1"},"category_info":"<a href=\"https:\/\/nandi.info\/?cat=33\" rel=\"category\">Mali Tribune<\/a> <a href=\"https:\/\/nandi.info\/?cat=21\" rel=\"category\">Soci\u00e9t\u00e9<\/a>","tag_info":"Soci\u00e9t\u00e9","comment_count":"0","jetpack_featured_media_url":"https:\/\/nandi.info\/wp-content\/uploads\/2024\/02\/bananes-plantin.jpg","jetpack_sharing_enabled":true,"_links":{"self":[{"href":"https:\/\/nandi.info\/index.php?rest_route=\/wp\/v2\/posts\/17189","targetHints":{"allow":["GET"]}}],"collection":[{"href":"https:\/\/nandi.info\/index.php?rest_route=\/wp\/v2\/posts"}],"about":[{"href":"https:\/\/nandi.info\/index.php?rest_route=\/wp\/v2\/types\/post"}],"author":[{"embeddable":true,"href":"https:\/\/nandi.info\/index.php?rest_route=\/wp\/v2\/users\/1"}],"replies":[{"embeddable":true,"href":"https:\/\/nandi.info\/index.php?rest_route=%2Fwp%2Fv2%2Fcomments&post=17189"}],"version-history":[{"count":1,"href":"https:\/\/nandi.info\/index.php?rest_route=\/wp\/v2\/posts\/17189\/revisions"}],"predecessor-version":[{"id":17191,"href":"https:\/\/nandi.info\/index.php?rest_route=\/wp\/v2\/posts\/17189\/revisions\/17191"}],"wp:featuredmedia":[{"embeddable":true,"href":"https:\/\/nandi.info\/index.php?rest_route=\/wp\/v2\/media\/17190"}],"wp:attachment":[{"href":"https:\/\/nandi.info\/index.php?rest_route=%2Fwp%2Fv2%2Fmedia&parent=17189"}],"wp:term":[{"taxonomy":"category","embeddable":true,"href":"https:\/\/nandi.info\/index.php?rest_route=%2Fwp%2Fv2%2Fcategories&post=17189"},{"taxonomy":"post_tag","embeddable":true,"href":"https:\/\/nandi.info\/index.php?rest_route=%2Fwp%2Fv2%2Ftags&post=17189"}],"curies":[{"name":"wp","href":"https:\/\/api.w.org\/{rel}","templated":true}]}}