{"id":17178,"date":"2024-02-06T14:00:30","date_gmt":"2024-02-06T13:00:30","guid":{"rendered":"https:\/\/nandi.info\/?p=17178"},"modified":"2024-02-06T14:39:40","modified_gmt":"2024-02-06T13:39:40","slug":"allocution-de-son-excellence-le-colonel-assimi-goita-president-de-la-transition-et-chef-de-letat-lors-de-la-ceremonie-dinauguration-des-membres-du-comite-de-direction-du-dialogue-inter-malien-po","status":"publish","type":"post","link":"https:\/\/nandi.info\/?p=17178","title":{"rendered":"Allocution de Son Excellence le Colonel Assimi Goita, Pr\u00e9sident de la Transition et Chef de l&rsquo;\u00c9tat, lors de la c\u00e9r\u00e9monie d&rsquo;inauguration des membres du comit\u00e9 de direction du dialogue inter-malien pour la paix et la r\u00e9conciliation nationale"},"content":{"rendered":"\n<ul class=\"wp-block-list\">\n<li><strong>Monsieur le Premier ministre,<\/strong><\/li>\n\n\n\n<li><strong>Messieurs les Pr\u00e9sidents des Institutions de la R\u00e9publique,<\/strong><\/li>\n\n\n\n<li><strong>Monsieur le Ministre d\u2019Etat, Ministre de l\u2019Administration territoriale et&nbsp;<\/strong><strong>de la D\u00e9centralisation, Porte-parole du Gouvernement ;<\/strong><\/li>\n\n\n\n<li><strong>Mesdames et Messieurs les membres du Gouvernement,<\/strong><\/li>\n\n\n\n<li><strong>Mesdames et Messieurs les Repr\u00e9sentants des Autorit\u00e9s religieuses et&nbsp;<\/strong><strong>des l\u00e9gitimit\u00e9s traditionnelles,<\/strong><\/li>\n\n\n\n<li><strong>Mesdames et messieurs les Repr\u00e9sentants de partis politiques,<\/strong><\/li>\n\n\n\n<li><strong>Mesdames et Messieurs les Responsables des Organisations de la&nbsp;<\/strong><strong>soci\u00e9t\u00e9 civile,<\/strong><\/li>\n\n\n\n<li><strong>Monsieur le Pr\u00e9sident du Comit\u00e9 de Pilotage du Dialogue Inter-Maliens&nbsp;<\/strong><strong>pour la Paix et la r\u00e9conciliation nationale,<\/strong><\/li>\n\n\n\n<li><strong>Mesdames et Messieurs les membres du Comit\u00e9 de Pilotage du<\/strong><\/li>\n\n\n\n<li><strong>Dialogue Inter-Maliens pour la Paix et la r\u00e9conciliation nationale,<\/strong><\/li>\n\n\n\n<li><strong>Distingu\u00e9s invit\u00e9s,<\/strong><\/li>\n\n\n\n<li><strong>Mesdames et Messieurs,<\/strong><\/li>\n<\/ul>\n\n\n\n<p>Je voudrais tout d\u2019abord rendre gr\u00e2ce \u00e0 Allah le Tout-Puissant de<\/p>\n\n\n\n<p>permettre \u00e0notre peuple de poser,ce jour,unpasimportantdans la voie de la r\u00e9conciliation. En effet, la pr\u00e9sente c\u00e9r\u00e9monie marque le d\u00e9but d\u2019un processus destin\u00e9 \u00e0 aboutir \u00e0 l\u2019apaisement des c\u0153urs et au retour de la grande fraternit\u00e9 l\u00e9gendaire entre les filles et les fils de notre nation.<\/p>\n\n\n\n<p>Il me plait donc de vous adresser mes salutations cordiales et mes remerciements pour votre engagement \u00e0 tous pour cette grande cause nationale.<\/p>\n\n\n\n<p><strong>Mesdames et Messieurs,<\/strong><\/p>\n\n\n\n<p>Le peuple malien qui a souffert le martyre durant des ann\u00e9es, revient deloin.En desmomentsde sonhistoire r\u00e9cente,certaines personnes n\u2019auraient pas pari\u00e9 sur la possibilit\u00e9 pour lui de reconqu\u00e9rir ses terres, encore moins de r\u00e9concilier ses enfants.<\/p>\n\n\n\n<p>Oui, le Mali \u00e9ternel a vacill\u00e9, mais il ne s\u2019est pas \u00e9croul\u00e9 contrairement \u00e0 certaines pr\u00e9dictions.<\/p>\n\n\n\n<p><strong>Mesdames et Messieurs,<\/strong><\/p>\n\n\n\n<p>Nous devons cela \u00e0 notre histoire mill\u00e9naire, marqu\u00e9e par l\u2019existence de grands empires et royaumes qui ont r\u00e9alis\u00e9 un 4 brassage socioculturel donnant naissance \u00e0 des communaut\u00e9s ayant toujours v\u00e9cu en symbiose et dans la compl\u00e9mentarit\u00e9.<\/p>\n\n\n\n<p>Elles ont ainsi mis en place des syst\u00e8mes d\u2019\u00e9changes mutuellement b\u00e9n\u00e9fiques entre les produits de l\u2019agriculture, du pastoralisme, de la p\u00eache et de l\u2019artisanat cr\u00e9ant de fait un contexte \u00e9conomique harmonis\u00e9.<\/p>\n\n\n\n<p>Sur le plan sociologique, nos anc\u00eatres ont invent\u00e9 des institutions et des relations sociales qui ont cr\u00e9\u00e9 l\u2019harmonie et la solidarit\u00e9 entre les personnes et les groupes. Une de ces institutions, la parent\u00e9 \u00e0 plaisanterie autrement dit le \u00ab SINAGOUYA \u00bb qui est un v\u00e9ritable ciment social et qui cr\u00e9e des liens quasiment sacr\u00e9s entre diff\u00e9rents groupes ethniques.<\/p>\n\n\n\n<p><strong>Mesdames et Messieurs,<\/strong><\/p>\n\n\n\n<p>M\u00eame au plus fort de la crise multiforme que traverse notre pays, pendant que les services de l\u2019\u00c9tat s\u2019\u00e9taient retir\u00e9s de certaines localit\u00e9s, c\u2019est le tissu social p\u00e9tri de solidarit\u00e9 et d\u2019humanisme qui a permis aux populations de se supporter pour mieux envisager l\u2019avenir.<\/p>\n\n\n\n<p>C\u2019est justement pour cette raison que les ennemis de notre peuple ont essay\u00e9 de cr\u00e9er la m\u00e9sentente entre nos populations pour les entrainer dans des conflits intracommunautaires et intercommunautaires.<\/p>\n\n\n\n<p>C\u2019est ainsi que plusieurs de nos communaut\u00e9s ont \u00e9t\u00e9 endeuill\u00e9es par des meurtres de femmes, d\u2019enfants et de vieilles personnes. Nos forces de d\u00e9fense et de s\u00e9curit\u00e9, dans leur mission r\u00e9galienne de protection du territoire, des personnes et des biens, ont \u00e9galement pay\u00e9 un lourd tribut.<\/p>\n\n\n\n<p><strong>Mesdames et Messieurs,<\/strong><\/p>\n\n\n\n<p>Ces conflits ont eu \u00e9galement pour cons\u00e9quences de d\u00e9structurer les \u00e9conomies locales en emp\u00eachant les populations de s\u2019adonner \u00e0 leurs activit\u00e9s quotidiennes. Ainsi, des communaut\u00e9s enti\u00e8res ont \u00e9t\u00e9 plong\u00e9es dans une extr\u00eame pr\u00e9carit\u00e9 et ont d\u00fb quitter leurs terroirs pour devenir des r\u00e9fugi\u00e9s ou des d\u00e9plac\u00e9s compromettant l\u2019avenir de toute une g\u00e9n\u00e9ration d\u2019enfants par manque d\u2019\u00e9ducation ad\u00e9quate.<\/p>\n\n\n\n<p>C\u2019est le lieu de rendre hommage \u00e0 toutes les victimes civiles et militaires de cette dure \u00e9preuve impos\u00e9e \u00e0 notre pays par des personnes qui ne sont motiv\u00e9es que par l\u2019id\u00e9e d\u2019installer et d\u2019entretenir une \u00e9conomie criminelle au d\u00e9triment du peuple.<\/p>\n\n\n\n<p>Je voudrais aussi saluer la r\u00e9silience dont l\u2019ensemble du peuple malien a fait preuve et qui nous a permis de maintenir le cap malgr\u00e9 l\u2019adversit\u00e9 que nous affrontons quotidiennement.<br><strong>Mesdames et Messieurs,<\/strong><\/p>\n\n\n\n<p>Gr\u00e2ce \u00e0 la bravoure et au don de soi des FAMa, notre \u00c9tat a recouvr\u00e9 son autorit\u00e9 sur l\u2019ensemble du territoire, dont certains avaient voulu faire une enclave, en ayant pris le soin d\u2019opposer les enfants du m\u00eame pays.<\/p>\n\n\n\n<p>Cette unit\u00e9 retrouv\u00e9e par notre peuple a \u00e9t\u00e9 salu\u00e9e par l\u2019ensemble de ses filles et fils, fiers de leur histoire commune et anim\u00e9s par un fort sentiment patriotique et la volont\u00e9 ferme de recoudre le tissu social malheureusement fragilis\u00e9 par les conflits inutiles.<\/p>\n\n\n\n<p>Aussi, avons-nous d\u00e9cid\u00e9 de cr\u00e9er les conditions d\u2019un dialogue entre les filles et les fils de notre peuple, conduit par eux-m\u00eames, en vue de restaurer la paix, de consolider l\u2019unit\u00e9 nationale et de raviver le vivre-ensemble.<\/p>\n\n\n\n<p>Ceci \u00e9tait d\u2019une urgente n\u00e9cessit\u00e9, tant l\u2019Accord pour la paix et la r\u00e9conciliation issu du processus d\u2019Alger \u00e9tait devenu, pour certains acteurs, un fonds de commerce et un moyen de prolonger la souffrance de nos populations meurtries. C\u2019est la raison pour laquelle, les Autorit\u00e9s de la Transition ont d\u00e9cid\u00e9, en toute responsabilit\u00e9, d\u2019y mettre fin.<br> <strong>Mesdames et Messieurs,<\/strong><\/p>\n\n\n\n<p>Nous avons tous les atouts pour r\u00e9ussir un dialogue direct entre les Maliens. En effet, \u00e0 travers des valeurs soci\u00e9tales et des formes de spiritualit\u00e9s, nos anc\u00eatres ont instaur\u00e9 une culture de paix et de solidarit\u00e9 fond\u00e9e sur des r\u00e8gles dont le respect \u00e9tait garanti par l\u2019ensemble de la communaut\u00e9.<\/p>\n\n\n\n<p>Il nous faut donc puiser dans notre histoire pour construire une m\u00e9moire collective \u00e0 la fois pour notre g\u00e9n\u00e9ration actuelle et future, afin que nous ne retombions plus jamais dans des situations de d\u00e9chirements.<\/p>\n\n\n\n<p><strong>Mesdames et Messieurs les membres du Comit\u00e9 de pilotage,<\/strong><\/p>\n\n\n\n<p>Je voudrais vous f\u00e9liciter pour le choix port\u00e9 sur vos personnes et attirer en m\u00eame temps votre attention sur votre responsabilit\u00e9 au regard des enjeux li\u00e9s \u00e0 la mission qui vous est confi\u00e9e.<\/p>\n\n\n\n<p>Vous comprenez bien qu\u2019aujourd\u2019hui qu\u2019il nous faut questionner sans complaisance notre soci\u00e9t\u00e9, afin de comprendre les causes apparentes et profondes des conflits qui la minent. Ceci exigera de nous un exercice d\u2019autocritique et de v\u00e9rit\u00e9 qui sera le v\u00e9ritable socle de la paix durable que nous recherchons tant.<\/p>\n\n\n\n<p>La t\u00e2che qui vous attend est donc des plus exaltantes. Vous aurez \u00e0 cr\u00e9er les conditions d\u2019un dialogue franc et sinc\u00e8re entre les Maliens de mani\u00e8re inclusive, afin que nul ne se sente exclu. Toutes les voix doivent \u00eatre \u00e9cout\u00e9es et tous les avis doivent pouvoir s\u2019exprimer. Il s\u2019agit donc, comme le dit l\u2019expression populaire, de laver le linge sale en famille.<\/p>\n\n\n\n<p>En tout \u00e9tat de cause, tout au long du processus de dialogue, vous devez avoir comme boussole les trois principes qui guident d\u00e9sormais l\u2019action publique dans notre pays, \u00e0 savoir le respect de la souverainet\u00e9 du Mali, le respect des choix strat\u00e9giques et de partenaires op\u00e9r\u00e9s par le Mali, la d\u00e9fense des int\u00e9r\u00eats du peuple malien dans les d\u00e9cisions prises.<\/p>\n\n\n\n<p><strong>Mesdames et Messieurs,<\/strong><\/p>\n\n\n\n<p>A l\u2019issue de ce dialogue, d\u00e9cid\u00e9 et conduit par les Maliens eux-m\u00eames, sans ing\u00e9rence ext\u00e9rieure, c\u2019est un peuple r\u00e9concili\u00e9 et rassur\u00e9 qui devra pouvoir exprimer \u00e0 l\u2019unisson sa confiance en l\u2019avenir. Ce faisant, il aura prouv\u00e9 encore une fois de plus sa capacit\u00e9 \u00e0 r\u00e9gler lui-m\u00eame ses propres probl\u00e8mes et \u00e0 renforcer chaque jour sa souverainet\u00e9.<\/p>\n\n\n\n<p>Cependant, il n\u2019y aura aucune place, dans ce grand forum national, pour les ennemis de notre peuple qui veulent remettre en cause l\u2019unicit\u00e9 et la la\u00efcit\u00e9 de l\u2019\u00c9tat, ainsi que l\u2019int\u00e9grit\u00e9 de notre territoire.<\/p>\n\n\n\n<p><strong>Mesdames et Messieurs,<\/strong><\/p>\n\n\n\n<p>La paix totale et durable est \u00e0 notre port\u00e9e. Il suffit que chacun de nous en fasse sa pr\u00e9occupation et s\u2019y consacre.<\/p>\n\n\n\n<p><strong>Ensemble, nous ferons le Mali Kura.<\/strong><\/p>\n\n\n\n<p><strong>Qu\u2019Allah b\u00e9nisse le Mali et prot\u00e8ge les Maliens !<\/strong><\/p>\n\n\n\n<p><strong>Je vous remercie.<\/strong><\/p>\n\n\n\n<p><strong>Maliweb\/Pr\u00e9sidence<\/strong><\/p>\n","protected":false},"excerpt":{"rendered":"<p>Je voudrais tout d\u2019abord rendre gr\u00e2ce \u00e0 Allah le Tout-Puissant de permettre \u00e0notre peuple de poser,ce jour,unpasimportantdans la voie de la r\u00e9conciliation. En effet, la pr\u00e9sente c\u00e9r\u00e9monie marque le d\u00e9but&hellip;<\/p>\n","protected":false},"author":1,"featured_media":16501,"comment_status":"open","ping_status":"open","sticky":false,"template":"","format":"standard","meta":{"content-type":"","_lmt_disableupdate":"","_lmt_disable":"","_jetpack_memberships_contains_paid_content":false,"footnotes":"","jetpack_publicize_message":"","jetpack_publicize_feature_enabled":true,"jetpack_social_post_already_shared":true,"jetpack_social_options":{"image_generator_settings":{"template":"highway","default_image_id":0,"font":"","enabled":false},"version":2}},"categories":[43,23],"tags":[],"class_list":["post-17178","post","type-post","status-publish","format-standard","has-post-thumbnail","hentry","category-nandi-info","category-politique"],"jetpack_publicize_connections":[],"featured_image_urls":{"full":["https:\/\/nandi.info\/wp-content\/uploads\/2024\/01\/assimi-goita-ml.jpg",2048,1366,false],"thumbnail":["https:\/\/nandi.info\/wp-content\/uploads\/2024\/01\/assimi-goita-ml-150x150.jpg",150,150,true],"medium":["https:\/\/nandi.info\/wp-content\/uploads\/2024\/01\/assimi-goita-ml-300x200.jpg",300,200,true],"medium_large":["https:\/\/nandi.info\/wp-content\/uploads\/2024\/01\/assimi-goita-ml-768x512.jpg",768,512,true],"large":["https:\/\/nandi.info\/wp-content\/uploads\/2024\/01\/assimi-goita-ml-1024x683.jpg",1024,683,true],"1536x1536":["https:\/\/nandi.info\/wp-content\/uploads\/2024\/01\/assimi-goita-ml-1536x1025.jpg",1536,1025,true],"2048x2048":["https:\/\/nandi.info\/wp-content\/uploads\/2024\/01\/assimi-goita-ml.jpg",2048,1366,false],"penci-recipe-1200x1200":["https:\/\/nandi.info\/wp-content\/uploads\/2024\/01\/assimi-goita-ml.jpg",1200,800,false],"penci-recipe-1200x900":["https:\/\/nandi.info\/wp-content\/uploads\/2024\/01\/assimi-goita-ml.jpg",1200,800,false],"penci-recipe-1200x675":["https:\/\/nandi.info\/wp-content\/uploads\/2024\/01\/assimi-goita-ml.jpg",1012,675,false],"penci-single-full":["https:\/\/nandi.info\/wp-content\/uploads\/2024\/01\/assimi-goita-ml.jpg",1920,1281,false],"penci-slider-full-thumb":["https:\/\/nandi.info\/wp-content\/uploads\/2024\/01\/assimi-goita-ml.jpg",1199,800,false],"penci-full-thumb":["https:\/\/nandi.info\/wp-content\/uploads\/2024\/01\/assimi-goita-ml.jpg",1170,780,false],"penci-slider-thumb":["https:\/\/nandi.info\/wp-content\/uploads\/2024\/01\/assimi-goita-ml.jpg",994,663,false],"penci-magazine-slider":["https:\/\/nandi.info\/wp-content\/uploads\/2024\/01\/assimi-goita-ml.jpg",774,516,false],"penci-thumb":["https:\/\/nandi.info\/wp-content\/uploads\/2024\/01\/assimi-goita-ml.jpg",585,390,false],"penci-masonry-thumb":["https:\/\/nandi.info\/wp-content\/uploads\/2024\/01\/assimi-goita-ml.jpg",585,390,false],"penci-thumb-square":["https:\/\/nandi.info\/wp-content\/uploads\/2024\/01\/assimi-goita-ml.jpg",585,390,false],"penci-thumb-vertical":["https:\/\/nandi.info\/wp-content\/uploads\/2024\/01\/assimi-goita-ml.jpg",480,320,false],"penci-thumb-small":["https:\/\/nandi.info\/wp-content\/uploads\/2024\/01\/assimi-goita-ml.jpg",263,175,false]},"author_info":{"display_name":"Nandi","author_link":"https:\/\/nandi.info\/?author=1"},"category_info":"<a href=\"https:\/\/nandi.info\/?cat=43\" rel=\"category\">Nandi.info<\/a> <a href=\"https:\/\/nandi.info\/?cat=23\" rel=\"category\">Politique<\/a>","tag_info":"Politique","comment_count":"0","jetpack_featured_media_url":"https:\/\/nandi.info\/wp-content\/uploads\/2024\/01\/assimi-goita-ml.jpg","jetpack_sharing_enabled":true,"_links":{"self":[{"href":"https:\/\/nandi.info\/index.php?rest_route=\/wp\/v2\/posts\/17178","targetHints":{"allow":["GET"]}}],"collection":[{"href":"https:\/\/nandi.info\/index.php?rest_route=\/wp\/v2\/posts"}],"about":[{"href":"https:\/\/nandi.info\/index.php?rest_route=\/wp\/v2\/types\/post"}],"author":[{"embeddable":true,"href":"https:\/\/nandi.info\/index.php?rest_route=\/wp\/v2\/users\/1"}],"replies":[{"embeddable":true,"href":"https:\/\/nandi.info\/index.php?rest_route=%2Fwp%2Fv2%2Fcomments&post=17178"}],"version-history":[{"count":2,"href":"https:\/\/nandi.info\/index.php?rest_route=\/wp\/v2\/posts\/17178\/revisions"}],"predecessor-version":[{"id":17184,"href":"https:\/\/nandi.info\/index.php?rest_route=\/wp\/v2\/posts\/17178\/revisions\/17184"}],"wp:featuredmedia":[{"embeddable":true,"href":"https:\/\/nandi.info\/index.php?rest_route=\/wp\/v2\/media\/16501"}],"wp:attachment":[{"href":"https:\/\/nandi.info\/index.php?rest_route=%2Fwp%2Fv2%2Fmedia&parent=17178"}],"wp:term":[{"taxonomy":"category","embeddable":true,"href":"https:\/\/nandi.info\/index.php?rest_route=%2Fwp%2Fv2%2Fcategories&post=17178"},{"taxonomy":"post_tag","embeddable":true,"href":"https:\/\/nandi.info\/index.php?rest_route=%2Fwp%2Fv2%2Ftags&post=17178"}],"curies":[{"name":"wp","href":"https:\/\/api.w.org\/{rel}","templated":true}]}}