{"id":16892,"date":"2024-01-19T13:10:10","date_gmt":"2024-01-19T12:10:10","guid":{"rendered":"https:\/\/nandi.info\/?p=16892"},"modified":"2024-01-19T13:10:14","modified_gmt":"2024-01-19T12:10:14","slug":"colonel-major-souleymane-dembele-directeur-de-la-dirpa-face-a-la-presse-nous-constatons-la-recrudescence-des-attaques-terroristes-contre-les-casernes-famas","status":"publish","type":"post","link":"https:\/\/nandi.info\/?p=16892","title":{"rendered":"Colonel-major, Souleymane Demb\u00e9l\u00e9, Directeur de la DIRPA face \u00e0 la presse : \u00abNous constatons la recrudescence des attaques terroristes contre les casernes FAMAS\u00bb"},"content":{"rendered":"\n<h2 class=\"wp-block-heading has-text-align-center\">\u00ab A chaque fois qu\u2019il y a une attaque, il y a une r\u00e9ponse \u00e0 hauteur de souhait \u00bb<\/h2>\n\n\n\n<p class=\"has-drop-cap\">Le Directeur de l\u2019Information et des Relations Publiques des Arm\u00e9es (DIRPA), Colonel-major Souleymane Demb\u00e9l\u00e9, \u00e9tait face \u00e0 la presse, le lundi 15 janvier 2024, pour parler de la situation s\u00e9curitaire au Mali. Selon le conf\u00e9rencier, il y a v\u00e9ritablement une mont\u00e9e en puissance des Forces arm\u00e9es malienne (FAMAS). \u00ab Cependant, nous constatons la recrudescence des attaques terroristes contre les casernes FAMAS. Le constat est l\u00e0, il y a beaucoup d\u2019attaques contre les casernes\u2026 Les groupes terroristes sont tr\u00e8s prompts \u00e0 se regrouper tout de suite, \u00e0 intervenir tout de suite et \u00e0 se dissimuler dans la nature tout de suite, mais qu\u2019\u00e0 cela ne tienne, \u00e0 chaque fois qu\u2019il y a des attaques, il y a une r\u00e9ponse \u00e0 hauteur de souhait\u00bb, a d\u00e9clar\u00e9 le Colonel-major, Souleymane Demb\u00e9l\u00e9.<\/p>\n\n\n\n<p>Selon le conf\u00e9rencier, colonel-major Souleymane Demb\u00e9l\u00e9, l\u2019ann\u00e9e 2023 a \u00e9t\u00e9 marqu\u00e9e par la confirmation de la mont\u00e9e en puissance des Forces Arm\u00e9es Maliennes (FAMAS) \u00e0 plusieurs \u00e9gards. Avant d\u2019ajouter que les FAMa sont actives dans la recherche, la neutralisation et la destruction des sanctuaires et des combattants terroristes. Il a mis l\u2019accent sur les faits marquants de 2023 dont la continuit\u00e9 du renforcement des capacit\u00e9s des FAMAS, la s\u00e9curisation de la biennale artistique et culturelle, la s\u00e9curisation du scrutin r\u00e9f\u00e9rendaire du 18 juin 2023, l\u2019occupation des emprises c\u00e9d\u00e9es par la MINUSMA, le retour de la r\u00e9gion de Kidal dans le giron Mali, la cr\u00e9ation de l\u2019Alliance des Etats du Sahel. A ses dires, les FAMa ne se laissent pas divertir de leur mission r\u00e9galienne. A l\u2019en croire, les terroristes disposent encore des capacit\u00e9s de nuisance bien que les FAMAS les traquent, les recherchent et les neutralisent. Pour lui, les terroristes ont \u00e9t\u00e9 chass\u00e9s de plusieurs zones. \u00ab Globalement, nous pouvons dire que le bilan 2023 va au-del\u00e0 des attentes des Forces arm\u00e9es maliennes. Cependant, nous constatons la recrudescence des attaques terroristes contre les casernes FAMAS. Le constat est l\u00e0, il y a beaucoup d\u2019attaques contre les casernes \u00bb, a d\u00e9clar\u00e9 le Colonel-major Souleymane Demb\u00e9l\u00e9, Directeur de la DIRPA, face \u00e0 la presse. Il a indiqu\u00e9 que des initiatives sont en cours pour rassurer les populations par rapport \u00e0 la recrudescence de ces attaques.<\/p>\n\n\n\n<p>Parlant des perspectives pour 2024, le conf\u00e9rencier a indiqu\u00e9 que les FAMAS vont continuer \u00e0 travailler sur les directives politiques qui ont \u00e9t\u00e9 donn\u00e9es. Pour 2024, dit-il, il s\u2019agit d\u2019\u00eatre encore plus ambitieux en termes de recrutement, d\u2019\u00e9quipement et d\u2019impact sur le terrain. A l\u2019en croire, les FAMAS vont travailler pour le retour de l\u2019autorit\u00e9 de l\u2019Etat et des services sociaux de base sur toute l\u2019\u00e9tendue du territoire national. Les FAMAS, ajoute-il, vont travailler pour la r\u00e9duction de la violence et tant d\u2019autres. Pour lui, la guerre n\u2019est pas finie. \u00ab Le peuple malien s\u2019est sacrifi\u00e9 en nous dotant d\u2019\u00e9quipements de derni\u00e8re g\u00e9n\u00e9rations. Alors, il nous revient \u00e0 nous d\u2019honorer ce peuple et de porter haut le flambeau Mali \u00bb, a d\u00e9clar\u00e9 le conf\u00e9rencier.<\/p>\n\n\n\n<p>En langue nationale Bambara, le colonel-major Souleymane Demb\u00e9l\u00e9 a pr\u00e9cis\u00e9 que la prise de Kidal ne veut pas dire que la guerre est finie. \u00ab Nous sommes satisfaits du combat que nous sommes en train de mener aujourd\u2019hui contre le terrorisme \u00bb, a-t-il dit.<\/p>\n\n\n\n<p>R\u00e9pondant aux questions des journalistes, le colonel-major Souleymane Demb\u00e9l\u00e9 a fait savoir que les groupes terroristes sont tr\u00e8s prompts \u00e0 se regrouper tout de suite, \u00e0 intervenir tout de suite et \u00e0 se dissimuler dans la nature tout de suite, mais qu\u2019\u00e0 cela ne tienne, \u00e0 chaque fois qu\u2019il y a des attaques, il y a une r\u00e9ponse \u00e0 hauteur de souhait. \u00ab Tout ce qui s\u2019est pass\u00e9 \u00e0 Dialassagou (Bandiangara), il y a une r\u00e9plique aux diff\u00e9rentes attaques. A chaque fois qu\u2019il y a une attaque, il y a une r\u00e9plique \u00bb, a soulign\u00e9 le conf\u00e9rencier. Par ailleurs, il a signal\u00e9 qu\u2019il y a moins de soubresauts \u00e0 Kidal actuellement. \u00ab Il y a la ma\u00eetrise totale de la situation \u00e0 Kidal \u00bb, a-t-il conclu.<\/p>\n\n\n\n<p><strong>Aguibou Sogodogo<\/strong><\/p>\n","protected":false},"excerpt":{"rendered":"<p>\u00ab A chaque fois qu\u2019il y a une attaque, il y a une r\u00e9ponse \u00e0 hauteur de souhait \u00bb Le Directeur de l\u2019Information et des Relations Publiques des Arm\u00e9es (DIRPA),&hellip;<\/p>\n","protected":false},"author":1,"featured_media":16893,"comment_status":"open","ping_status":"open","sticky":false,"template":"","format":"standard","meta":{"content-type":"","_lmt_disableupdate":"","_lmt_disable":"","_jetpack_memberships_contains_paid_content":false,"footnotes":"","jetpack_publicize_message":"","jetpack_publicize_feature_enabled":true,"jetpack_social_post_already_shared":true,"jetpack_social_options":{"image_generator_settings":{"template":"highway","default_image_id":0,"font":"","enabled":false},"version":2}},"categories":[65,69],"tags":[],"class_list":["post-16892","post","type-post","status-publish","format-standard","has-post-thumbnail","hentry","category-armee","category-le-republicain-mali"],"jetpack_publicize_connections":[],"featured_image_urls":{"full":["https:\/\/nandi.info\/wp-content\/uploads\/2024\/01\/Colonel-major-Souleymane-Dembele-Dirpa.jpg",680,357,false],"thumbnail":["https:\/\/nandi.info\/wp-content\/uploads\/2024\/01\/Colonel-major-Souleymane-Dembele-Dirpa-150x150.jpg",150,150,true],"medium":["https:\/\/nandi.info\/wp-content\/uploads\/2024\/01\/Colonel-major-Souleymane-Dembele-Dirpa-300x158.jpg",300,158,true],"medium_large":["https:\/\/nandi.info\/wp-content\/uploads\/2024\/01\/Colonel-major-Souleymane-Dembele-Dirpa.jpg",680,357,false],"large":["https:\/\/nandi.info\/wp-content\/uploads\/2024\/01\/Colonel-major-Souleymane-Dembele-Dirpa.jpg",680,357,false],"1536x1536":["https:\/\/nandi.info\/wp-content\/uploads\/2024\/01\/Colonel-major-Souleymane-Dembele-Dirpa.jpg",680,357,false],"2048x2048":["https:\/\/nandi.info\/wp-content\/uploads\/2024\/01\/Colonel-major-Souleymane-Dembele-Dirpa.jpg",680,357,false],"penci-recipe-1200x1200":["https:\/\/nandi.info\/wp-content\/uploads\/2024\/01\/Colonel-major-Souleymane-Dembele-Dirpa.jpg",680,357,false],"penci-recipe-1200x900":["https:\/\/nandi.info\/wp-content\/uploads\/2024\/01\/Colonel-major-Souleymane-Dembele-Dirpa.jpg",680,357,false],"penci-recipe-1200x675":["https:\/\/nandi.info\/wp-content\/uploads\/2024\/01\/Colonel-major-Souleymane-Dembele-Dirpa.jpg",680,357,false],"penci-single-full":["https:\/\/nandi.info\/wp-content\/uploads\/2024\/01\/Colonel-major-Souleymane-Dembele-Dirpa.jpg",680,357,false],"penci-slider-full-thumb":["https:\/\/nandi.info\/wp-content\/uploads\/2024\/01\/Colonel-major-Souleymane-Dembele-Dirpa.jpg",680,357,false],"penci-full-thumb":["https:\/\/nandi.info\/wp-content\/uploads\/2024\/01\/Colonel-major-Souleymane-Dembele-Dirpa.jpg",680,357,false],"penci-slider-thumb":["https:\/\/nandi.info\/wp-content\/uploads\/2024\/01\/Colonel-major-Souleymane-Dembele-Dirpa.jpg",680,357,false],"penci-magazine-slider":["https:\/\/nandi.info\/wp-content\/uploads\/2024\/01\/Colonel-major-Souleymane-Dembele-Dirpa.jpg",680,357,false],"penci-thumb":["https:\/\/nandi.info\/wp-content\/uploads\/2024\/01\/Colonel-major-Souleymane-Dembele-Dirpa.jpg",585,307,false],"penci-masonry-thumb":["https:\/\/nandi.info\/wp-content\/uploads\/2024\/01\/Colonel-major-Souleymane-Dembele-Dirpa.jpg",585,307,false],"penci-thumb-square":["https:\/\/nandi.info\/wp-content\/uploads\/2024\/01\/Colonel-major-Souleymane-Dembele-Dirpa.jpg",585,307,false],"penci-thumb-vertical":["https:\/\/nandi.info\/wp-content\/uploads\/2024\/01\/Colonel-major-Souleymane-Dembele-Dirpa.jpg",480,252,false],"penci-thumb-small":["https:\/\/nandi.info\/wp-content\/uploads\/2024\/01\/Colonel-major-Souleymane-Dembele-Dirpa.jpg",263,138,false]},"author_info":{"display_name":"Nandi","author_link":"https:\/\/nandi.info\/?author=1"},"category_info":"<a href=\"https:\/\/nandi.info\/?cat=65\" rel=\"category\">Arm\u00e9e<\/a> <a href=\"https:\/\/nandi.info\/?cat=69\" rel=\"category\">Le R\u00e9publicain Mali<\/a>","tag_info":"Le R\u00e9publicain Mali","comment_count":"0","jetpack_featured_media_url":"https:\/\/nandi.info\/wp-content\/uploads\/2024\/01\/Colonel-major-Souleymane-Dembele-Dirpa.jpg","jetpack_sharing_enabled":true,"_links":{"self":[{"href":"https:\/\/nandi.info\/index.php?rest_route=\/wp\/v2\/posts\/16892","targetHints":{"allow":["GET"]}}],"collection":[{"href":"https:\/\/nandi.info\/index.php?rest_route=\/wp\/v2\/posts"}],"about":[{"href":"https:\/\/nandi.info\/index.php?rest_route=\/wp\/v2\/types\/post"}],"author":[{"embeddable":true,"href":"https:\/\/nandi.info\/index.php?rest_route=\/wp\/v2\/users\/1"}],"replies":[{"embeddable":true,"href":"https:\/\/nandi.info\/index.php?rest_route=%2Fwp%2Fv2%2Fcomments&post=16892"}],"version-history":[{"count":1,"href":"https:\/\/nandi.info\/index.php?rest_route=\/wp\/v2\/posts\/16892\/revisions"}],"predecessor-version":[{"id":16894,"href":"https:\/\/nandi.info\/index.php?rest_route=\/wp\/v2\/posts\/16892\/revisions\/16894"}],"wp:featuredmedia":[{"embeddable":true,"href":"https:\/\/nandi.info\/index.php?rest_route=\/wp\/v2\/media\/16893"}],"wp:attachment":[{"href":"https:\/\/nandi.info\/index.php?rest_route=%2Fwp%2Fv2%2Fmedia&parent=16892"}],"wp:term":[{"taxonomy":"category","embeddable":true,"href":"https:\/\/nandi.info\/index.php?rest_route=%2Fwp%2Fv2%2Fcategories&post=16892"},{"taxonomy":"post_tag","embeddable":true,"href":"https:\/\/nandi.info\/index.php?rest_route=%2Fwp%2Fv2%2Ftags&post=16892"}],"curies":[{"name":"wp","href":"https:\/\/api.w.org\/{rel}","templated":true}]}}