{"id":16695,"date":"2024-01-15T12:53:39","date_gmt":"2024-01-15T11:53:39","guid":{"rendered":"https:\/\/nandi.info\/?p=16695"},"modified":"2024-01-15T12:53:42","modified_gmt":"2024-01-15T11:53:42","slug":"ceremonie-de-lancement-des-formations-de-120-jeunes-dans-le-cadre-du-partenariat-amcfp-ong-engim","status":"publish","type":"post","link":"https:\/\/nandi.info\/?p=16695","title":{"rendered":"C\u00e9r\u00e9monie de lancement des formations de 120 jeunes\u00a0 dans le cadre du partenariat AMCFP &#038; ONG ENGIM"},"content":{"rendered":"\n<p class=\"has-drop-cap\">La salle de conf\u00e9rence du Gouvernorat du District de Bamako a servi de cadre, le jeudi 11 janvier 2024 pour le lancement des formations de 120 jeunes dans le cadre du partenariat entre l\u2019Association des Centres de Formation Professionnelle, AMCFP et l\u2019ONG ENGIM. Cette c\u00e9r\u00e9monie, pr\u00e9sid\u00e9e par le chef de cabinet du ministre de l\u2019Entreprenariat National, de l\u2019Emploi et de la Formation professionnelle, a \u00e9galement enregistr\u00e9 la pr\u00e9sence du repr\u00e9sentant du Maire, de la repr\u00e9sentante de l\u2019ONG ENGIM, &nbsp;des jeunes b\u00e9n\u00e9ficiaires et un public venu nombreux pour donner un \u00e9clat particulier \u00e0 cette importante c\u00e9r\u00e9monie.<\/p>\n\n\n\n<p>La Pr\u00e9sident de l\u2019AMCFP, Mme Khady Camara a, dans son discours d\u2019ouverture souhait\u00e9 la cordiale bienvenue aux participants, avant de se r\u00e9jouir du d\u00e9but de concr\u00e9tisation de l\u2019accord de partenariat que l\u2019association a sign\u00e9 en 2020 avec l\u2019ONG ENGIM.<\/p>\n\n\n\n<p>\u00ab&nbsp;C\u2019est le lieu de remercier ENGIM de nous avoir fait confiance pour ce pari. C\u2019est \u00e9galement une occasion pour nous d\u2019inviter les autres acteurs \u00e0 se joindre \u00e0 cette dynamique partenariale pour soutenir la promotion de la formation professionnelle au Mali&nbsp;\u00bb, a martel\u00e9 la pr\u00e9sidente de&nbsp; l\u2019AMCFP. Mme Khady Camara n\u2019a pas manqu\u00e9 de d\u00e9noncer les tares de la formation professionnelle au Mali, qui est confront\u00e9e \u00e0 plusieurs d\u00e9fis comme entre autres&nbsp;: le manque de financement, la faiblesse du cadre institutionnel, la faible implication du secteur priv\u00e9. C\u2019est pourquoi elle pense que pour faire face \u00e0 ces difficult\u00e9s, il serait mieux d\u2019\u0153uvrer pour une gestion partenariale de la formation professionnelle.<\/p>\n\n\n\n<p>En effet, pour la Pr\u00e9sident de l\u2019AMCFP, apr\u00e8s l\u2019APEJ, en 2017 pour la formation de 476 jeunes dans le cadre du programme, d\u2019adaptation et de reconversion des jeunes dipl\u00f4m\u00e9s sans emploi afin de leur offrir des possibilit\u00e9s d\u2019emploi par le biais de la formation professionnelle, c\u2019est ENGIM qui nous fait confiance pour former 120 jeunes en Froid Climatisation, Coiffure\/Esth\u00e9tique, P\u00e2tisserie\/Restauration et Transformation agroalimentaire, en vue de faciliter leur employabilit\u00e9. Pour Mme Khady Camara ces actions sont significatives mais les d\u00e9fis restent \u00e9normes, dans la mesure o\u00f9 chaque ann\u00e9e, plus de 300 milles jeunes dipl\u00f4m\u00e9s, d\u00e9scolaris\u00e9s et non scolaris\u00e9s viennent sur le march\u00e9 de l\u2019emploi, sans qualification professionnelle et sans aucune opportunit\u00e9 d\u2019insertion socio-professionnelle. Pour la Pr\u00e9sidente de l\u2019AMCFP cette situation constitue un obstacle majeur \u00e0 la stabilit\u00e9 de notre pays, voire au progr\u00e8s \u00e9conomique et social. C\u2019est pourquoi elle pense avoir l\u2019imp\u00e9rieux devoir d\u2019apporter des r\u00e9ponses ad\u00e9quates&nbsp;: \u00ab&nbsp;Nous saisissons cette belle occasion pour lancer un appel \u00e0 nos plus hautes autorit\u00e9s et aux partenaires de la formation professionnelle \u00e0 mobiliser plus de ressources pour le financement de la formation au profit de la jeunesse de notre pays et soutenir le secteur priv\u00e9 de la formation professionnelle qui, depuis quelques ann\u00e9es par manque de financement a du mal \u00e0 faire face&nbsp;\u00bb. Enfin aux b\u00e9n\u00e9ficiaires Tout en les&nbsp; f\u00e9licitant pour cette opportunit\u00e9 qui leur permettra de d\u00e9velopper des aptitudes pr\u00e9cises qui r\u00e9pondent aux attentes de professionnels et augmentent leur employabilit\u00e9, elle les&nbsp; invite au respect de leur engagement \u00e0 suivre avec assiduit\u00e9 les formations ainsi que les programmes de stage. Pour rappel le montant global du programme FIL est de 1. 800&nbsp;000 euros.<\/p>\n\n\n\n<p>&nbsp;La repr\u00e9sentante de l\u2019ONG ENGIM, Mme Giorgia, n\u2019a pas manqu\u00e9 de rappeler que &nbsp;&nbsp;son ONG a fait de la formation professionnelle sa principale mission&nbsp;: \u00ab&nbsp; Nous op\u00e9rons d&rsquo;abord en Italie, dans le cadre de la scolarit\u00e9 obligatoire, ainsi que dans la formation des adultes. ENGIM se consacre aussi aux programmes de mobilit\u00e9 internationale et de coop\u00e9ration entre pays, sur quatre continents. En Afrique, les plus grands projets se situent en Guin\u00e9e Bissau, au S\u00e9n\u00e9gal et au Mali, o\u00f9 l\u2019ONG op\u00e8re depuis 2007 dans les secteurs de la s\u00e9curit\u00e9 alimentaire, de l&rsquo;appui aux entreprises et coop\u00e9ratives agricoles et de la formation professionnelle. ENGIM a donc \u00e9t\u00e9 pr\u00e9sente \u00e0 Kayes, Kita, Mopti, Bankass, dans la r\u00e9gion de Koulikoro et \u00e0 Bamako&nbsp;\u00bb.Mme Giorgia n\u2019a pas manqu\u00e9 de rappeler que le projet qui soutient aujourd&rsquo;hui les formations professionnelles qui s&rsquo;appr\u00eatent \u00e0 d\u00e9marrer est financ\u00e9 par la Coop\u00e9ration Italienne et est rendu possible gr\u00e2ce au&nbsp; partenariat avec des organisations maliennes, comme &nbsp;l&rsquo;AMCFP, entre autres. Pour la repr\u00e9sentante de l\u2019ONG ENGIM sa structure ne m\u00e9nagera aucun effort pour venir en aide aux jeunes afin de leur assurer un avenir radieux. Elle se dit disposer \u00e0 travailler avec toutes les structures \u0153uvrant dans le domaine de la formation professionnelle.<\/p>\n\n\n\n<p>Le chef de cabinet du ministre en charge de l\u2019Entreprenariat et de la Formation Professionnelle, tout en saluant ce partenariat f\u00e9cond rassure l\u2019AMCFP pour la disponibilit\u00e9 du d\u00e9partement \u00e0 accompagner toute initiative allant dans le sens de la formation professionnelle. Il se dit convaincu que la solution \u00e0 la crise de l\u2019emploi des jeunes passe par la formation professionnelle qui facilitera l\u2019insertion sociale. Le chef de cabinet du ministre de de l\u2019Entreprenariat National, de l\u2019Emploi et de la Formation professionnelle &nbsp;n\u2019a pas manqu\u00e9 de rassurer &nbsp;l\u2019AMCFP de la disponibilit\u00e9 de son d\u00e9partement \u00e0 accompagner ces jeunes et tous les jeunes du Mali. La c\u00e9r\u00e9monie a pris fin par un cocktail.<\/p>\n\n\n\n<p><strong>Youssouf Sissoko<\/strong>&nbsp; &nbsp;&nbsp;&nbsp;&nbsp;&nbsp;<\/p>\n","protected":false},"excerpt":{"rendered":"<p>La salle de conf\u00e9rence du Gouvernorat du District de Bamako a servi de cadre, le jeudi 11 janvier 2024 pour le lancement des formations de 120 jeunes dans le cadre&hellip;<\/p>\n","protected":false},"author":1,"featured_media":16699,"comment_status":"open","ping_status":"open","sticky":false,"template":"","format":"standard","meta":{"content-type":"","_lmt_disableupdate":"","_lmt_disable":"","_jetpack_memberships_contains_paid_content":false,"footnotes":"","jetpack_publicize_message":"","jetpack_publicize_feature_enabled":true,"jetpack_social_post_already_shared":true,"jetpack_social_options":{"image_generator_settings":{"template":"highway","default_image_id":0,"font":"","enabled":false},"version":2}},"categories":[39,68],"tags":[],"class_list":["post-16695","post","type-post","status-publish","format-standard","has-post-thumbnail","hentry","category-formation-professionnelle","category-lalternance"],"jetpack_publicize_connections":[],"featured_image_urls":{"full":["https:\/\/nandi.info\/wp-content\/uploads\/2024\/01\/ENGIM-Mali.jpg",480,319,false],"thumbnail":["https:\/\/nandi.info\/wp-content\/uploads\/2024\/01\/ENGIM-Mali-150x150.jpg",150,150,true],"medium":["https:\/\/nandi.info\/wp-content\/uploads\/2024\/01\/ENGIM-Mali-300x199.jpg",300,199,true],"medium_large":["https:\/\/nandi.info\/wp-content\/uploads\/2024\/01\/ENGIM-Mali.jpg",480,319,false],"large":["https:\/\/nandi.info\/wp-content\/uploads\/2024\/01\/ENGIM-Mali.jpg",480,319,false],"1536x1536":["https:\/\/nandi.info\/wp-content\/uploads\/2024\/01\/ENGIM-Mali.jpg",480,319,false],"2048x2048":["https:\/\/nandi.info\/wp-content\/uploads\/2024\/01\/ENGIM-Mali.jpg",480,319,false],"penci-recipe-1200x1200":["https:\/\/nandi.info\/wp-content\/uploads\/2024\/01\/ENGIM-Mali.jpg",480,319,false],"penci-recipe-1200x900":["https:\/\/nandi.info\/wp-content\/uploads\/2024\/01\/ENGIM-Mali.jpg",480,319,false],"penci-recipe-1200x675":["https:\/\/nandi.info\/wp-content\/uploads\/2024\/01\/ENGIM-Mali.jpg",480,319,false],"penci-single-full":["https:\/\/nandi.info\/wp-content\/uploads\/2024\/01\/ENGIM-Mali.jpg",480,319,false],"penci-slider-full-thumb":["https:\/\/nandi.info\/wp-content\/uploads\/2024\/01\/ENGIM-Mali.jpg",480,319,false],"penci-full-thumb":["https:\/\/nandi.info\/wp-content\/uploads\/2024\/01\/ENGIM-Mali.jpg",480,319,false],"penci-slider-thumb":["https:\/\/nandi.info\/wp-content\/uploads\/2024\/01\/ENGIM-Mali.jpg",480,319,false],"penci-magazine-slider":["https:\/\/nandi.info\/wp-content\/uploads\/2024\/01\/ENGIM-Mali.jpg",480,319,false],"penci-thumb":["https:\/\/nandi.info\/wp-content\/uploads\/2024\/01\/ENGIM-Mali.jpg",480,319,false],"penci-masonry-thumb":["https:\/\/nandi.info\/wp-content\/uploads\/2024\/01\/ENGIM-Mali.jpg",480,319,false],"penci-thumb-square":["https:\/\/nandi.info\/wp-content\/uploads\/2024\/01\/ENGIM-Mali.jpg",480,319,false],"penci-thumb-vertical":["https:\/\/nandi.info\/wp-content\/uploads\/2024\/01\/ENGIM-Mali.jpg",480,319,false],"penci-thumb-small":["https:\/\/nandi.info\/wp-content\/uploads\/2024\/01\/ENGIM-Mali.jpg",263,175,false]},"author_info":{"display_name":"Nandi","author_link":"https:\/\/nandi.info\/?author=1"},"category_info":"<a href=\"https:\/\/nandi.info\/?cat=39\" rel=\"category\">Formation Professionnelle<\/a> <a href=\"https:\/\/nandi.info\/?cat=68\" rel=\"category\">L'alternance<\/a>","tag_info":"L'alternance","comment_count":"0","jetpack_featured_media_url":"https:\/\/nandi.info\/wp-content\/uploads\/2024\/01\/ENGIM-Mali.jpg","jetpack_sharing_enabled":true,"_links":{"self":[{"href":"https:\/\/nandi.info\/index.php?rest_route=\/wp\/v2\/posts\/16695","targetHints":{"allow":["GET"]}}],"collection":[{"href":"https:\/\/nandi.info\/index.php?rest_route=\/wp\/v2\/posts"}],"about":[{"href":"https:\/\/nandi.info\/index.php?rest_route=\/wp\/v2\/types\/post"}],"author":[{"embeddable":true,"href":"https:\/\/nandi.info\/index.php?rest_route=\/wp\/v2\/users\/1"}],"replies":[{"embeddable":true,"href":"https:\/\/nandi.info\/index.php?rest_route=%2Fwp%2Fv2%2Fcomments&post=16695"}],"version-history":[{"count":1,"href":"https:\/\/nandi.info\/index.php?rest_route=\/wp\/v2\/posts\/16695\/revisions"}],"predecessor-version":[{"id":16700,"href":"https:\/\/nandi.info\/index.php?rest_route=\/wp\/v2\/posts\/16695\/revisions\/16700"}],"wp:featuredmedia":[{"embeddable":true,"href":"https:\/\/nandi.info\/index.php?rest_route=\/wp\/v2\/media\/16699"}],"wp:attachment":[{"href":"https:\/\/nandi.info\/index.php?rest_route=%2Fwp%2Fv2%2Fmedia&parent=16695"}],"wp:term":[{"taxonomy":"category","embeddable":true,"href":"https:\/\/nandi.info\/index.php?rest_route=%2Fwp%2Fv2%2Fcategories&post=16695"},{"taxonomy":"post_tag","embeddable":true,"href":"https:\/\/nandi.info\/index.php?rest_route=%2Fwp%2Fv2%2Ftags&post=16695"}],"curies":[{"name":"wp","href":"https:\/\/api.w.org\/{rel}","templated":true}]}}