{"id":16690,"date":"2024-01-15T12:31:54","date_gmt":"2024-01-15T11:31:54","guid":{"rendered":"https:\/\/nandi.info\/?p=16690"},"modified":"2024-01-15T12:31:57","modified_gmt":"2024-01-15T11:31:57","slug":"general-moussa-traore-que-peut-on-retenir-de-ce-grand-homme-detat-2eme-partie","status":"publish","type":"post","link":"https:\/\/nandi.info\/?p=16690","title":{"rendered":"G\u00e9n\u00e9ral Moussa Traor\u00e9\u00a0: Que peut-on retenir de ce grand homme d\u2019Etat\u00a0? (2\u00e8me partie)"},"content":{"rendered":"\n<p><strong><em>Qui est, r\u00e9ellement, Moussa Traor\u00e9 ? Comment est-il arriv\u00e9 au pouvoir ? Comment a-t-il exerc\u00e9 le pouvoir ? Comment a-t-il quitt\u00e9 le pouvoir ? Quel h\u00e9ritage a-t-il laiss\u00e9 aux Maliens ? Dans le but de r\u00e9pondre \u00e0 ces cinq questions, Dr Choguel Kokalla Ma\u00efga et Pr Issiaka Ahmadou Singar\u00e9 dans leur \u00e9ni\u00e8me coproduction ont mis sur le march\u00e9 un livre de trois cent pages, intitul\u00e9 \u2018\u2019Hommage au G\u00e9n\u00e9ral d\u2019arm\u00e9e Moussa Traor\u00e9, Secr\u00e9taire g\u00e9n\u00e9ral de l\u2019Union D\u00e9mocratique du Peuple Malien \u2019\u2019, dont le lancement a eu \u00e0 la Maison de la Presse. Nous vous livrons dans la pr\u00e9sente parution la deuxi\u00e8me partie de notre grille de lecture de cet ouvrage consacr\u00e9e \u00e0 l\u2019exercice du pouvoir par le G\u00e9n\u00e9ral Moussa Traor\u00e9.<\/em><\/strong><strong><\/strong><\/p>\n\n\n\n<p class=\"has-drop-cap\">La gestion du pouvoir par Moussa Traor\u00e9 est caract\u00e9ris\u00e9e par&nbsp;: une reprise imm\u00e9diate des affaires de l\u2019Etat, la mise en place de nouvelles institutions, la n\u00e9cessit\u00e9 de se garder contre des actions d\u00e9stabilisatrices, le retour \u00e0 la vie constitutionnelle normale, les activit\u00e9s de d\u00e9veloppement.<\/p>\n\n\n\n<p><strong>&nbsp;Imm\u00e9diatement apr\u00e8s le 19 novembre 1968<\/strong><\/p>\n\n\n\n<p>Apr\u00e8s le d\u00e9part de Modibo Ke\u00efta de la Permanence du Parti, les nouveaux ma\u00eetres du pays s\u2019organisent au sein du Comit\u00e9 Militaire De Lib\u00e9ration Nationale (CMLN). Le noyau en est constitu\u00e9 par les huit officiers, acteurs du renversement du r\u00e9gime&nbsp;; les trois qui en ont eu l\u2019id\u00e9e&nbsp;: Moussa Traor\u00e9, Youssouf Traor\u00e9 et Kissima Doukara&nbsp;; les cinq qui ont s\u00e9lectionn\u00e9s par Moussa Traor\u00e9&nbsp;: Filifing Sissoko, Amadou Baba Diarra, Ti\u00e9koro bagayogo, Joseph Mara, Missa Kon\u00e9. Les membres du CMLN seront port\u00e9s \u00e0 quatorze avec la cooptation de quatre capitaines&nbsp;: Charles Samba Sissoko, Mamadou Sissoko, Yoro Diakit\u00e9, Malick Diallo&nbsp;; de deux lieutenants&nbsp;: Karim Demb\u00e9l\u00e9 et Mamadou Sanogo. Moussa Traor\u00e9 est pr\u00e9sident du CMLN, Yoro Diakit\u00e9, vice-pr\u00e9sident.<\/p>\n\n\n\n<p>Le jeudi 21 novembre 1968, a lieu, la premi\u00e8re rencontre entre le CMLN et les chefs des services centraux&nbsp;: rencontre des plus br\u00e8ves, \u00e0 peine 5 minutes, pour faire comprendre \u00e0 ceux-ci&nbsp;: le travail reprendra demain&nbsp;; ce qui fut tait, sans r\u00e9ticence aucune. Un premier gouvernement est mis sur pied, il est pr\u00e9sid\u00e9 par le capitaine Yoro Diakit\u00e9. Dans le courant du mois de juillet 1969, une conf\u00e9rence des cadres est convoqu\u00e9e, cadres civils comme militaires. Le socialisme n\u2019est pas remis en question, mais l\u2019option, d\u00e9sormais, est la cr\u00e9ation d\u2019un Etat de d\u00e9mocratie nationale. Les Soci\u00e9t\u00e9s et Entreprises d\u2019Etat (SEE), consid\u00e9r\u00e9es comme des \u00ab&nbsp;acquis du peuple&nbsp;\u00bb, sont pr\u00e9serv\u00e9es.<\/p>\n\n\n\n<p>La gestion du pouvoir par le CMLN s\u2019est faite sur fond de crises que l\u2019instance dirigeate parvient toujours \u00e0 juguler. Ces crises r\u00e9sultent d\u2019oppositions, tant au sein du CMLN qu\u2019hors du CMLN.<\/p>\n\n\n\n<p>Le CMLN conna\u00eetra trois crises&nbsp;en son sein : celle qui s\u2019est conclue par l\u2019arrestation de Yoro Diakit\u00e9 et de Malick Diallo, celle qui s\u2019est conclue par l\u2019arrestation de Kissima Doukara, Ti\u00e9koro Bagayogo, Karim Demb\u00e9l\u00e9, Joseph Mara, Charles Samba Sissoko, enfin, celle qui s\u2019est termin\u00e9e par la d\u00e9mission de Youssouf Traor\u00e9. Hors du CMLN, les groupes qui ont manifest\u00e9 leur hostilit\u00e9 \u00e0 son \u00e9gard sont&nbsp;: des sous-officiers du camp des parachutistes de Djikoroni, des responsables de l\u2019Union Nationale des Travailleurs du Mali, des cadres de l\u2019administration publique, des enseignants, les \u00e9l\u00e8ves et \u00e9tudiants regroup\u00e9es au sein de l\u2019UNEEM (Union Nationale des El\u00e8ves et Etudiants du Mali).<\/p>\n\n\n\n<p>Il est \u00e0 noter toutefois qu\u2019aucune de ces crises n\u2019avaient, comme cause, la lutte pour instaurer la d\u00e9mocratie. Les militaires se sont manifest\u00e9s, soit pour renverser le CMLN, soit pour mettre fin au leadership de Moussa Traor\u00e9. Les \u00e9tudiants, contrairement \u00e0 l\u2019id\u00e9e selon laquelle l\u2019\u00e9cole \u00e9tait devenue un champ de bataille pour l\u2019instauration de la d\u00e9mocratie, se&nbsp; sont manifest\u00e9s pour&nbsp;:<\/p>\n\n\n\n<p>&#8211; s\u2019opposer \u00e0 l\u2019institution d\u2019un concours pour acc\u00e9der aux Grandes Ecoles de l\u2019enseignement sup\u00e9rieur,<\/p>\n\n\n\n<p>&#8211; s\u2019opposer \u00e0 l\u2019institution du concours direct d\u2019acc\u00e8s \u00e0 la Fonction Publique,<\/p>\n\n\n\n<p>&#8211; demander la fin de l\u2019exclusion des filles-m\u00e8res des classes de l\u2019\u00e9cole fondamentale et de l\u2019enseignement secondaire g\u00e9n\u00e9ral, technique et professionnel en m\u00eame temps que la r\u00e9int\u00e9gration de celles qui ont d\u00e9j\u00e0 \u00e9t\u00e9 l\u2019objet d\u2019une telle mesure,<\/p>\n\n\n\n<p>&#8211; demander l\u2019ouverture des cantines scolaires dans certains lyc\u00e9es r\u00e9gionaux.<\/p>\n\n\n\n<p>Quant aux cadres et aux enseignants, leur opposition a, comme objet, le d\u00e9part des militaires du pouvoir sans pour autant pr\u00e9ciser ce qu\u2019il faudra faire par la suite. Peut-\u00eatre l\u2019intention \u00e9tait le r\u00e9tablissement du r\u00e9gime d\u00e9funt. Mais, ce r\u00e9gime n\u2019avait rien de d\u00e9mocratique comme l\u2019a prouv\u00e9 l\u2019immense enthousiasme suscit\u00e9 par sa chute.<\/p>\n\n\n\n<p><strong>&nbsp;Le retour \u00e0 la vie constitutionnelle normale<\/strong><\/p>\n\n\n\n<p>Le CMLN s\u2019est donn\u00e9, au d\u00e9part, six mois pour restaurer l\u2019\u00e9conomie, assainir les finances publiques, r\u00e9ussir la r\u00e9conciliation nationale. A l\u2019\u00e9preuve du pouvoir, cela s\u2019est r\u00e9v\u00e9l\u00e9 impossible. La conf\u00e9rence des cadres de juillet 1969 a permis de se rendre compte combien la fracture entre Maliens est profonde. Durant ces assises, l\u2019US-RDA a \u00e9tale ses divisions entre ses cadres avant de se retrouv\u00e9e face aux diatribes des militants du PSP dissous. Dans ces conditions, organiser des \u00e9lections pour un retour \u00e0 la vis constitutionnelle normale \u00e9quivaudrait, de la part de l\u2019arm\u00e9e, \u00e0 restituer le pouvoir aux civils en ayant, au pr\u00e9alable, cr\u00e9\u00e9 les conditions pour d\u00e9clencher un autre coup d\u2019Etat.<\/p>\n\n\n\n<p>Le retour \u00e0 la vis constitutionnelle normale va se faire par \u00e9tapes. Un projet de constitution est r\u00e9dig\u00e9. Soumis \u00e0 l\u2019examen du CMLN, il est amend\u00e9. Une campagne r\u00e9f\u00e9rendaire mobilise les membres du CMLN qui sillonnent le pays pour l\u2019expliquer aux populations et les inviter \u00e0 votre \u00ab&nbsp;oui&nbsp;\u00bb en faveur de son adoption. Le vote a lieu et le projet est adopt\u00e9. Le texte de na nouvelle constitution retient, dans ses dispositions transitoires, la conduite des affaires de l\u2019Etat par le CMLN sur une p\u00e9riode de dix ans. Il est promulgu\u00e9 le 2 juin 1974.<\/p>\n\n\n\n<p>La p\u00e9riode des dix ans est mise \u00e0 profit pour cr\u00e9er du nouveau parti politique, un parti unique et constitutionnel. La cr\u00e9ation de nouveau regroupement s\u2019effectue par \u00e9tapes&nbsp;: sa cr\u00e9ation est annonc\u00e9e le\u2026., la mise en place des cellules de bases, annonc\u00e9e le\u2026 est effective le\u2026 Le congr\u00e8s constitutif est convoqu\u00e9 et si\u00e8ge du.. au \u2026 mars 1979. A l\u2019issue des travaux, l\u2019Union D\u00e9mocratique du Peuple Malien (UDPM) est port\u00e9e sur les fonts baptismaux. Un Conseil National est d\u00e9sign\u00e9 pour en assurer la direction entre deux congr\u00e8s. Un Bureau Ex\u00e9cutif Central (BEC)&nbsp; est \u00e9lu&nbsp;; Moussa Traor\u00e9 en est le Secr\u00e9taire G\u00e9n\u00e9ral. Ce poste le retient comme candidat du parti \u00e0 la future \u00e9lection pr\u00e9sidentielle qu\u2019il remporte en 1979.<\/p>\n\n\n\n<p>La cr\u00e9ation du parti est pr\u00e9c\u00e9d\u00e9e de la cr\u00e9ation de deux mouvements qui lui seront, ult\u00e9rieurement, affili\u00e9s&nbsp;: l\u2019Union Nationale Des femmes du Mali (UNFM) et l\u2019Union Nationale des Jeunes du Mali (UNJM).<\/p>\n\n\n\n<p><strong>&nbsp;La rupture dans la continuit\u00e9<\/strong><\/p>\n\n\n\n<p>Il existe une diff\u00e9rence fondamentale entre la mani\u00e8re dont Moussa Traor\u00e9 s\u2019est occup\u00e9 des affaires de l\u2019Etat et celle dont ses successeurs se sont occup\u00e9 des m\u00eames affaires. Son jeune \u00e2ge, en 1968, ne l\u2019a pas emp\u00each\u00e9 de savoir que : l\u2019Etat est une continuit\u00e9. Acc\u00e9dant au pouvoir, il supprime tout ce qui s\u2019oppose aux libert\u00e9s individuelles&nbsp;: la Milice, l\u2019obligation de militer dans un parti politique, d\u2019en poss\u00e9der la carte, de participer aux r\u00e9union, de mettre en valeur un champ collectif, d\u2019obtenir la permission de sa section politique pour un d\u00e9placement hors du pays, d\u2019\u00eatre d\u00e9tenteur d\u2019un avis de mouvement pour faire circuler les c\u00e9r\u00e9ales d\u2019une localit\u00e9 \u00e0 une autre quelle que soit la distance, libert\u00e9 de pratiquer son culte comme l\u2019on veut o\u00f9 l\u2019on veut\u2026<\/p>\n\n\n\n<p>Certes, il a h\u00e9rit\u00e9 d\u2019un \u00ab&nbsp;Mali bloqu\u00e9&nbsp;\u00bb, pour reprendre l\u2019expression de Cheick Oumar Diarrah, auteur du livre <strong>Le Mali de Modibo Ke\u00efta<\/strong>. Mais, il a compris que dans toute \u0153uvre politique, tout bilan, il existe du positif comme du n\u00e9gatif. Il a rejet\u00e9 le n\u00e9gatif pour privil\u00e9gier le positif en choisissant de le consolider pour poursuivre l\u2019\u0153uvre de construction nationale. Voil\u00e0 la raison pour laquelle il se rapproche davantage de Modibo Ke\u00efta que ceux qui, aujourd\u2019hui, se r\u00e9clament de Modibo Ke\u00efta apr\u00e8s l\u2019avoir combattu quand il \u00e9tait au pouvoir.<\/p>\n\n\n\n<p>Actuellement, Modibo Ke\u00efta est constamment cit\u00e9 comme r\u00e9f\u00e9rence. P\u00e8re de l\u2019ind\u00e9pendance nationale, il aurait engag\u00e9 le Mali dans la voie du d\u00e9veloppement avant que Moussa Traor\u00e9 ne vienne plonger le Mali dans la calamit\u00e9. Pourtant, une seconde certitude, Modibo Ke\u00efta reviendrait aujourd\u2019hui parmi nous qu\u2019il serait plus fier de Moussa Traor\u00e9 que des acteurs du 26 mars 1991. Qu\u2019on y regarde de pr\u00e8s et l\u2019on comprendra ce qui justifie cette assertion.<\/p>\n\n\n\n<p>Re\u00e7u \u00e0 l\u2019Elys\u00e9e en septembre 1960, il parle d\u2019\u00e9gal \u00e0 \u00e9gal \u00e0 Charles de Gaulle, lui reprochant le r\u00f4le jou\u00e9 par la France dans l\u2019\u00e9clatement de la F\u00e9d\u00e9ration du Mali. De m\u00eame, Moussa Traor\u00e9, participant au sommet de La Baule ne peut concevoir que Fran\u00e7ois Mitterrand s\u2019adresse aux chefs d\u2019Etat et de gouvernement africains sur le ton de l\u2019injonction. Point par point, il donne la r\u00e9plique \u00e0 celui qu\u2019il consid\u00e8re, non comme un Manitou, mais comme un homologue. Leurs successeurs, du 26 mars 1991 au 24 mai 2021, se sont pli\u00e9s \u00e0 tous les diktats des gouvernements fran\u00e7ais se faisant un titre de gloire d\u2019avoir re\u00e7u l\u2019accolade et des tapes \u00ab&nbsp;amicales&nbsp;\u00bb sur l\u2019\u00e9paule de la part des chefs d\u2019Etat fran\u00e7ais.<\/p>\n\n\n\n<p>Au nom de l\u2019ind\u00e9pendance authentique, de la souverainet\u00e9 nationale, de l\u2019honneur de l\u2019Arm\u00e9e nationale, Modibo Ke\u00efta a demand\u00e9 \u00e0 la France d\u2019\u00e9vacuer les bases militaires qu\u2019elle occupait sur le territoire malien. Fid\u00e8le \u00e0 cet id\u00e9al de libert\u00e9 et de dignit\u00e9, Moussa Traor\u00e9 s\u2019est refus\u00e9 \u00e0 une r\u00e9installation de ces bases sur notre territoire. Modibo Ke\u00efta a chass\u00e9 les Fran\u00e7ais, Moussa Traor\u00e9 les a tenus \u00e0 distance. Leurs successeurs ont rappel\u00e9 l\u2019arm\u00e9e fran\u00e7aise. Ils se sont montr\u00e9s dociles ayant choisi la docilit\u00e9, la soumission \u00e0 l\u2019\u00e9gard de Paris. Il ne saurait en \u00eatre autrement si l\u2019on sait que chacun d\u2019eux a \u00e9t\u00e9 port\u00e9 \u00e0 la magistrature supr\u00eame apr\u00e8s avoir subi l\u2019onction et l\u2019adoubement de Paris.<\/p>\n\n\n\n<p>Modibo Ke\u00efta a consid\u00e9r\u00e9 que la s\u00e9curit\u00e9 d\u2019un Etat est sujet suffisamment s\u00e9rieux pour \u00eatre confi\u00e9e \u00e0 l\u2019\u00e9tranger. Avec le concours du g\u00e9n\u00e9ral Abdoulaye Soumar\u00e9, il a cr\u00e9\u00e9 une arm\u00e9e nationale qu\u2019il a voulu, non coup\u00e9e du peuple, mais agissant de concert avec le peuple pour l\u2019ex\u00e9cution des actions de d\u00e9veloppement en temps de paix&nbsp;: une arm\u00e9e populaire. Lui succ\u00e9dant, Moussa Traor\u00e9 a donn\u00e9 \u00e0 cette arm\u00e9e ses lettres de noblesse&nbsp;: il l\u2019a structur\u00e9e, \u00e9quip\u00e9e, a accord\u00e9 au recrutement et \u00e0 la formation toute l\u2019attention requise. Gr\u00e2ce \u00e0 la puissance de feu dont il l\u2019<a href=\"#_ftn1\" id=\"_ftnref1\">[1]<\/a>a dot\u00e9e, cette arm\u00e9e a permis de garantir l\u2019int\u00e9grit\u00e9 du territoire nationale, la s\u00e9curit\u00e9 des Maliennes et des Maliens ainsi que de leurs biens. Ni le village de Jalan, dans le Ouassoulou, ni la bande de l\u2019Agacher, ni l\u2019Adrar des Ifoghas ne furent d\u00e9tach\u00e9s de la R\u00e9publique du Mali. La Grande Arm\u00e9e malienne de Modibo Ke\u00efta et de Moussa Traor\u00e9 a \u00e9t\u00e9 m\u00e9thodiquement \u00e9mascul\u00e9e par leurs successeurs sur injonction de la France. La cons\u00e9quence&nbsp;: en janvier 2012, 500 apatrides venus de Libye font le coup de feu dans l\u2019extr\u00eame nord du pays et la R\u00e9publique s\u2019effondre, perd plus des 2\/3 de sa superficie.<\/p>\n\n\n\n<p>Modibo Ke\u00efta a proc\u00e9d\u00e9 \u00e0 une r\u00e9forme de l\u2019enseignement au Mali. L\u2019intention est de rompre avec l\u2019enseignement de type colonial. Il en a commenc\u00e9 la mise en \u0153uvre avec&nbsp; la cr\u00e9ation de l\u2019Ecole fondamentale, la transformation des coll\u00e8ges en lyc\u00e9es, l\u2019ouverture de nouvelles structures de formation, l\u2019ouverture de la premi\u00e8re structure d\u2019enseignement sup\u00e9rieur. Lui succ\u00e9dant, Moussa Traor\u00e9 a consolid\u00e9 son \u0153uvre. Il a corrig\u00e9 les insuffisances dues \u00e0 une mise en \u0153uvre effectu\u00e9e dans la pr\u00e9cipitation, restructur\u00e9 les \u00e9coles de formation de ma\u00eetres, restructur\u00e9 l\u2019enseignement secondaire g\u00e9n\u00e9ral, technique et professionnel, parachev\u00e9 la cr\u00e9ation de l\u2019enseignement sup\u00e9rieur, cr\u00e9e l\u2019enseignement post-universitaire. Ses successeurs, parmi lesquels un enseignement, se sont comport\u00e9s vis-\u00e0-vis de l\u2019enseignement au Mali tels des \u00e9l\u00e9phants dans une boutique de porcelaines&nbsp;: ils ont tout cass\u00e9 et se sont r\u00e9v\u00e9l\u00e9s, malgr\u00e9 les multiples exp\u00e9riences tent\u00e9es, financ\u00e9es \u00e0 coup de milliards par ceux qu\u2019ils nomment les PTF, v\u00e9ritables carpetbaggers des temps modernes.<\/p>\n\n\n\n<p>Enfin, il est de notori\u00e9t\u00e9 publique que&nbsp;: sous Modibo Ke\u00efta, on avait honte de voler, sous Moussa Traor\u00e9, on avait peur de voler, sous les pr\u00e9sidents d\u00e9mocratiquement \u00e9lus, ne pas voler, ne pas d\u00e9tourner les deniers de l\u2019Etat est un d\u00e9lit. N\u2019est-ce pas eux qu\u2019ont fait leur apparition les \u00ab&nbsp;fonctionnaires milliardaires&nbsp;\u00bb. L\u2019on est all\u00e9 jusqu\u2019\u00e0 modifier la l\u00e9gislation relative \u00e0 la passation des march\u00e9s publics pour l\u00e9galiser la d\u00e9linquance financi\u00e8re. Tout ce qui pr\u00e9c\u00e8de proc\u00e8de de faits v\u00e9rifiables. <strong>A suivre.<\/strong><\/p>\n\n\n\n<p><strong>Diaoulen Karamoko Diarra<\/strong><\/p>\n\n\n\n<hr class=\"wp-block-separator has-alpha-channel-opacity\"\/>\n\n\n\n<p><a href=\"#_ftnref1\" id=\"_ftn1\"><\/a>&nbsp;<\/p>\n","protected":false},"excerpt":{"rendered":"<p>Qui est, r\u00e9ellement, Moussa Traor\u00e9 ? Comment est-il arriv\u00e9 au pouvoir ? Comment a-t-il exerc\u00e9 le pouvoir ? Comment a-t-il quitt\u00e9 le pouvoir ? Quel h\u00e9ritage a-t-il laiss\u00e9 aux Maliens&hellip;<\/p>\n","protected":false},"author":1,"featured_media":16320,"comment_status":"open","ping_status":"open","sticky":false,"template":"","format":"standard","meta":{"content-type":"","_lmt_disableupdate":"","_lmt_disable":"","_jetpack_memberships_contains_paid_content":false,"footnotes":"","jetpack_publicize_message":"","jetpack_publicize_feature_enabled":true,"jetpack_social_post_already_shared":true,"jetpack_social_options":{"image_generator_settings":{"template":"highway","default_image_id":0,"font":"","enabled":false},"version":2}},"categories":[117,67,23],"tags":[],"class_list":["post-16690","post","type-post","status-publish","format-standard","has-post-thumbnail","hentry","category-histoire","category-le-sursaut","category-politique"],"jetpack_publicize_connections":[],"featured_image_urls":{"full":["https:\/\/nandi.info\/wp-content\/uploads\/2023\/12\/Moussa-Traore.jpg",1000,535,false],"thumbnail":["https:\/\/nandi.info\/wp-content\/uploads\/2023\/12\/Moussa-Traore-150x150.jpg",150,150,true],"medium":["https:\/\/nandi.info\/wp-content\/uploads\/2023\/12\/Moussa-Traore-300x161.jpg",300,161,true],"medium_large":["https:\/\/nandi.info\/wp-content\/uploads\/2023\/12\/Moussa-Traore-768x411.jpg",768,411,true],"large":["https:\/\/nandi.info\/wp-content\/uploads\/2023\/12\/Moussa-Traore.jpg",1000,535,false],"1536x1536":["https:\/\/nandi.info\/wp-content\/uploads\/2023\/12\/Moussa-Traore.jpg",1000,535,false],"2048x2048":["https:\/\/nandi.info\/wp-content\/uploads\/2023\/12\/Moussa-Traore.jpg",1000,535,false],"penci-recipe-1200x1200":["https:\/\/nandi.info\/wp-content\/uploads\/2023\/12\/Moussa-Traore.jpg",1000,535,false],"penci-recipe-1200x900":["https:\/\/nandi.info\/wp-content\/uploads\/2023\/12\/Moussa-Traore.jpg",1000,535,false],"penci-recipe-1200x675":["https:\/\/nandi.info\/wp-content\/uploads\/2023\/12\/Moussa-Traore.jpg",1000,535,false],"penci-single-full":["https:\/\/nandi.info\/wp-content\/uploads\/2023\/12\/Moussa-Traore.jpg",1000,535,false],"penci-slider-full-thumb":["https:\/\/nandi.info\/wp-content\/uploads\/2023\/12\/Moussa-Traore.jpg",1000,535,false],"penci-full-thumb":["https:\/\/nandi.info\/wp-content\/uploads\/2023\/12\/Moussa-Traore.jpg",1000,535,false],"penci-slider-thumb":["https:\/\/nandi.info\/wp-content\/uploads\/2023\/12\/Moussa-Traore.jpg",1000,535,false],"penci-magazine-slider":["https:\/\/nandi.info\/wp-content\/uploads\/2023\/12\/Moussa-Traore.jpg",780,417,false],"penci-thumb":["https:\/\/nandi.info\/wp-content\/uploads\/2023\/12\/Moussa-Traore.jpg",585,313,false],"penci-masonry-thumb":["https:\/\/nandi.info\/wp-content\/uploads\/2023\/12\/Moussa-Traore.jpg",585,313,false],"penci-thumb-square":["https:\/\/nandi.info\/wp-content\/uploads\/2023\/12\/Moussa-Traore.jpg",585,313,false],"penci-thumb-vertical":["https:\/\/nandi.info\/wp-content\/uploads\/2023\/12\/Moussa-Traore.jpg",480,257,false],"penci-thumb-small":["https:\/\/nandi.info\/wp-content\/uploads\/2023\/12\/Moussa-Traore.jpg",263,141,false]},"author_info":{"display_name":"Nandi","author_link":"https:\/\/nandi.info\/?author=1"},"category_info":"<a href=\"https:\/\/nandi.info\/?cat=117\" rel=\"category\">Histoire<\/a> <a href=\"https:\/\/nandi.info\/?cat=67\" rel=\"category\">Le Sursaut<\/a> <a href=\"https:\/\/nandi.info\/?cat=23\" rel=\"category\">Politique<\/a>","tag_info":"Politique","comment_count":"0","jetpack_featured_media_url":"https:\/\/nandi.info\/wp-content\/uploads\/2023\/12\/Moussa-Traore.jpg","jetpack_sharing_enabled":true,"_links":{"self":[{"href":"https:\/\/nandi.info\/index.php?rest_route=\/wp\/v2\/posts\/16690","targetHints":{"allow":["GET"]}}],"collection":[{"href":"https:\/\/nandi.info\/index.php?rest_route=\/wp\/v2\/posts"}],"about":[{"href":"https:\/\/nandi.info\/index.php?rest_route=\/wp\/v2\/types\/post"}],"author":[{"embeddable":true,"href":"https:\/\/nandi.info\/index.php?rest_route=\/wp\/v2\/users\/1"}],"replies":[{"embeddable":true,"href":"https:\/\/nandi.info\/index.php?rest_route=%2Fwp%2Fv2%2Fcomments&post=16690"}],"version-history":[{"count":2,"href":"https:\/\/nandi.info\/index.php?rest_route=\/wp\/v2\/posts\/16690\/revisions"}],"predecessor-version":[{"id":16693,"href":"https:\/\/nandi.info\/index.php?rest_route=\/wp\/v2\/posts\/16690\/revisions\/16693"}],"wp:featuredmedia":[{"embeddable":true,"href":"https:\/\/nandi.info\/index.php?rest_route=\/wp\/v2\/media\/16320"}],"wp:attachment":[{"href":"https:\/\/nandi.info\/index.php?rest_route=%2Fwp%2Fv2%2Fmedia&parent=16690"}],"wp:term":[{"taxonomy":"category","embeddable":true,"href":"https:\/\/nandi.info\/index.php?rest_route=%2Fwp%2Fv2%2Fcategories&post=16690"},{"taxonomy":"post_tag","embeddable":true,"href":"https:\/\/nandi.info\/index.php?rest_route=%2Fwp%2Fv2%2Ftags&post=16690"}],"curies":[{"name":"wp","href":"https:\/\/api.w.org\/{rel}","templated":true}]}}