{"id":16554,"date":"2024-01-10T14:32:44","date_gmt":"2024-01-10T13:32:44","guid":{"rendered":"https:\/\/nandi.info\/?p=16554"},"modified":"2024-01-10T14:33:10","modified_gmt":"2024-01-10T13:33:10","slug":"francais-detenu-pour-espionnage-en-azerbaidjan-bakou-appelle-paris-a-cesser-toute-ingerence","status":"publish","type":"post","link":"https:\/\/nandi.info\/?p=16554","title":{"rendered":"Fran\u00e7ais d\u00e9tenu pour \u00abespionnage\u00bb en Azerba\u00efdjan : Bakou appelle Paris \u00e0 cesser toute \u00abing\u00e9rence\u00bb"},"content":{"rendered":"\n<p>La France a jug\u00e9 \u00ab arbitraire \u00bb la d\u00e9tention en Azerba\u00efdjan de Martin Ryan, un ressortissant fran\u00e7ais accus\u00e9 d\u2019espionnage et arr\u00eat\u00e9 d\u00e9but d\u00e9cembre, et a demand\u00e9 sa lib\u00e9ration. Le lendemain, Bakou a appel\u00e9 Paris \u00e0 cesser toute \u00ab ing\u00e9rence \u00bb dans ses affaires internes.L\u2019Azerba\u00efdjan a appel\u00e9 ce mercredi 10 janvier 2024 la France \u00e0 cesser toute \u00a0ing\u00e9rence \u00a0dans ses affaires internes, apr\u00e8s l\u2019arrestation d\u2019un Fran\u00e7ais accus\u00e9 d\u2019espionnage par Bakou, qui a \u00e9t\u00e9 d\u00e9nonc\u00e9e par Paris comme \u00a0arbitraire .Les affirmations de la diplomatie fran\u00e7aise selon lesquelles\u00a0<q>\u00a0le citoyen de ce pays a \u00e9t\u00e9 arr\u00eat\u00e9 sans aucune raison, sont tout \u00e0 fait infond\u00e9es\u00a0<\/q>, a d\u00e9clar\u00e9 le minist\u00e8re azerba\u00efdjanais des Affaires \u00e9trang\u00e8res dans un communiqu\u00e9, cit\u00e9 par l\u2019<em>AFP<\/em>.<\/p>\n\n\n\n<h2 class=\"wp-block-heading\" id=\"section-5-declaration-infondee\">D\u00e9claration \u00ab&nbsp;infond\u00e9e&nbsp;\u00bb<\/h2>\n\n\n\n<p>La France a jug\u00e9 mardi\u00a0<q>\u00a0arbitraire\u00a0<\/q>\u00a0la d\u00e9tention en Azerba\u00efdjan de Martin Ryan, un ressortissant fran\u00e7ais accus\u00e9 d\u2019espionnage et arr\u00eat\u00e9 d\u00e9but d\u00e9cembre par les autorit\u00e9s azerba\u00efdjanaises, et a demand\u00e9 sa lib\u00e9ration imm\u00e9diate&#8230;&#8230;<strong><a href=\"https:\/\/www.ouest-france.fr\/europe\/azerbaidjan\/francais-detenu-pour-espionnage-en-azerbaidjan-bakou-appelle-paris-a-cesser-toute-ingerence-3142e7ac-af85-11ee-82ae-73e88db45bf9\" data-type=\"link\" data-id=\"https:\/\/www.ouest-france.fr\/europe\/azerbaidjan\/francais-detenu-pour-espionnage-en-azerbaidjan-bakou-appelle-paris-a-cesser-toute-ingerence-3142e7ac-af85-11ee-82ae-73e88db45bf9\"> A lire la suite sur <\/a><\/strong><\/p>\n\n\n\n<p><\/p>\n\n\n\n<p><strong>Ouest-france<\/strong><\/p>\n","protected":false},"excerpt":{"rendered":"<p>La France a jug\u00e9 \u00ab arbitraire \u00bb la d\u00e9tention en Azerba\u00efdjan de Martin Ryan, un ressortissant fran\u00e7ais accus\u00e9 d\u2019espionnage et arr\u00eat\u00e9 d\u00e9but d\u00e9cembre, et a demand\u00e9 sa lib\u00e9ration. Le lendemain,&hellip;<\/p>\n","protected":false},"author":1,"featured_media":16555,"comment_status":"open","ping_status":"open","sticky":false,"template":"","format":"standard","meta":{"content-type":"","_lmt_disableupdate":"","_lmt_disable":"","_jetpack_memberships_contains_paid_content":false,"footnotes":"","jetpack_publicize_message":"","jetpack_publicize_feature_enabled":true,"jetpack_social_post_already_shared":true,"jetpack_social_options":{"image_generator_settings":{"template":"highway","default_image_id":0,"font":"","enabled":false},"version":2}},"categories":[57,43],"tags":[],"class_list":["post-16554","post","type-post","status-publish","format-standard","has-post-thumbnail","hentry","category-international","category-nandi-info"],"jetpack_publicize_connections":[],"featured_image_urls":{"full":["https:\/\/nandi.info\/wp-content\/uploads\/2024\/01\/Azerbaidjan-Bakou-appelle-Paris-a-cesser-toute-ingeren.jpg",680,383,false],"thumbnail":["https:\/\/nandi.info\/wp-content\/uploads\/2024\/01\/Azerbaidjan-Bakou-appelle-Paris-a-cesser-toute-ingeren-150x150.jpg",150,150,true],"medium":["https:\/\/nandi.info\/wp-content\/uploads\/2024\/01\/Azerbaidjan-Bakou-appelle-Paris-a-cesser-toute-ingeren-300x169.jpg",300,169,true],"medium_large":["https:\/\/nandi.info\/wp-content\/uploads\/2024\/01\/Azerbaidjan-Bakou-appelle-Paris-a-cesser-toute-ingeren.jpg",680,383,false],"large":["https:\/\/nandi.info\/wp-content\/uploads\/2024\/01\/Azerbaidjan-Bakou-appelle-Paris-a-cesser-toute-ingeren.jpg",680,383,false],"1536x1536":["https:\/\/nandi.info\/wp-content\/uploads\/2024\/01\/Azerbaidjan-Bakou-appelle-Paris-a-cesser-toute-ingeren.jpg",680,383,false],"2048x2048":["https:\/\/nandi.info\/wp-content\/uploads\/2024\/01\/Azerbaidjan-Bakou-appelle-Paris-a-cesser-toute-ingeren.jpg",680,383,false],"penci-recipe-1200x1200":["https:\/\/nandi.info\/wp-content\/uploads\/2024\/01\/Azerbaidjan-Bakou-appelle-Paris-a-cesser-toute-ingeren.jpg",680,383,false],"penci-recipe-1200x900":["https:\/\/nandi.info\/wp-content\/uploads\/2024\/01\/Azerbaidjan-Bakou-appelle-Paris-a-cesser-toute-ingeren.jpg",680,383,false],"penci-recipe-1200x675":["https:\/\/nandi.info\/wp-content\/uploads\/2024\/01\/Azerbaidjan-Bakou-appelle-Paris-a-cesser-toute-ingeren.jpg",680,383,false],"penci-single-full":["https:\/\/nandi.info\/wp-content\/uploads\/2024\/01\/Azerbaidjan-Bakou-appelle-Paris-a-cesser-toute-ingeren.jpg",680,383,false],"penci-slider-full-thumb":["https:\/\/nandi.info\/wp-content\/uploads\/2024\/01\/Azerbaidjan-Bakou-appelle-Paris-a-cesser-toute-ingeren.jpg",680,383,false],"penci-full-thumb":["https:\/\/nandi.info\/wp-content\/uploads\/2024\/01\/Azerbaidjan-Bakou-appelle-Paris-a-cesser-toute-ingeren.jpg",680,383,false],"penci-slider-thumb":["https:\/\/nandi.info\/wp-content\/uploads\/2024\/01\/Azerbaidjan-Bakou-appelle-Paris-a-cesser-toute-ingeren.jpg",680,383,false],"penci-magazine-slider":["https:\/\/nandi.info\/wp-content\/uploads\/2024\/01\/Azerbaidjan-Bakou-appelle-Paris-a-cesser-toute-ingeren.jpg",680,383,false],"penci-thumb":["https:\/\/nandi.info\/wp-content\/uploads\/2024\/01\/Azerbaidjan-Bakou-appelle-Paris-a-cesser-toute-ingeren.jpg",585,329,false],"penci-masonry-thumb":["https:\/\/nandi.info\/wp-content\/uploads\/2024\/01\/Azerbaidjan-Bakou-appelle-Paris-a-cesser-toute-ingeren.jpg",585,329,false],"penci-thumb-square":["https:\/\/nandi.info\/wp-content\/uploads\/2024\/01\/Azerbaidjan-Bakou-appelle-Paris-a-cesser-toute-ingeren.jpg",585,329,false],"penci-thumb-vertical":["https:\/\/nandi.info\/wp-content\/uploads\/2024\/01\/Azerbaidjan-Bakou-appelle-Paris-a-cesser-toute-ingeren.jpg",480,270,false],"penci-thumb-small":["https:\/\/nandi.info\/wp-content\/uploads\/2024\/01\/Azerbaidjan-Bakou-appelle-Paris-a-cesser-toute-ingeren.jpg",263,148,false]},"author_info":{"display_name":"Nandi","author_link":"https:\/\/nandi.info\/?author=1"},"category_info":"<a href=\"https:\/\/nandi.info\/?cat=57\" rel=\"category\">International<\/a> <a href=\"https:\/\/nandi.info\/?cat=43\" rel=\"category\">Nandi.info<\/a>","tag_info":"Nandi.info","comment_count":"0","jetpack_featured_media_url":"https:\/\/nandi.info\/wp-content\/uploads\/2024\/01\/Azerbaidjan-Bakou-appelle-Paris-a-cesser-toute-ingeren.jpg","jetpack_sharing_enabled":true,"_links":{"self":[{"href":"https:\/\/nandi.info\/index.php?rest_route=\/wp\/v2\/posts\/16554","targetHints":{"allow":["GET"]}}],"collection":[{"href":"https:\/\/nandi.info\/index.php?rest_route=\/wp\/v2\/posts"}],"about":[{"href":"https:\/\/nandi.info\/index.php?rest_route=\/wp\/v2\/types\/post"}],"author":[{"embeddable":true,"href":"https:\/\/nandi.info\/index.php?rest_route=\/wp\/v2\/users\/1"}],"replies":[{"embeddable":true,"href":"https:\/\/nandi.info\/index.php?rest_route=%2Fwp%2Fv2%2Fcomments&post=16554"}],"version-history":[{"count":1,"href":"https:\/\/nandi.info\/index.php?rest_route=\/wp\/v2\/posts\/16554\/revisions"}],"predecessor-version":[{"id":16556,"href":"https:\/\/nandi.info\/index.php?rest_route=\/wp\/v2\/posts\/16554\/revisions\/16556"}],"wp:featuredmedia":[{"embeddable":true,"href":"https:\/\/nandi.info\/index.php?rest_route=\/wp\/v2\/media\/16555"}],"wp:attachment":[{"href":"https:\/\/nandi.info\/index.php?rest_route=%2Fwp%2Fv2%2Fmedia&parent=16554"}],"wp:term":[{"taxonomy":"category","embeddable":true,"href":"https:\/\/nandi.info\/index.php?rest_route=%2Fwp%2Fv2%2Fcategories&post=16554"},{"taxonomy":"post_tag","embeddable":true,"href":"https:\/\/nandi.info\/index.php?rest_route=%2Fwp%2Fv2%2Ftags&post=16554"}],"curies":[{"name":"wp","href":"https:\/\/api.w.org\/{rel}","templated":true}]}}