{"id":16548,"date":"2024-01-10T14:05:14","date_gmt":"2024-01-10T13:05:14","guid":{"rendered":"https:\/\/nandi.info\/?p=16548"},"modified":"2024-01-10T14:05:16","modified_gmt":"2024-01-10T13:05:16","slug":"en-equateur-letat-durgence-est-declare-apres-levasion-de-lennemi-public-n1","status":"publish","type":"post","link":"https:\/\/nandi.info\/?p=16548","title":{"rendered":"En \u00c9quateur, l&rsquo;\u00e9tat d&rsquo;urgence est d\u00e9clar\u00e9 apr\u00e8s l&rsquo;\u00e9vasion de l&rsquo;ennemi public N\u00b01"},"content":{"rendered":"\n<p>L&rsquo;\u00e9vasion ce dimanche de \u00ab Fito \u00bb, le chef du gang le plus dangereux d&rsquo;\u00c9quateur, a pouss\u00e9 ce lundi le gouvernement \u00e9quatorien \u00e0 d\u00e9clarer l&rsquo;\u00e9tat d&rsquo;urgence pour le retrouver. L&rsquo;arm\u00e9e est mobilis\u00e9e et un couvre-feu est instaur\u00e9.Le pr\u00e9sident Daniel Noboa a d\u00e9cr\u00e9t\u00e9 ce lundi 8 janvier 2024 l&rsquo;\u00e9tat d&rsquo;urgence pour l&rsquo;ensemble de l&rsquo;\u00c9quateur, y compris dans le syst\u00e8me p\u00e9nitentiaire, a rapport\u00e9 l&rsquo;<em>Agence France-Presse<\/em>. En cause ? L&rsquo;\u00e9vasion de l&rsquo;ennemi public N\u00b01, Adolfo Macias, alias \u00ab Fito \u00bb, chef du plus grand gang criminel, et de soul\u00e8vements dans des prisons.L&rsquo;arm\u00e9e est ainsi autoris\u00e9e \u00e0 op\u00e9rer pendant 60 jours au maintien de l&rsquo;ordre dans les rues et les prisons du pays o\u00f9 un couvre-feu a \u00e9t\u00e9 d\u00e9clar\u00e9 entre 23 h et 5 h. <strong><a href=\"https:\/\/www.ouest-france.fr\/monde\/equateur\/en-equateur-l-etat-d-urgence-est-declare-apres-l-evasion-de-l-ennemi-public-n1-6123cc48-f08b-4fe1-86c3-dbbaa65b8ac9\" data-type=\"link\" data-id=\"https:\/\/www.ouest-france.fr\/monde\/equateur\/en-equateur-l-etat-d-urgence-est-declare-apres-l-evasion-de-l-ennemi-public-n1-6123cc48-f08b-4fe1-86c3-dbbaa65b8ac9\">A lire la suite sur&#8230;&#8230;&#8230;&#8230;<\/a><\/strong><\/p>\n\n\n\n<p><\/p>\n\n\n\n<p><strong>Ouest-france<\/strong><\/p>\n","protected":false},"excerpt":{"rendered":"<p>L&rsquo;\u00e9vasion ce dimanche de \u00ab Fito \u00bb, le chef du gang le plus dangereux d&rsquo;\u00c9quateur, a pouss\u00e9 ce lundi le gouvernement \u00e9quatorien \u00e0 d\u00e9clarer l&rsquo;\u00e9tat d&rsquo;urgence pour le retrouver. L&rsquo;arm\u00e9e&hellip;<\/p>\n","protected":false},"author":1,"featured_media":16550,"comment_status":"open","ping_status":"open","sticky":false,"template":"","format":"standard","meta":{"content-type":"","_lmt_disableupdate":"","_lmt_disable":"","_jetpack_memberships_contains_paid_content":false,"footnotes":"","jetpack_publicize_message":"","jetpack_publicize_feature_enabled":true,"jetpack_social_post_already_shared":true,"jetpack_social_options":{"image_generator_settings":{"template":"highway","default_image_id":0,"font":"","enabled":false},"version":2}},"categories":[125,57,43],"tags":[],"class_list":["post-16548","post","type-post","status-publish","format-standard","has-post-thumbnail","hentry","category-actualite","category-international","category-nandi-info"],"jetpack_publicize_connections":[],"featured_image_urls":{"full":["https:\/\/nandi.info\/wp-content\/uploads\/2024\/01\/larmee-equatorienne-est-autorisee-a-operer-au-maintien-de-lordre-dans-les-rues-et-les-prisons-du-pays-ou-un-couvre-feu-a-ete-declare.jpg",1024,768,false],"thumbnail":["https:\/\/nandi.info\/wp-content\/uploads\/2024\/01\/larmee-equatorienne-est-autorisee-a-operer-au-maintien-de-lordre-dans-les-rues-et-les-prisons-du-pays-ou-un-couvre-feu-a-ete-declare-150x150.jpg",150,150,true],"medium":["https:\/\/nandi.info\/wp-content\/uploads\/2024\/01\/larmee-equatorienne-est-autorisee-a-operer-au-maintien-de-lordre-dans-les-rues-et-les-prisons-du-pays-ou-un-couvre-feu-a-ete-declare-300x225.jpg",300,225,true],"medium_large":["https:\/\/nandi.info\/wp-content\/uploads\/2024\/01\/larmee-equatorienne-est-autorisee-a-operer-au-maintien-de-lordre-dans-les-rues-et-les-prisons-du-pays-ou-un-couvre-feu-a-ete-declare-768x576.jpg",768,576,true],"large":["https:\/\/nandi.info\/wp-content\/uploads\/2024\/01\/larmee-equatorienne-est-autorisee-a-operer-au-maintien-de-lordre-dans-les-rues-et-les-prisons-du-pays-ou-un-couvre-feu-a-ete-declare.jpg",1024,768,false],"1536x1536":["https:\/\/nandi.info\/wp-content\/uploads\/2024\/01\/larmee-equatorienne-est-autorisee-a-operer-au-maintien-de-lordre-dans-les-rues-et-les-prisons-du-pays-ou-un-couvre-feu-a-ete-declare.jpg",1024,768,false],"2048x2048":["https:\/\/nandi.info\/wp-content\/uploads\/2024\/01\/larmee-equatorienne-est-autorisee-a-operer-au-maintien-de-lordre-dans-les-rues-et-les-prisons-du-pays-ou-un-couvre-feu-a-ete-declare.jpg",1024,768,false],"penci-recipe-1200x1200":["https:\/\/nandi.info\/wp-content\/uploads\/2024\/01\/larmee-equatorienne-est-autorisee-a-operer-au-maintien-de-lordre-dans-les-rues-et-les-prisons-du-pays-ou-un-couvre-feu-a-ete-declare.jpg",1024,768,false],"penci-recipe-1200x900":["https:\/\/nandi.info\/wp-content\/uploads\/2024\/01\/larmee-equatorienne-est-autorisee-a-operer-au-maintien-de-lordre-dans-les-rues-et-les-prisons-du-pays-ou-un-couvre-feu-a-ete-declare.jpg",1024,768,false],"penci-recipe-1200x675":["https:\/\/nandi.info\/wp-content\/uploads\/2024\/01\/larmee-equatorienne-est-autorisee-a-operer-au-maintien-de-lordre-dans-les-rues-et-les-prisons-du-pays-ou-un-couvre-feu-a-ete-declare.jpg",900,675,false],"penci-single-full":["https:\/\/nandi.info\/wp-content\/uploads\/2024\/01\/larmee-equatorienne-est-autorisee-a-operer-au-maintien-de-lordre-dans-les-rues-et-les-prisons-du-pays-ou-un-couvre-feu-a-ete-declare.jpg",1024,768,false],"penci-slider-full-thumb":["https:\/\/nandi.info\/wp-content\/uploads\/2024\/01\/larmee-equatorienne-est-autorisee-a-operer-au-maintien-de-lordre-dans-les-rues-et-les-prisons-du-pays-ou-un-couvre-feu-a-ete-declare.jpg",1024,768,false],"penci-full-thumb":["https:\/\/nandi.info\/wp-content\/uploads\/2024\/01\/larmee-equatorienne-est-autorisee-a-operer-au-maintien-de-lordre-dans-les-rues-et-les-prisons-du-pays-ou-un-couvre-feu-a-ete-declare.jpg",1024,768,false],"penci-slider-thumb":["https:\/\/nandi.info\/wp-content\/uploads\/2024\/01\/larmee-equatorienne-est-autorisee-a-operer-au-maintien-de-lordre-dans-les-rues-et-les-prisons-du-pays-ou-un-couvre-feu-a-ete-declare.jpg",884,663,false],"penci-magazine-slider":["https:\/\/nandi.info\/wp-content\/uploads\/2024\/01\/larmee-equatorienne-est-autorisee-a-operer-au-maintien-de-lordre-dans-les-rues-et-les-prisons-du-pays-ou-un-couvre-feu-a-ete-declare.jpg",688,516,false],"penci-thumb":["https:\/\/nandi.info\/wp-content\/uploads\/2024\/01\/larmee-equatorienne-est-autorisee-a-operer-au-maintien-de-lordre-dans-les-rues-et-les-prisons-du-pays-ou-un-couvre-feu-a-ete-declare.jpg",520,390,false],"penci-masonry-thumb":["https:\/\/nandi.info\/wp-content\/uploads\/2024\/01\/larmee-equatorienne-est-autorisee-a-operer-au-maintien-de-lordre-dans-les-rues-et-les-prisons-du-pays-ou-un-couvre-feu-a-ete-declare.jpg",585,439,false],"penci-thumb-square":["https:\/\/nandi.info\/wp-content\/uploads\/2024\/01\/larmee-equatorienne-est-autorisee-a-operer-au-maintien-de-lordre-dans-les-rues-et-les-prisons-du-pays-ou-un-couvre-feu-a-ete-declare.jpg",585,439,false],"penci-thumb-vertical":["https:\/\/nandi.info\/wp-content\/uploads\/2024\/01\/larmee-equatorienne-est-autorisee-a-operer-au-maintien-de-lordre-dans-les-rues-et-les-prisons-du-pays-ou-un-couvre-feu-a-ete-declare.jpg",480,360,false],"penci-thumb-small":["https:\/\/nandi.info\/wp-content\/uploads\/2024\/01\/larmee-equatorienne-est-autorisee-a-operer-au-maintien-de-lordre-dans-les-rues-et-les-prisons-du-pays-ou-un-couvre-feu-a-ete-declare.jpg",233,175,false]},"author_info":{"display_name":"Nandi","author_link":"https:\/\/nandi.info\/?author=1"},"category_info":"<a href=\"https:\/\/nandi.info\/?cat=125\" rel=\"category\">Actualit\u00e9<\/a> <a href=\"https:\/\/nandi.info\/?cat=57\" rel=\"category\">International<\/a> <a href=\"https:\/\/nandi.info\/?cat=43\" rel=\"category\">Nandi.info<\/a>","tag_info":"Nandi.info","comment_count":"0","jetpack_featured_media_url":"https:\/\/nandi.info\/wp-content\/uploads\/2024\/01\/larmee-equatorienne-est-autorisee-a-operer-au-maintien-de-lordre-dans-les-rues-et-les-prisons-du-pays-ou-un-couvre-feu-a-ete-declare.jpg","jetpack_sharing_enabled":true,"_links":{"self":[{"href":"https:\/\/nandi.info\/index.php?rest_route=\/wp\/v2\/posts\/16548","targetHints":{"allow":["GET"]}}],"collection":[{"href":"https:\/\/nandi.info\/index.php?rest_route=\/wp\/v2\/posts"}],"about":[{"href":"https:\/\/nandi.info\/index.php?rest_route=\/wp\/v2\/types\/post"}],"author":[{"embeddable":true,"href":"https:\/\/nandi.info\/index.php?rest_route=\/wp\/v2\/users\/1"}],"replies":[{"embeddable":true,"href":"https:\/\/nandi.info\/index.php?rest_route=%2Fwp%2Fv2%2Fcomments&post=16548"}],"version-history":[{"count":1,"href":"https:\/\/nandi.info\/index.php?rest_route=\/wp\/v2\/posts\/16548\/revisions"}],"predecessor-version":[{"id":16551,"href":"https:\/\/nandi.info\/index.php?rest_route=\/wp\/v2\/posts\/16548\/revisions\/16551"}],"wp:featuredmedia":[{"embeddable":true,"href":"https:\/\/nandi.info\/index.php?rest_route=\/wp\/v2\/media\/16550"}],"wp:attachment":[{"href":"https:\/\/nandi.info\/index.php?rest_route=%2Fwp%2Fv2%2Fmedia&parent=16548"}],"wp:term":[{"taxonomy":"category","embeddable":true,"href":"https:\/\/nandi.info\/index.php?rest_route=%2Fwp%2Fv2%2Fcategories&post=16548"},{"taxonomy":"post_tag","embeddable":true,"href":"https:\/\/nandi.info\/index.php?rest_route=%2Fwp%2Fv2%2Ftags&post=16548"}],"curies":[{"name":"wp","href":"https:\/\/api.w.org\/{rel}","templated":true}]}}