{"id":16525,"date":"2024-01-08T17:26:40","date_gmt":"2024-01-08T16:26:40","guid":{"rendered":"https:\/\/nandi.info\/?p=16525"},"modified":"2024-01-08T17:27:21","modified_gmt":"2024-01-08T16:27:21","slug":"le-president-de-la-transition-le-colonel-assimi-goita-lhomme-de-lannee-2023-pour-le-journal-lalternance","status":"publish","type":"post","link":"https:\/\/nandi.info\/?p=16525","title":{"rendered":"Le pr\u00e9sident de la transition, le Colonel Assimi Goita : L\u2019homme de l\u2019ann\u00e9e 2023 pour le journal l\u2019Alternance"},"content":{"rendered":"\n<p><strong><em>C\u2019est d\u00e9sormais une tradition \u00e9tablie au sein de la r\u00e9daction de votre hebdomadaire, l\u2019Alternance, celle de d\u00e9signer l\u2019homme ou la femme qui a marqu\u00e9 en bien comme en mal l\u2019ann\u00e9e \u00e9coul\u00e9e. Celui ou celle qui, \u00e0 travers ses actions, a attir\u00e9 sur lui ou elle l\u2019attention d\u2019un plus grand nombre de citoyens ou des medias. Donc apr\u00e8s un petit sondage aupr\u00e8s de nos lecteurs le nom du Pr\u00e9sident de la transition, le Colonel Assimi Go\u00efta est revenu plusieurs fois suivi de l\u2019imam Mahmoud Dicko. Suivant la logique de nos lecteurs le choix de l\u2019homme de l\u2019ann\u00e9e \u00e9choit au Pr\u00e9sident de la transition le Colonel Assimi Go\u00efta. La reprise de Kidal des mains du CSP\/ PSD a \u00e9t\u00e9 d\u00e9terminante dans ce choix. D\u2019autres raisons ont \u00e9t\u00e9 \u00e9voqu\u00e9es, \u00e0 savoir le d\u00e9part de la MINUSMA, la cr\u00e9ation de l\u2019Alliance des Etats du Sahel, AES, la lutte contre la corruption et la d\u00e9linquance financi\u00e8re, pour ne citer que celles-ci.<\/em><\/strong><\/p>\n\n\n\n<p class=\"has-drop-cap\">En d\u00e9pit de la profonde crise socio\u00e9conomique, voire politico-s\u00e9curitaire, les maliens dans leur \u00e9crasante majorit\u00e9 admirent le Pr\u00e9sident de la transition et disent \u00eatre pr\u00eats \u00e0 supporter toutes les cons\u00e9quences qui d\u00e9couleront de ces crises aussi longtemps qu\u2019elles dureront, \u00e0, cause du Pr\u00e9sident de la transition. Sinon pour moins que ces d\u00e9lestages les maliens ont battu le pav\u00e9 sous IBK, pour moins que ces crises socio\u00e9conomiques les syndicats ont appel\u00e9 \u00e0 des gr\u00e8ves intempestives. Aujourd\u2019hui le Colonel Assimi Goita passe pour \u00eatre le malien le plus aim\u00e9, le plus respect\u00e9 et le plus v\u00e9n\u00e9r\u00e9 de tous les chefs d\u2019Etat qui se sont succ\u00e9d\u00e9s au pouvoir au Mali. Est-ce par peur, par complaisance ou bien parce qu\u2019il a le doigt sur la g\u00e2chette pr\u00eat \u00e0 faire usage de son arme contre les opposants&nbsp;? La r\u00e9ponse est non, car ni bombe, ni chars combat, encore moins fusils ne pourront emp\u00eacher encore moins &nbsp;arr\u00eater un peuple d\u00e9chain\u00e9, voire r\u00e9volt\u00e9, donc les raisons sont \u00e0 rechercher du c\u00f4t\u00e9 des actes audacieux qu\u2019il a eu \u00e0 poser et qui sont jug\u00e9s par la grande majorit\u00e9 de satisfaisants.<\/p>\n\n\n\n<p>En effet, l\u2019une des causes de la popularit\u00e9 du Colonel Assimi est le discr\u00e9dit qu\u2019il a fait porter sur la classe politique en la faisant passer pour la cause de tous les malheurs du pays. A cela s\u2019ajoute son inf\u00e9odation \u00e0 l\u2019ancienne puissance coloniale qui est la France. A tort ou \u00e0 raison nombreux sont les maliens qui voient en la France la base de tous leurs malheurs de leur pays. Assimi Go\u00efta&nbsp; n\u2019a pas emprunt\u00e9 dix mille voies pour \u00e9pater son peuple, il a tout simplement coup\u00e9 le cordon ombilical qui lie le Mali \u00e0 la France. Ensuite tous les instruments qui contribuaient \u00e0 la promotion de la France ont \u00e9t\u00e9 \u00e9galement \u00e9conduits \u00e0 la fronti\u00e8re comme RFI, France 24 et m\u00eame l\u2019ambassadeur. Pour le commun des mortels Assimi Goita a pos\u00e9 des actes qu\u2019aucun homme politique n\u2019est capable de faire. Donc la premi\u00e8re source de sa popularit\u00e9 vient de son audace. Ensuite il s\u2019est tourn\u00e9 vers la Russie, un pays, aux yeux de beaucoup de maliens, qui n\u2019est pas condescendant et qui pourra aider le Mali \u00e0 combattre le fl\u00e9au qui est le terrorisme. \u00ab&nbsp;La Russie travaille avec le Mali dans un partenariat gagnant- gagnant&nbsp;\u00bb pourrait-on entendre et elle a permis au Mali de doter son arm\u00e9e des moyens de d\u00e9fense et de s\u00e9curit\u00e9 et surtout \u00ab&nbsp;d\u2019instructeurs&nbsp;\u00bb. L\u2019une des r\u00e9sultantes de cette coop\u00e9ration avec la Russie est l\u2019acquisition des armements, surtout des a\u00e9ronefs servant \u00e0 lutter contre le terrorisme et \u00e0 pr\u00e9server l\u2019int\u00e9grit\u00e9 territoriale. La reprise de Kidal est l\u2019une des prouesses qui ont fait du Colonel Assimi Go\u00efta l\u2019homme de l\u2019ann\u00e9e. Kidal \u00e9tait devenue une ville mythique qui avait \u00e9chapp\u00e9 au contr\u00f4le du pouvoir central depuis 2014. Toutes les tentatives qu\u2019elles soient militaires ou diplomatiques de mettre cette ville rebelle dans le giron de l\u2019Etat malien ont \u00e9t\u00e9 infructueuses, d\u2019o\u00f9 la col\u00e8re noire de nombreux maliens contre la France, tax\u00e9e \u00e0 tort ou \u00e0 raison d\u2019avoir \u00e9rig\u00e9 un mur de s\u00e9paration entre le sud et Kidal. Le Colonel Assimi Go\u00efta pour avoir repris, pour certains et lib\u00e9r\u00e9, pour d\u2019autres, la ville de Kidal, apparait aux yeux d\u2019une frange importante du peuple comme un lib\u00e9rateur.<\/p>\n\n\n\n<p>Il n y a pas que la reprise de Kidal, il y a \u00e9galement la lutte contre la corruption et la d\u00e9linquance financi\u00e8re, m\u00eame si la mani\u00e8re pr\u00eate \u00e0 confusion et la lenteur dans le traitement des dossiers suscitent beaucoup de supputations, d\u2019interpr\u00e9tations et des critiques acerbes, le fait de la d\u00e9clencher et d\u2019arr\u00eater beaucoup d\u2019anciens dignitaires soulage une frange importante du peuple. Enfin la derni\u00e8re grande action qui a rendu&nbsp; le colonel Assimi Goita populaire est sans nul doute la cr\u00e9ation de l\u2019Alliance des Etats du Sahel, AES et surtout l\u2019espoir que les initiateurs font croire, celui de la mise en synergie des efforts, la mutualisation des forces et surtout l\u2019\u00e9ventualit\u00e9 de la cr\u00e9ation d\u2019une monnaie dite de souverainet\u00e9. Pour une \u00e9crasante majorit\u00e9 des citoyens des pays de l\u2019AES, le bout du tunnel est tr\u00e8s proche.<\/p>\n\n\n\n<p>En somme, il revient au Colonel Assimi Go\u00efta, Pr\u00e9sident de la transition, d\u2019\u00eatre \u00e0 la hauteur de l\u2019immense espoir que beaucoup de ses concitoyens placent en lui. Pour ne pas d\u00e9cevoir, il doit au prime abord respecter ses engagements, ensuite rester conforme aux lois de la R\u00e9publique sans les violer, il doit apporter des solutions aux diff\u00e9rentes pr\u00e9occupations du peuple et enfin se montrer d\u00e9sint\u00e9ress\u00e9 par le pouvoir en prenant des d\u00e9cisions comme la r\u00e9duction du train de vie de l\u2019Etat dont il a l\u2019immense privil\u00e8ge de diriger.<\/p>\n\n\n\n<p><strong>Youssouf Sissoko<\/strong><\/p>\n","protected":false},"excerpt":{"rendered":"<p>C\u2019est d\u00e9sormais une tradition \u00e9tablie au sein de la r\u00e9daction de votre hebdomadaire, l\u2019Alternance, celle de d\u00e9signer l\u2019homme ou la femme qui a marqu\u00e9 en bien comme en mal l\u2019ann\u00e9e&hellip;<\/p>\n","protected":false},"author":1,"featured_media":15750,"comment_status":"open","ping_status":"open","sticky":false,"template":"","format":"standard","meta":{"content-type":"","_lmt_disableupdate":"","_lmt_disable":"","_jetpack_memberships_contains_paid_content":false,"footnotes":"","jetpack_publicize_message":"","jetpack_publicize_feature_enabled":true,"jetpack_social_post_already_shared":true,"jetpack_social_options":{"image_generator_settings":{"template":"highway","default_image_id":0,"font":"","enabled":false},"version":2}},"categories":[68,21],"tags":[],"class_list":["post-16525","post","type-post","status-publish","format-standard","has-post-thumbnail","hentry","category-lalternance","category-societe"],"jetpack_publicize_connections":[],"featured_image_urls":{"full":["https:\/\/nandi.info\/wp-content\/uploads\/2023\/11\/COLONEL-ASSIMI-GOITA.jpg",1024,683,false],"thumbnail":["https:\/\/nandi.info\/wp-content\/uploads\/2023\/11\/COLONEL-ASSIMI-GOITA-150x150.jpg",150,150,true],"medium":["https:\/\/nandi.info\/wp-content\/uploads\/2023\/11\/COLONEL-ASSIMI-GOITA-300x200.jpg",300,200,true],"medium_large":["https:\/\/nandi.info\/wp-content\/uploads\/2023\/11\/COLONEL-ASSIMI-GOITA-768x512.jpg",768,512,true],"large":["https:\/\/nandi.info\/wp-content\/uploads\/2023\/11\/COLONEL-ASSIMI-GOITA.jpg",1024,683,false],"1536x1536":["https:\/\/nandi.info\/wp-content\/uploads\/2023\/11\/COLONEL-ASSIMI-GOITA.jpg",1024,683,false],"2048x2048":["https:\/\/nandi.info\/wp-content\/uploads\/2023\/11\/COLONEL-ASSIMI-GOITA.jpg",1024,683,false],"penci-recipe-1200x1200":["https:\/\/nandi.info\/wp-content\/uploads\/2023\/11\/COLONEL-ASSIMI-GOITA.jpg",1024,683,false],"penci-recipe-1200x900":["https:\/\/nandi.info\/wp-content\/uploads\/2023\/11\/COLONEL-ASSIMI-GOITA.jpg",1024,683,false],"penci-recipe-1200x675":["https:\/\/nandi.info\/wp-content\/uploads\/2023\/11\/COLONEL-ASSIMI-GOITA.jpg",1012,675,false],"penci-single-full":["https:\/\/nandi.info\/wp-content\/uploads\/2023\/11\/COLONEL-ASSIMI-GOITA.jpg",1024,683,false],"penci-slider-full-thumb":["https:\/\/nandi.info\/wp-content\/uploads\/2023\/11\/COLONEL-ASSIMI-GOITA.jpg",1024,683,false],"penci-full-thumb":["https:\/\/nandi.info\/wp-content\/uploads\/2023\/11\/COLONEL-ASSIMI-GOITA.jpg",1024,683,false],"penci-slider-thumb":["https:\/\/nandi.info\/wp-content\/uploads\/2023\/11\/COLONEL-ASSIMI-GOITA.jpg",994,663,false],"penci-magazine-slider":["https:\/\/nandi.info\/wp-content\/uploads\/2023\/11\/COLONEL-ASSIMI-GOITA.jpg",774,516,false],"penci-thumb":["https:\/\/nandi.info\/wp-content\/uploads\/2023\/11\/COLONEL-ASSIMI-GOITA.jpg",585,390,false],"penci-masonry-thumb":["https:\/\/nandi.info\/wp-content\/uploads\/2023\/11\/COLONEL-ASSIMI-GOITA.jpg",585,390,false],"penci-thumb-square":["https:\/\/nandi.info\/wp-content\/uploads\/2023\/11\/COLONEL-ASSIMI-GOITA.jpg",585,390,false],"penci-thumb-vertical":["https:\/\/nandi.info\/wp-content\/uploads\/2023\/11\/COLONEL-ASSIMI-GOITA.jpg",480,320,false],"penci-thumb-small":["https:\/\/nandi.info\/wp-content\/uploads\/2023\/11\/COLONEL-ASSIMI-GOITA.jpg",263,175,false]},"author_info":{"display_name":"Nandi","author_link":"https:\/\/nandi.info\/?author=1"},"category_info":"<a href=\"https:\/\/nandi.info\/?cat=68\" rel=\"category\">L'alternance<\/a> <a href=\"https:\/\/nandi.info\/?cat=21\" rel=\"category\">Soci\u00e9t\u00e9<\/a>","tag_info":"Soci\u00e9t\u00e9","comment_count":"0","jetpack_featured_media_url":"https:\/\/nandi.info\/wp-content\/uploads\/2023\/11\/COLONEL-ASSIMI-GOITA.jpg","jetpack_sharing_enabled":true,"_links":{"self":[{"href":"https:\/\/nandi.info\/index.php?rest_route=\/wp\/v2\/posts\/16525","targetHints":{"allow":["GET"]}}],"collection":[{"href":"https:\/\/nandi.info\/index.php?rest_route=\/wp\/v2\/posts"}],"about":[{"href":"https:\/\/nandi.info\/index.php?rest_route=\/wp\/v2\/types\/post"}],"author":[{"embeddable":true,"href":"https:\/\/nandi.info\/index.php?rest_route=\/wp\/v2\/users\/1"}],"replies":[{"embeddable":true,"href":"https:\/\/nandi.info\/index.php?rest_route=%2Fwp%2Fv2%2Fcomments&post=16525"}],"version-history":[{"count":1,"href":"https:\/\/nandi.info\/index.php?rest_route=\/wp\/v2\/posts\/16525\/revisions"}],"predecessor-version":[{"id":16526,"href":"https:\/\/nandi.info\/index.php?rest_route=\/wp\/v2\/posts\/16525\/revisions\/16526"}],"wp:featuredmedia":[{"embeddable":true,"href":"https:\/\/nandi.info\/index.php?rest_route=\/wp\/v2\/media\/15750"}],"wp:attachment":[{"href":"https:\/\/nandi.info\/index.php?rest_route=%2Fwp%2Fv2%2Fmedia&parent=16525"}],"wp:term":[{"taxonomy":"category","embeddable":true,"href":"https:\/\/nandi.info\/index.php?rest_route=%2Fwp%2Fv2%2Fcategories&post=16525"},{"taxonomy":"post_tag","embeddable":true,"href":"https:\/\/nandi.info\/index.php?rest_route=%2Fwp%2Fv2%2Ftags&post=16525"}],"curies":[{"name":"wp","href":"https:\/\/api.w.org\/{rel}","templated":true}]}}