{"id":16521,"date":"2024-01-08T17:22:26","date_gmt":"2024-01-08T16:22:26","guid":{"rendered":"https:\/\/nandi.info\/?p=16521"},"modified":"2024-01-08T17:26:45","modified_gmt":"2024-01-08T16:26:45","slug":"dialogue-inter-maliens-prone-par-assimi-goita-va-t-on-enterrer-laccord-dalger","status":"publish","type":"post","link":"https:\/\/nandi.info\/?p=16521","title":{"rendered":"Dialogue inter maliens pr\u00f4n\u00e9 par Assimi Goita : Va-t-on enterrer l\u2019accord d\u2019Alger ?"},"content":{"rendered":"\n<p><strong><em>Le Pr\u00e9sident de la transition le colonel Assimi Goita a annonc\u00e9, lors de sa traditionnelle adresse \u00e0 la nation du 31 d\u00e9cembre, d\u2019organiser dans un bref d\u00e9lai un dialogue inter maliens sans interf\u00e9rence ext\u00e9rieure, &nbsp;pour non seulement discuter des probl\u00e8mes, aplanir les difficult\u00e9s entre communaut\u00e9s, mais aussi et surtout proposer des solutions afin de cultiver le vivre ensemble pour plus d\u2019unit\u00e9, de coh\u00e9sion et de paix. Si l\u2019initiative a \u00e9t\u00e9 fortement salu\u00e9e par certains, pour d\u2019autres elle ne manque pas non plus de susciter beaucoup d\u2018interrogations, Parmi lesquelles, la fin probable&nbsp; de l\u2019Accord pour la Paix et la R\u00e9conciliation issu du processus d\u2019Alger, \u00e0 cette grande interrogation s\u2019ajouterait le risque des sanctions de la communaut\u00e9 internationale garante de l\u2019Accord d\u2019Alger qui verra en ce dialogue une rupture avec l\u2019Accord d\u2019Alger. Quel sera &nbsp;le format de ce dialogue et sur la base de quels crit\u00e8res les participants seront choisis&nbsp;? Le consensus pour plus d\u2019inclusivit\u00e9 des maliens sera-t-il de mise&nbsp;? Quelle sera la valeur juridique d\u2019un tel forum organis\u00e9 par des autorit\u00e9s non \u00e9lues&nbsp;?<\/em><\/strong><\/p>\n\n\n\n<p class=\"has-drop-cap\">Les autorit\u00e9s maliennes, apr\u00e8s la reprise de Kidal des mains du CSP\/PSD par la force, s\u2019engagent \u00e0 ouvrir un dialogue inter maliens pour une issue pacifique et durable de la crise s\u00e9curitaire. Le Pr\u00e9sident de la transition l\u2019a bien annonc\u00e9 lors de son adresse \u00e0 la nation \u00e0 l\u2019occasion du 31 d\u00e9cembre. Tard vaut mieux que jamais, car le dialogue devrait \u00eatre la premi\u00e8re option avant la bellig\u00e9rance arm\u00e9e. Maintenant que cette derni\u00e8re option a \u00e9t\u00e9 privil\u00e9gi\u00e9e et que certains acteurs de l\u2019Accord d\u2019Alger sont en cabale , il y a lieu de s\u2019interroger sur la participation d\u2019une partie prenante et actrice majeure du conflit, qui risque de briller par son absente \u00e0 ce dialogue, \u00e0 savoir le CSP\/PSD qui a d\u00e9j\u00e0 annonc\u00e9 n\u2019\u00eatre nullement concern\u00e9 par une telle initiative et que l\u2019Accord pour la paix et la r\u00e9conciliation issu du processus d\u2019Alger demeure le seul document valable \u00e0 ses yeux. Autre grande inqui\u00e9tude&nbsp; serait la non implication de la classe politique et de la soci\u00e9t\u00e9 civile en amont. Elles sont d\u00e9j\u00e0 mises \u00e0 la touche dans la gestion des affaires publiques, ces deux actrices majeures risquent&nbsp; de boycotter ce dialogue pour ne pas \u00eatre mises devant le fait accompli et en m\u00eame temps \u00eatre complices d\u2019un \u00e9chec, surtout quand tous les acteurs concern\u00e9s n\u2019y prendront pas part.<\/p>\n\n\n\n<p><strong><em>Quel sera&nbsp; le format de ce dialogue et sur la base de quels crit\u00e8res les participants seront choisis&nbsp;?<\/em><\/strong><\/p>\n\n\n\n<p>Si tant est que l\u2019objectif recherch\u00e9 est de parvenir \u00e0 une paix durable, ce dialogue doit avant tout concerner les membres du CSP\/ PSD commun\u00e9ment appel\u00e9s des rebelles de la CMA et tout r\u00e9cemment on leur a enjoint le terme des terroristes. En effet, un dialogue sans les membres du CSP\/PSD est vou\u00e9 \u00e0 l\u2019\u00e9chec, en tout cas on traitera de tout sauf de paix et de r\u00e9conciliation, &nbsp;or si l\u2019on s\u2019en tient \u00e0 leur communiqu\u00e9 ils ne semblent nullement concern\u00e9s par cette retrouvaille et d\u2019ailleurs la plupart des membres de ce mouvement sont en exil. C\u2019est s\u00fbr que d\u2019autres groupes arm\u00e9s r\u00e9pondront \u00e0 leur place, mais ce serait de la poudre aux yeux, car les vrais acteurs du conflit ce sont ceux qui ont pris les armes pour s\u2019opposer \u00e0 la venue de l\u2019arm\u00e9e malienne \u00e0 Kidal et il se trouve que la majeure partie des membres de ce mouvement arm\u00e9 ne sont pas sur le territoire malien. En plus &nbsp;du CSP\/PSD, il demeure indispensable de convier \u00e0 ce forum les communaut\u00e9s qui s\u2019affrontent, au centre du pays sur fond de Djihadisme, qu\u2019ils soient du JNIM ou de Dana Amassagou pourvu que les principes d\u00e9finis \u00e0 savoir le caract\u00e8re unitaire et la\u00efc de l\u2019Etat, la forme r\u00e9publicaine, la souverainet\u00e9 et l\u2019int\u00e9grit\u00e9 territoriale soient respect\u00e9s par les participants. Par souci d\u2019inclusivit\u00e9 toutes les forces vives du pays doivent y prendre part, \u00e0 savoir les acteurs de la classe politique, des associations&nbsp; de la soci\u00e9t\u00e9 civile et des religieux. Le th\u00e8me ne serait autre que la paix et le vivre ensemble dans un Mali-Nation.<\/p>\n\n\n\n<p><strong><em>Quelle sera la valeur juridique d\u2019un tel forum organis\u00e9 par des autorit\u00e9s non \u00e9lues&nbsp;?<\/em><\/strong><\/p>\n\n\n\n<p>Voici une autre question qui revient fr\u00e9quemment dans les&nbsp; d\u00e9bats et autres discussions, celle de la l\u00e9gitimit\u00e9 des r\u00e9solutions issues du dialogue inter maliens, organis\u00e9 par des autorit\u00e9s non \u00e9lues&nbsp;? La r\u00e9ponse pourrait \u00eatre entre autres &nbsp;le large consensus que doivent pr\u00f4ner les initiateurs de ce forum et surtout la forte implication de toutes les forces vives &nbsp;autour des tenants et des aboutissants dudit dialogue. Il est indispensable qu\u2019il y ait des larges concertations de toutes les forces vives du pays pour donner une long\u00e9vit\u00e9 aux r\u00e9solutions issues de ce dialogue. Dans le cas \u00e9ch\u00e9ant elles se retrouveront \u00e0 la poubelle apr\u00e8s la transition surtout quand ceux qui en sont les initiateurs ne seront plus au pouvoir. Les autorit\u00e9s doivent alors descendre de leur pi\u00e9destal pour aller vers des larges concertations afin d\u2019aboutir \u00e0 quelque chose de consistant pour le Mali.<\/p>\n\n\n\n<p>En somme, il est toujours n\u00e9cessaire d\u2019organiser des concertations nationales, de dialoguer entre fils d\u2019un m\u00eame pays, mais il est tout aussi indispensable de coop\u00e9rer avec les autres car le monde est global et un probl\u00e8me mal r\u00e9solu sur le plan national peut avoir des r\u00e9percussions sur l\u2019\u00e9chiquier international. Donc ce ne serait nullement une faiblesse, encore moins une atteinte \u00e0 la souverainet\u00e9 d\u2019associer les&nbsp; pays voisins du Mali \u00e0 ce dialogue, surtout ceux qui ont une certaine expertise en la mati\u00e8re.<\/p>\n\n\n\n<p><strong>Youssouf Sissoko &nbsp;<\/strong><\/p>\n","protected":false},"excerpt":{"rendered":"<p>Le Pr\u00e9sident de la transition le colonel Assimi Goita a annonc\u00e9, lors de sa traditionnelle adresse \u00e0 la nation du 31 d\u00e9cembre, d\u2019organiser dans un bref d\u00e9lai un dialogue inter&hellip;<\/p>\n","protected":false},"author":1,"featured_media":16524,"comment_status":"open","ping_status":"open","sticky":false,"template":"","format":"standard","meta":{"content-type":"","_lmt_disableupdate":"","_lmt_disable":"","_jetpack_memberships_contains_paid_content":false,"footnotes":"","jetpack_publicize_message":"","jetpack_publicize_feature_enabled":true,"jetpack_social_post_already_shared":true,"jetpack_social_options":{"image_generator_settings":{"template":"highway","default_image_id":0,"font":"","enabled":false},"version":2}},"categories":[68,21],"tags":[],"class_list":["post-16521","post","type-post","status-publish","format-standard","has-post-thumbnail","hentry","category-lalternance","category-societe"],"jetpack_publicize_connections":[],"featured_image_urls":{"full":["https:\/\/nandi.info\/wp-content\/uploads\/2024\/01\/Dialogue-inter-maliens-prone.jpg",1199,674,false],"thumbnail":["https:\/\/nandi.info\/wp-content\/uploads\/2024\/01\/Dialogue-inter-maliens-prone-150x150.jpg",150,150,true],"medium":["https:\/\/nandi.info\/wp-content\/uploads\/2024\/01\/Dialogue-inter-maliens-prone-300x169.jpg",300,169,true],"medium_large":["https:\/\/nandi.info\/wp-content\/uploads\/2024\/01\/Dialogue-inter-maliens-prone-768x432.jpg",768,432,true],"large":["https:\/\/nandi.info\/wp-content\/uploads\/2024\/01\/Dialogue-inter-maliens-prone-1024x576.jpg",1024,576,true],"1536x1536":["https:\/\/nandi.info\/wp-content\/uploads\/2024\/01\/Dialogue-inter-maliens-prone.jpg",1199,674,false],"2048x2048":["https:\/\/nandi.info\/wp-content\/uploads\/2024\/01\/Dialogue-inter-maliens-prone.jpg",1199,674,false],"penci-recipe-1200x1200":["https:\/\/nandi.info\/wp-content\/uploads\/2024\/01\/Dialogue-inter-maliens-prone.jpg",1199,674,false],"penci-recipe-1200x900":["https:\/\/nandi.info\/wp-content\/uploads\/2024\/01\/Dialogue-inter-maliens-prone.jpg",1199,674,false],"penci-recipe-1200x675":["https:\/\/nandi.info\/wp-content\/uploads\/2024\/01\/Dialogue-inter-maliens-prone.jpg",1199,674,false],"penci-single-full":["https:\/\/nandi.info\/wp-content\/uploads\/2024\/01\/Dialogue-inter-maliens-prone.jpg",1199,674,false],"penci-slider-full-thumb":["https:\/\/nandi.info\/wp-content\/uploads\/2024\/01\/Dialogue-inter-maliens-prone.jpg",1199,674,false],"penci-full-thumb":["https:\/\/nandi.info\/wp-content\/uploads\/2024\/01\/Dialogue-inter-maliens-prone.jpg",1170,658,false],"penci-slider-thumb":["https:\/\/nandi.info\/wp-content\/uploads\/2024\/01\/Dialogue-inter-maliens-prone.jpg",1170,658,false],"penci-magazine-slider":["https:\/\/nandi.info\/wp-content\/uploads\/2024\/01\/Dialogue-inter-maliens-prone.jpg",780,438,false],"penci-thumb":["https:\/\/nandi.info\/wp-content\/uploads\/2024\/01\/Dialogue-inter-maliens-prone.jpg",585,329,false],"penci-masonry-thumb":["https:\/\/nandi.info\/wp-content\/uploads\/2024\/01\/Dialogue-inter-maliens-prone.jpg",585,329,false],"penci-thumb-square":["https:\/\/nandi.info\/wp-content\/uploads\/2024\/01\/Dialogue-inter-maliens-prone.jpg",585,329,false],"penci-thumb-vertical":["https:\/\/nandi.info\/wp-content\/uploads\/2024\/01\/Dialogue-inter-maliens-prone.jpg",480,270,false],"penci-thumb-small":["https:\/\/nandi.info\/wp-content\/uploads\/2024\/01\/Dialogue-inter-maliens-prone.jpg",263,148,false]},"author_info":{"display_name":"Nandi","author_link":"https:\/\/nandi.info\/?author=1"},"category_info":"<a href=\"https:\/\/nandi.info\/?cat=68\" rel=\"category\">L'alternance<\/a> <a href=\"https:\/\/nandi.info\/?cat=21\" rel=\"category\">Soci\u00e9t\u00e9<\/a>","tag_info":"Soci\u00e9t\u00e9","comment_count":"0","jetpack_featured_media_url":"https:\/\/nandi.info\/wp-content\/uploads\/2024\/01\/Dialogue-inter-maliens-prone.jpg","jetpack_sharing_enabled":true,"_links":{"self":[{"href":"https:\/\/nandi.info\/index.php?rest_route=\/wp\/v2\/posts\/16521","targetHints":{"allow":["GET"]}}],"collection":[{"href":"https:\/\/nandi.info\/index.php?rest_route=\/wp\/v2\/posts"}],"about":[{"href":"https:\/\/nandi.info\/index.php?rest_route=\/wp\/v2\/types\/post"}],"author":[{"embeddable":true,"href":"https:\/\/nandi.info\/index.php?rest_route=\/wp\/v2\/users\/1"}],"replies":[{"embeddable":true,"href":"https:\/\/nandi.info\/index.php?rest_route=%2Fwp%2Fv2%2Fcomments&post=16521"}],"version-history":[{"count":1,"href":"https:\/\/nandi.info\/index.php?rest_route=\/wp\/v2\/posts\/16521\/revisions"}],"predecessor-version":[{"id":16522,"href":"https:\/\/nandi.info\/index.php?rest_route=\/wp\/v2\/posts\/16521\/revisions\/16522"}],"wp:featuredmedia":[{"embeddable":true,"href":"https:\/\/nandi.info\/index.php?rest_route=\/wp\/v2\/media\/16524"}],"wp:attachment":[{"href":"https:\/\/nandi.info\/index.php?rest_route=%2Fwp%2Fv2%2Fmedia&parent=16521"}],"wp:term":[{"taxonomy":"category","embeddable":true,"href":"https:\/\/nandi.info\/index.php?rest_route=%2Fwp%2Fv2%2Fcategories&post=16521"},{"taxonomy":"post_tag","embeddable":true,"href":"https:\/\/nandi.info\/index.php?rest_route=%2Fwp%2Fv2%2Ftags&post=16521"}],"curies":[{"name":"wp","href":"https:\/\/api.w.org\/{rel}","templated":true}]}}