{"id":16495,"date":"2024-01-08T11:27:16","date_gmt":"2024-01-08T10:27:16","guid":{"rendered":"https:\/\/nandi.info\/?p=16495"},"modified":"2024-01-08T11:27:19","modified_gmt":"2024-01-08T10:27:19","slug":"dialogue-direct-inter-maliens-enfin-la-recette-malienne-pour-penser-la-recidive-plaie-du-vivre-ensemble","status":"publish","type":"post","link":"https:\/\/nandi.info\/?p=16495","title":{"rendered":"Dialogue direct inter-maliens : enfin la recette malienne pour penser la r\u00e9cidive plaie du vivre ensemble"},"content":{"rendered":"\n<p><strong>Dans son adresse \u00e0 la Nation \u00e0 l\u2019occasion du nouvel, le pr\u00e9sident de la transition, le colonel Assimi Go\u00efta a propos\u00e9 un dialogue inter-maliens sans interm\u00e9diaire pour couper les racines de l\u2019ins\u00e9curit\u00e9 au Mali. Un d\u00e9fi, certes lourd \u00e0 porter mais qui vient parachever la mission de pacification du Mali assign\u00e9e \u00e0 la transition.<\/strong><\/p>\n\n\n\n<p>\u00ab&nbsp;Les Guerres prenant naissance dans l\u2019esprit des hommes, c\u2019est dans l\u2019esprit des hommes que doivent \u00eatre \u00e9lev\u00e9es les d\u00e9fenses de la paix&nbsp;\u00bb. Cette assertion de l\u2019Acte constitutif de l\u2019Organisation des Nations Unies pour l\u2019\u00e9ducation, la science et la culture, traduit bien la nouvelle d\u00e9marche des plus hautes autorit\u00e9s de la transition pour la paix dont le processus a \u00e9t\u00e9 longtemps pilot\u00e9 par une m\u00e9diation \u00e9trang\u00e8re.<\/p>\n\n\n\n<p>Ext\u00e9rioris\u00e9e par le pr\u00e9sident de la transition, le colonel Assimi Go\u00efta, lors de son adresse \u00e0 la nation \u00e0 l\u2019occasion du nouvel An, cette demande de Dialogue est loin d\u2019\u00eatre une faiblesse, comme l\u2019a d\u2019ailleurs rappel\u00e9, le ministre de la d\u00e9fense, le col. Sadio Camara lors de la r\u00e9ception d\u2019autres \u00e9quipements militaires, courant la m\u00eame semaine \u00e0 l\u2019a\u00e9roport international pr\u00e9sident Modibo Keita de Bamako, mais de la grandeur et de l\u2019ouverture d\u2019esprit qui consid\u00e8re que tout ne se r\u00e9sume pas \u00e0 la guerre et aux armes.<\/p>\n\n\n\n<p>Aussi, il faut noter que cette demande du pr\u00e9sident de la transition survient apr\u00e8s un rapport de force largement en faveurs de l\u2019arm\u00e9e malienne contrairement \u00e0 la signature de l\u2019accord pour la paix et la r\u00e9conciliation au Mali issu du processus d\u2019Alger, en 2015.<\/p>\n\n\n\n<p>Car, les groupes rebelles ind\u00e9pendantistes ont \u00e9t\u00e9 d\u00e9log\u00e9s de force de tous leurs refuges au Mali comme le t\u00e9moigne la lib\u00e9ration de Kidal, le 14 novembre 2023.<\/p>\n\n\n\n<p>Qu\u2019\u00e0 cela ne tienne, le ministre de la d\u00e9fense a r\u00e9it\u00e9r\u00e9, le 4 janvier, l\u2019appel du gouvernement \u00e0 l\u2019endroit de ce qu\u2019il consid\u00e8re comme \u00ab des fr\u00e8res \u00e9gar\u00e9s&nbsp;\u00bb \u00e0 rejoindre ce processus de paix inter-malien propos\u00e9 par le pr\u00e9sident de la transition non pas par faiblesse, mais par \u00ab&nbsp;n\u00e9cessit\u00e9 pour notre pays et pour le vivre ensemble \u00bb.<\/p>\n\n\n\n<p>Si la principale coordination des mouvements arm\u00e9s (CMA) n\u2019a pas encore officiellement r\u00e9agi, le MSA (Mouvement pour le salut de l\u2019Azawad), alli\u00e9 de Bamako quant \u00e0 lui, adh\u00e8re \u00e0 l\u2019id\u00e9e d\u2019un dialogue direct inter Malien. \u00ab Nous sommes convaincus que ce dialogue est \u00e0 saluer. Nous allons l\u2019accompagner, pour le bien-\u00eatre de nos populations sur toute l\u2019\u00e9tendue du territoire malien. Si les Maliens reviennent entre eux \u00e0 la table, ils vont discuter facilement et on pourra sortir de cette crise. \u00bb a indiqu\u00e9 son porte-parole Ilyas Ag Siguidi.<\/p>\n\n\n\n<p>Ce dernier pense d\u2019ailleurs que c\u2019est la \u00ab seule alternative pour retrouver la paix \u00bb au Mali. \u00ab Les Maliens ont pris conscience qu\u2019aucune entit\u00e9 ext\u00e9rieure ne pourra g\u00e9rer un probl\u00e8me inter-malien. C\u2019est pourquoi nous pensons que c\u2019est la solution pour sortir de cette crise qui ne fait que trop durer, et qui affecte toutes les populations maliennes, sur les plans \u00e9conomiques, s\u00e9curitaire et m\u00eame social \u00bb, a-t-il ajout\u00e9.<\/p>\n\n\n\n<p>Pour r\u00e9ussir de ce pari, les autorit\u00e9s de la transition ne souhaitent laisser personne pour compte. C\u2019est pourquoi, aussit\u00f4t \u00e9mis par le Col. Assimi Go\u00efta dans son discours, le Ministre d\u2019\u00c9tat, le colonel Abdoulaye Ma\u00efga et son homologue en charge des affaires religieuses et du culte, le Dr Mahamadou Kon\u00e9 se sont rendus chez les leaders religieux afin d\u2019avoir leur b\u00e9n\u00e9diction.<\/p>\n\n\n\n<p>Ainsi la famille fondatrice de Bamako, le haut Conseil islamique de Mali, l\u2019archev\u00eaque de Bamako, le cardinal Jean Zerbo Zerbo, le R\u00e9v\u00e9rend Dr. Nouh Ag Infa Yattara, repr\u00e9sentant de l\u2019Association des Groupements d\u2019Eglises et Missions Protestantes Evang\u00e9liques au Mali ont tous \u00e9t\u00e9 rencontr\u00e9s pour accompagner le processus la paix.<\/p>\n\n\n\n<p>Parall\u00e8lement \u00e0 ces autorit\u00e9s les gouverneurs des diff\u00e9rentes r\u00e9gions administratives ont \u00e9t\u00e9 \u00e9galement charg\u00e9s d\u2019organiser une rencontre du cadre d\u2019\u00e9changes avec les l\u00e9gitimit\u00e9s traditionnelles de leur circonscription sur la question.<\/p>\n\n\n\n<p>Ainsi du centre au Nord du pays les repr\u00e9sentants des l\u00e9gitimit\u00e9s traditionnelles ont massivement r\u00e9pondu pr\u00e9sents \u00e0 toute premi\u00e8re rencontre pour baliser la marche vers la paix et le vivre ensemble au Mali. Bien que partageant l\u2019id\u00e9e, certains, surtout du centre du Mali ont \u00e9mis des recommandations sur la qualit\u00e9, la sinc\u00e9rit\u00e9 et la l\u00e9gitimit\u00e9 du Dialogue et ses participants. Pour qu\u2019un mal puisse bien gu\u00e9rir, selon ces derniers, il faut que partout ou saigne sur le corps soit connu et pens\u00e9 au risque d\u2019\u00e9chec pour toute la th\u00e9rapie.<\/p>\n\n\n\n<p>Il faut signaler que cette proposition de dialogue intervient dans un contexte de grande fissure entre certaines communaut\u00e9s au Mali. Donc ce dialogue, s\u2019il est sinc\u00e8re peut \u00eatre une v\u00e9ritable opportunit\u00e9 pour que les Maliens se retrouvent, se disent toutes les v\u00e9rit\u00e9s pour ensuite se pardonner.<\/p>\n\n\n\n<p><strong>Issa Djiguiba<\/strong><\/p>\n","protected":false},"excerpt":{"rendered":"<p>Dans son adresse \u00e0 la Nation \u00e0 l\u2019occasion du nouvel, le pr\u00e9sident de la transition, le colonel Assimi Go\u00efta a propos\u00e9 un dialogue inter-maliens sans interm\u00e9diaire pour couper les racines&hellip;<\/p>\n","protected":false},"author":1,"featured_media":16501,"comment_status":"open","ping_status":"open","sticky":false,"template":"","format":"standard","meta":{"content-type":"","_lmt_disableupdate":"","_lmt_disable":"","_jetpack_memberships_contains_paid_content":false,"footnotes":"","jetpack_publicize_message":"","jetpack_publicize_feature_enabled":true,"jetpack_social_post_already_shared":true,"jetpack_social_options":{"image_generator_settings":{"template":"highway","default_image_id":0,"font":"","enabled":false},"version":2}},"categories":[71,74,21],"tags":[],"class_list":["post-16495","post","type-post","status-publish","format-standard","has-post-thumbnail","hentry","category-le-pays","category-nation","category-societe"],"jetpack_publicize_connections":[],"featured_image_urls":{"full":["https:\/\/nandi.info\/wp-content\/uploads\/2024\/01\/assimi-goita-ml.jpg",2048,1366,false],"thumbnail":["https:\/\/nandi.info\/wp-content\/uploads\/2024\/01\/assimi-goita-ml-150x150.jpg",150,150,true],"medium":["https:\/\/nandi.info\/wp-content\/uploads\/2024\/01\/assimi-goita-ml-300x200.jpg",300,200,true],"medium_large":["https:\/\/nandi.info\/wp-content\/uploads\/2024\/01\/assimi-goita-ml-768x512.jpg",768,512,true],"large":["https:\/\/nandi.info\/wp-content\/uploads\/2024\/01\/assimi-goita-ml-1024x683.jpg",1024,683,true],"1536x1536":["https:\/\/nandi.info\/wp-content\/uploads\/2024\/01\/assimi-goita-ml-1536x1025.jpg",1536,1025,true],"2048x2048":["https:\/\/nandi.info\/wp-content\/uploads\/2024\/01\/assimi-goita-ml.jpg",2048,1366,false],"penci-recipe-1200x1200":["https:\/\/nandi.info\/wp-content\/uploads\/2024\/01\/assimi-goita-ml.jpg",1200,800,false],"penci-recipe-1200x900":["https:\/\/nandi.info\/wp-content\/uploads\/2024\/01\/assimi-goita-ml.jpg",1200,800,false],"penci-recipe-1200x675":["https:\/\/nandi.info\/wp-content\/uploads\/2024\/01\/assimi-goita-ml.jpg",1012,675,false],"penci-single-full":["https:\/\/nandi.info\/wp-content\/uploads\/2024\/01\/assimi-goita-ml.jpg",1920,1281,false],"penci-slider-full-thumb":["https:\/\/nandi.info\/wp-content\/uploads\/2024\/01\/assimi-goita-ml.jpg",1199,800,false],"penci-full-thumb":["https:\/\/nandi.info\/wp-content\/uploads\/2024\/01\/assimi-goita-ml.jpg",1170,780,false],"penci-slider-thumb":["https:\/\/nandi.info\/wp-content\/uploads\/2024\/01\/assimi-goita-ml.jpg",994,663,false],"penci-magazine-slider":["https:\/\/nandi.info\/wp-content\/uploads\/2024\/01\/assimi-goita-ml.jpg",774,516,false],"penci-thumb":["https:\/\/nandi.info\/wp-content\/uploads\/2024\/01\/assimi-goita-ml.jpg",585,390,false],"penci-masonry-thumb":["https:\/\/nandi.info\/wp-content\/uploads\/2024\/01\/assimi-goita-ml.jpg",585,390,false],"penci-thumb-square":["https:\/\/nandi.info\/wp-content\/uploads\/2024\/01\/assimi-goita-ml.jpg",585,390,false],"penci-thumb-vertical":["https:\/\/nandi.info\/wp-content\/uploads\/2024\/01\/assimi-goita-ml.jpg",480,320,false],"penci-thumb-small":["https:\/\/nandi.info\/wp-content\/uploads\/2024\/01\/assimi-goita-ml.jpg",263,175,false]},"author_info":{"display_name":"Nandi","author_link":"https:\/\/nandi.info\/?author=1"},"category_info":"<a href=\"https:\/\/nandi.info\/?cat=71\" rel=\"category\">Le Pays<\/a> <a href=\"https:\/\/nandi.info\/?cat=74\" rel=\"category\">Nation<\/a> <a href=\"https:\/\/nandi.info\/?cat=21\" rel=\"category\">Soci\u00e9t\u00e9<\/a>","tag_info":"Soci\u00e9t\u00e9","comment_count":"0","jetpack_featured_media_url":"https:\/\/nandi.info\/wp-content\/uploads\/2024\/01\/assimi-goita-ml.jpg","jetpack_sharing_enabled":true,"_links":{"self":[{"href":"https:\/\/nandi.info\/index.php?rest_route=\/wp\/v2\/posts\/16495","targetHints":{"allow":["GET"]}}],"collection":[{"href":"https:\/\/nandi.info\/index.php?rest_route=\/wp\/v2\/posts"}],"about":[{"href":"https:\/\/nandi.info\/index.php?rest_route=\/wp\/v2\/types\/post"}],"author":[{"embeddable":true,"href":"https:\/\/nandi.info\/index.php?rest_route=\/wp\/v2\/users\/1"}],"replies":[{"embeddable":true,"href":"https:\/\/nandi.info\/index.php?rest_route=%2Fwp%2Fv2%2Fcomments&post=16495"}],"version-history":[{"count":1,"href":"https:\/\/nandi.info\/index.php?rest_route=\/wp\/v2\/posts\/16495\/revisions"}],"predecessor-version":[{"id":16502,"href":"https:\/\/nandi.info\/index.php?rest_route=\/wp\/v2\/posts\/16495\/revisions\/16502"}],"wp:featuredmedia":[{"embeddable":true,"href":"https:\/\/nandi.info\/index.php?rest_route=\/wp\/v2\/media\/16501"}],"wp:attachment":[{"href":"https:\/\/nandi.info\/index.php?rest_route=%2Fwp%2Fv2%2Fmedia&parent=16495"}],"wp:term":[{"taxonomy":"category","embeddable":true,"href":"https:\/\/nandi.info\/index.php?rest_route=%2Fwp%2Fv2%2Fcategories&post=16495"},{"taxonomy":"post_tag","embeddable":true,"href":"https:\/\/nandi.info\/index.php?rest_route=%2Fwp%2Fv2%2Ftags&post=16495"}],"curies":[{"name":"wp","href":"https:\/\/api.w.org\/{rel}","templated":true}]}}