{"id":16494,"date":"2024-01-08T11:03:40","date_gmt":"2024-01-08T10:03:40","guid":{"rendered":"https:\/\/nandi.info\/?p=16494"},"modified":"2024-01-08T11:21:08","modified_gmt":"2024-01-08T10:21:08","slug":"le-col-sadio-camara-nous-nacceptons-pas-que-la-question-des-droits-de-lhomme-serve-a-nourrir-des-idees-contre-le-mali","status":"publish","type":"post","link":"https:\/\/nandi.info\/?p=16494","title":{"rendered":"Le Col. Sadio Camara : \u00ab nous n\u2019acceptons pas que la question des droits de l\u2019homme serve \u00e0 nourrir des id\u00e9es contre le Mali \u00bb"},"content":{"rendered":"\n<p><strong>Comme \u00e0 chaque fois que l\u2019occasion se pr\u00e9sente, les plus hautes autorit\u00e9s de la transition ne manquent d\u2019apporter des \u00e9claircissements aux multiples accusations contre les Forces arm\u00e9es maliennes par certaines organisations internationales et de d\u00e9fense des droits de l\u2019homme. Ainsi lors de son passage dans l\u2019\u00e9mission Mali Kura Taassira sur l\u2019ORTM, la semaine derni\u00e8re, le ministre de la D\u00e9fense et des anciens combattants, le col. Sadio Camara, en plus de se porter en faux contre ces accusations trouve aussi rigolo d\u2019entendre que l\u2019arm\u00e9e malienne tue sa propre population.<\/strong><\/p>\n\n\n\n<p class=\"has-drop-cap\">Pour la deuxi\u00e8me cons\u00e9cutive (2<sup>e<\/sup>&nbsp;saison), certains membres du gouvernement de la transition \u00e9taient invit\u00e9s \u00e0 Mali Kura Taasira pour \u00e9difier l\u2019opinion publique sur leur gestion des affaires publiques. En effet, lors de son passage dans cette \u00e9mission la, le col. Sadio Camara, ministre de la D\u00e9fense et des anciens combattants, a lev\u00e9 le rideau sur certaines actions des Forces arm\u00e9es maliennes (FAMa). D\u00e9termin\u00e9e depuis la fin de la mission des forces \u00e9trang\u00e8res au Mali \u00e0 reconqu\u00e9rir l\u2019int\u00e9gralit\u00e9 du territoire national parall\u00e8lement \u00e0 la lutte contre le terrorisme et la criminalit\u00e9 sous toutes ses formes, les forces arm\u00e9es maliennes ne manquent de subir des critiques de toute sorte comme pour mettre \u00e0 mal leur \u00ab mont\u00e9e en puissance \u00bb. En complicit\u00e9 avec certaines organisations dites de d\u00e9fense des droits de l\u2019homme, la communaut\u00e9 internationale acquise l\u2019arm\u00e9e malienne, en offensive actuellement contre les forces du mal, de faire des exactions contre sa propre population.<\/p>\n\n\n\n<p>Pour donc r\u00e9pondre \u00e0 ces all\u00e9gations \u00ab&nbsp;sans fondement&nbsp;\u00bb, selon certains membres du gouvernement, le col. Sadio Camara, lors de son passage dans l\u2019\u00e9mission Mali Kura Taasira a, tout en balayant d\u2019un revers de main ces accusations, les trouve aussi amusant. \u00ab&nbsp;C\u2019est amusant d\u2019entendre que l\u2019arm\u00e9e malienne tue ses propres citoyens&nbsp;\u00bb a-t-il indiqu\u00e9 en langue nationale Bamanakan avant de souligner que les militaires maliens, h\u00e9ritiers de grandes valeurs de civilisation ne sauraient \u00eatre, en aucun cas, auteurs d\u2019exactions contre leur peuple. \u00ab&nbsp;Notre pays est une grande nation, et nos forces de d\u00e9fense et s\u00e9curit\u00e9 ont h\u00e9rit\u00e9 d\u2019une \u00e9ducation exemplaire sur les valeurs de protection des personnes et cela bien avant l\u2019arriv\u00e9e de la colonisation&nbsp;\u00bb. D\u2019ailleurs, ajoute-t-il que cela a \u00e9t\u00e9 prouv\u00e9 par les soldats maliens lors ce qu\u2019ils ont \u00e9t\u00e9 sollicit\u00e9s par les auteurs de ces m\u00eames accusations \u00e0 l\u2019\u00e9poque pour les aider contre l\u2019ennemi. Donc pour lui, ce sont des accusations qui ne visent qu\u2019\u00e0 saper le moral des troupes dans leur exploit dans une mission ou toute une coalition internationale a \u00e9chou\u00e9.<\/p>\n\n\n\n<p>Apr\u00e8s ces mots de pr\u00e9cision, le ministre de la d\u00e9fense et des anciens combattants a mis l\u2019occasion \u00e0 profit pour inviter tous les Maliens \u00e0 \u00e9viter les pi\u00e8ges de \u00ab&nbsp;l\u2019ennemi&nbsp;\u00bb car \u00e0 ses dires, en plus de saper le moral des troupes sur le terrain, ces accusations visent \u00e9galement, selon lui, \u00e0 cr\u00e9er une sorte de crise de confiance et \u00e0 long terme cr\u00e9er une fissure dans le soutien massif qu\u2019ont les Maliens \u00e0 leur arm\u00e9e et aux autorit\u00e9s de la transition.<\/p>\n\n\n\n<p>Bien que la reprise de Kidal soit un t\u00e9moignage \u00e9loquent de l\u2019engagement et de la d\u00e9termination des FAMa, le ministre de la d\u00e9fense a soulign\u00e9 que la guerre ne saurait \u00eatre la seule solution exclusive \u00e0 la crise malienne. D\u2019ailleurs lors de l\u2019acquisition de nouveaux vecteurs a\u00e9riens dans la m\u00eame semaine, le ministre Sadio Camara avait \u00e0 nouveau tendu la main aux \u00ab&nbsp;fr\u00e8res \u00e9gar\u00e9s&nbsp;\u00bb.<\/p>\n\n\n\n<p>\u00ab&nbsp;Je r\u00e9it\u00e8re encore cet appel lanc\u00e9 \u00e0 plusieurs reprises, \u00e0 nos fr\u00e8res \u00e9gar\u00e9s, de rejoindre la R\u00e9publique et le Processus de paix inter malien. Cette volont\u00e9 de paix sinc\u00e8re n\u2019est pas une faiblesse, c\u2019est une n\u00e9cessit\u00e9 pour notre paix, pour le vivre ensemble.&nbsp;\u00bb, a-t-il d\u00e9clar\u00e9.<\/p>\n\n\n\n<p>Il faut noter que le pr\u00e9sident de la transition, le col. Assimi Go\u00efta, dans son discours \u00e0 la nation \u00e0 l\u2019occasion du nouvel an a propos\u00e9 un dialogue inter Maliens afin de construire une paix durable au Mali.<\/p>\n\n\n\n<p>Plusieurs autres sujets \u00e9taient \u00e0 l\u2019ordre du jour de cette sortie du ministre tel que notamment, le retrait de la Minusma, le retour de l\u2019Etat et des services sociaux de base dans les zones reconquises, le partenariat militaire du Mali avec la Russie et d\u2019autres pays etc.<\/p>\n\n\n\n<p><strong>Issa Djiguiba<\/strong><\/p>\n","protected":false},"excerpt":{"rendered":"<p>Comme \u00e0 chaque fois que l\u2019occasion se pr\u00e9sente, les plus hautes autorit\u00e9s de la transition ne manquent d\u2019apporter des \u00e9claircissements aux multiples accusations contre les Forces arm\u00e9es maliennes par certaines&hellip;<\/p>\n","protected":false},"author":1,"featured_media":16499,"comment_status":"open","ping_status":"open","sticky":false,"template":"","format":"standard","meta":{"content-type":"","_lmt_disableupdate":"","_lmt_disable":"","_jetpack_memberships_contains_paid_content":false,"footnotes":"","jetpack_publicize_message":"","jetpack_publicize_feature_enabled":true,"jetpack_social_post_already_shared":true,"jetpack_social_options":{"image_generator_settings":{"template":"highway","default_image_id":0,"font":"","enabled":false},"version":2}},"categories":[65,71],"tags":[],"class_list":["post-16494","post","type-post","status-publish","format-standard","has-post-thumbnail","hentry","category-armee","category-le-pays"],"jetpack_publicize_connections":[],"featured_image_urls":{"full":["https:\/\/nandi.info\/wp-content\/uploads\/2024\/01\/Colonel-Sadio-Camara.jpg",650,733,false],"thumbnail":["https:\/\/nandi.info\/wp-content\/uploads\/2024\/01\/Colonel-Sadio-Camara-150x150.jpg",150,150,true],"medium":["https:\/\/nandi.info\/wp-content\/uploads\/2024\/01\/Colonel-Sadio-Camara-266x300.jpg",266,300,true],"medium_large":["https:\/\/nandi.info\/wp-content\/uploads\/2024\/01\/Colonel-Sadio-Camara.jpg",650,733,false],"large":["https:\/\/nandi.info\/wp-content\/uploads\/2024\/01\/Colonel-Sadio-Camara.jpg",650,733,false],"1536x1536":["https:\/\/nandi.info\/wp-content\/uploads\/2024\/01\/Colonel-Sadio-Camara.jpg",650,733,false],"2048x2048":["https:\/\/nandi.info\/wp-content\/uploads\/2024\/01\/Colonel-Sadio-Camara.jpg",650,733,false],"penci-recipe-1200x1200":["https:\/\/nandi.info\/wp-content\/uploads\/2024\/01\/Colonel-Sadio-Camara.jpg",650,733,false],"penci-recipe-1200x900":["https:\/\/nandi.info\/wp-content\/uploads\/2024\/01\/Colonel-Sadio-Camara.jpg",650,733,false],"penci-recipe-1200x675":["https:\/\/nandi.info\/wp-content\/uploads\/2024\/01\/Colonel-Sadio-Camara.jpg",599,675,false],"penci-single-full":["https:\/\/nandi.info\/wp-content\/uploads\/2024\/01\/Colonel-Sadio-Camara.jpg",650,733,false],"penci-slider-full-thumb":["https:\/\/nandi.info\/wp-content\/uploads\/2024\/01\/Colonel-Sadio-Camara.jpg",650,733,false],"penci-full-thumb":["https:\/\/nandi.info\/wp-content\/uploads\/2024\/01\/Colonel-Sadio-Camara.jpg",650,733,false],"penci-slider-thumb":["https:\/\/nandi.info\/wp-content\/uploads\/2024\/01\/Colonel-Sadio-Camara.jpg",588,663,false],"penci-magazine-slider":["https:\/\/nandi.info\/wp-content\/uploads\/2024\/01\/Colonel-Sadio-Camara.jpg",458,516,false],"penci-thumb":["https:\/\/nandi.info\/wp-content\/uploads\/2024\/01\/Colonel-Sadio-Camara.jpg",346,390,false],"penci-masonry-thumb":["https:\/\/nandi.info\/wp-content\/uploads\/2024\/01\/Colonel-Sadio-Camara.jpg",585,660,false],"penci-thumb-square":["https:\/\/nandi.info\/wp-content\/uploads\/2024\/01\/Colonel-Sadio-Camara.jpg",519,585,false],"penci-thumb-vertical":["https:\/\/nandi.info\/wp-content\/uploads\/2024\/01\/Colonel-Sadio-Camara.jpg",480,541,false],"penci-thumb-small":["https:\/\/nandi.info\/wp-content\/uploads\/2024\/01\/Colonel-Sadio-Camara.jpg",155,175,false]},"author_info":{"display_name":"Nandi","author_link":"https:\/\/nandi.info\/?author=1"},"category_info":"<a href=\"https:\/\/nandi.info\/?cat=65\" rel=\"category\">Arm\u00e9e<\/a> <a href=\"https:\/\/nandi.info\/?cat=71\" rel=\"category\">Le Pays<\/a>","tag_info":"Le Pays","comment_count":"0","jetpack_featured_media_url":"https:\/\/nandi.info\/wp-content\/uploads\/2024\/01\/Colonel-Sadio-Camara.jpg","jetpack_sharing_enabled":true,"_links":{"self":[{"href":"https:\/\/nandi.info\/index.php?rest_route=\/wp\/v2\/posts\/16494","targetHints":{"allow":["GET"]}}],"collection":[{"href":"https:\/\/nandi.info\/index.php?rest_route=\/wp\/v2\/posts"}],"about":[{"href":"https:\/\/nandi.info\/index.php?rest_route=\/wp\/v2\/types\/post"}],"author":[{"embeddable":true,"href":"https:\/\/nandi.info\/index.php?rest_route=\/wp\/v2\/users\/1"}],"replies":[{"embeddable":true,"href":"https:\/\/nandi.info\/index.php?rest_route=%2Fwp%2Fv2%2Fcomments&post=16494"}],"version-history":[{"count":1,"href":"https:\/\/nandi.info\/index.php?rest_route=\/wp\/v2\/posts\/16494\/revisions"}],"predecessor-version":[{"id":16497,"href":"https:\/\/nandi.info\/index.php?rest_route=\/wp\/v2\/posts\/16494\/revisions\/16497"}],"wp:featuredmedia":[{"embeddable":true,"href":"https:\/\/nandi.info\/index.php?rest_route=\/wp\/v2\/media\/16499"}],"wp:attachment":[{"href":"https:\/\/nandi.info\/index.php?rest_route=%2Fwp%2Fv2%2Fmedia&parent=16494"}],"wp:term":[{"taxonomy":"category","embeddable":true,"href":"https:\/\/nandi.info\/index.php?rest_route=%2Fwp%2Fv2%2Fcategories&post=16494"},{"taxonomy":"post_tag","embeddable":true,"href":"https:\/\/nandi.info\/index.php?rest_route=%2Fwp%2Fv2%2Ftags&post=16494"}],"curies":[{"name":"wp","href":"https:\/\/api.w.org\/{rel}","templated":true}]}}