{"id":16481,"date":"2024-01-06T22:08:09","date_gmt":"2024-01-06T21:08:09","guid":{"rendered":"https:\/\/nandi.info\/?p=16481"},"modified":"2024-01-07T20:37:59","modified_gmt":"2024-01-07T19:37:59","slug":"lancien-ministre-nigerien-de-lenergie-arrete-a-son-retour-a-niamey","status":"publish","type":"post","link":"https:\/\/nandi.info\/?p=16481","title":{"rendered":"L&rsquo;ancien ministre nig\u00e9rien de l&rsquo;Energie arr\u00eat\u00e9 \u00e0 son retour \u00e0 Niamey"},"content":{"rendered":"\n<p><strong>Ibrahim Yacoubou, ministre nig\u00e9rien de l&rsquo;Energie dans le gouvernement du pr\u00e9sident renvers\u00e9 Mohamed Bazoum a \u00e9t\u00e9 arr\u00eat\u00e9 t\u00f4t vendredi \u00e0 son retour au Niger, dont il \u00e9tait absent depuis le coup d&rsquo;Etat du 26 juillet, a appris l&rsquo;AFP aupr\u00e8s de son entourage.<\/strong><\/p>\n\n\n\n<p><em>\u00ab\u00a0Ibrahim Yacoubou a \u00e9t\u00e9 arr\u00eat\u00e9 et incarc\u00e9r\u00e9 \u00e0 la prison civile de Niamey d\u00e8s son retour apr\u00e8s plusieurs mois d&rsquo;absence\u00a0\u00bb<\/em>, a affirm\u00e9 \u00e0 l&rsquo;AFP un membre de son entourage.<br><br>Selon cette source, l&rsquo;ancien ministre a \u00e9t\u00e9 arr\u00eat\u00e9 \u00e0 l&rsquo;a\u00e9roport de Niamey d\u00e8s sa descente d&rsquo;avion en provenance d&rsquo;un pays du Maghreb. Plusieurs de ses proches avaient annonc\u00e9 son arrestation vendredi sur les r\u00e9seaux sociaux. <strong><a href=\"https:\/\/www.voaafrique.com\/a\/niger-l-ancien-ministre-de-l-energie-arr%C3%AAt%C3%A9-%C3%A0-son-retour-%C3%A0-niamey\/7428346.html\" data-type=\"link\" data-id=\"https:\/\/www.voaafrique.com\/a\/niger-l-ancien-ministre-de-l-energie-arr%C3%AAt%C3%A9-%C3%A0-son-retour-%C3%A0-niamey\/7428346.html\">A lire la suite sur <\/a><\/strong><\/p>\n\n\n\n<p><strong>Source : voaafrique.com<\/strong><\/p>\n","protected":false},"excerpt":{"rendered":"<p>Ibrahim Yacoubou, ministre nig\u00e9rien de l&rsquo;Energie dans le gouvernement du pr\u00e9sident renvers\u00e9 Mohamed Bazoum a \u00e9t\u00e9 arr\u00eat\u00e9 t\u00f4t vendredi \u00e0 son retour au Niger, dont il \u00e9tait absent depuis le&hellip;<\/p>\n","protected":false},"author":1,"featured_media":16482,"comment_status":"open","ping_status":"open","sticky":false,"template":"","format":"standard","meta":{"content-type":"","_lmt_disableupdate":"","_lmt_disable":"","_jetpack_memberships_contains_paid_content":false,"footnotes":"","jetpack_publicize_message":"","jetpack_publicize_feature_enabled":true,"jetpack_social_post_already_shared":true,"jetpack_social_options":{"image_generator_settings":{"template":"highway","default_image_id":0,"font":"","enabled":false},"version":2}},"categories":[57,43,23],"tags":[],"class_list":["post-16481","post","type-post","status-publish","format-standard","has-post-thumbnail","hentry","category-international","category-nandi-info","category-politique"],"jetpack_publicize_connections":[],"featured_image_urls":{"full":["https:\/\/nandi.info\/wp-content\/uploads\/2024\/01\/Lancien-ministre-nigerien-de-lEnergie-arrete-a-son-retour-a-Niamey-yacoubou.webp",800,533,false],"thumbnail":["https:\/\/nandi.info\/wp-content\/uploads\/2024\/01\/Lancien-ministre-nigerien-de-lEnergie-arrete-a-son-retour-a-Niamey-yacoubou-150x150.webp",150,150,true],"medium":["https:\/\/nandi.info\/wp-content\/uploads\/2024\/01\/Lancien-ministre-nigerien-de-lEnergie-arrete-a-son-retour-a-Niamey-yacoubou-300x200.webp",300,200,true],"medium_large":["https:\/\/nandi.info\/wp-content\/uploads\/2024\/01\/Lancien-ministre-nigerien-de-lEnergie-arrete-a-son-retour-a-Niamey-yacoubou-768x512.webp",768,512,true],"large":["https:\/\/nandi.info\/wp-content\/uploads\/2024\/01\/Lancien-ministre-nigerien-de-lEnergie-arrete-a-son-retour-a-Niamey-yacoubou.webp",800,533,false],"1536x1536":["https:\/\/nandi.info\/wp-content\/uploads\/2024\/01\/Lancien-ministre-nigerien-de-lEnergie-arrete-a-son-retour-a-Niamey-yacoubou.webp",800,533,false],"2048x2048":["https:\/\/nandi.info\/wp-content\/uploads\/2024\/01\/Lancien-ministre-nigerien-de-lEnergie-arrete-a-son-retour-a-Niamey-yacoubou.webp",800,533,false],"penci-recipe-1200x1200":["https:\/\/nandi.info\/wp-content\/uploads\/2024\/01\/Lancien-ministre-nigerien-de-lEnergie-arrete-a-son-retour-a-Niamey-yacoubou.webp",800,533,false],"penci-recipe-1200x900":["https:\/\/nandi.info\/wp-content\/uploads\/2024\/01\/Lancien-ministre-nigerien-de-lEnergie-arrete-a-son-retour-a-Niamey-yacoubou.webp",800,533,false],"penci-recipe-1200x675":["https:\/\/nandi.info\/wp-content\/uploads\/2024\/01\/Lancien-ministre-nigerien-de-lEnergie-arrete-a-son-retour-a-Niamey-yacoubou.webp",800,533,false],"penci-single-full":["https:\/\/nandi.info\/wp-content\/uploads\/2024\/01\/Lancien-ministre-nigerien-de-lEnergie-arrete-a-son-retour-a-Niamey-yacoubou.webp",800,533,false],"penci-slider-full-thumb":["https:\/\/nandi.info\/wp-content\/uploads\/2024\/01\/Lancien-ministre-nigerien-de-lEnergie-arrete-a-son-retour-a-Niamey-yacoubou.webp",800,533,false],"penci-full-thumb":["https:\/\/nandi.info\/wp-content\/uploads\/2024\/01\/Lancien-ministre-nigerien-de-lEnergie-arrete-a-son-retour-a-Niamey-yacoubou.webp",800,533,false],"penci-slider-thumb":["https:\/\/nandi.info\/wp-content\/uploads\/2024\/01\/Lancien-ministre-nigerien-de-lEnergie-arrete-a-son-retour-a-Niamey-yacoubou.webp",800,533,false],"penci-magazine-slider":["https:\/\/nandi.info\/wp-content\/uploads\/2024\/01\/Lancien-ministre-nigerien-de-lEnergie-arrete-a-son-retour-a-Niamey-yacoubou.webp",774,516,false],"penci-thumb":["https:\/\/nandi.info\/wp-content\/uploads\/2024\/01\/Lancien-ministre-nigerien-de-lEnergie-arrete-a-son-retour-a-Niamey-yacoubou.webp",585,390,false],"penci-masonry-thumb":["https:\/\/nandi.info\/wp-content\/uploads\/2024\/01\/Lancien-ministre-nigerien-de-lEnergie-arrete-a-son-retour-a-Niamey-yacoubou.webp",585,390,false],"penci-thumb-square":["https:\/\/nandi.info\/wp-content\/uploads\/2024\/01\/Lancien-ministre-nigerien-de-lEnergie-arrete-a-son-retour-a-Niamey-yacoubou.webp",585,390,false],"penci-thumb-vertical":["https:\/\/nandi.info\/wp-content\/uploads\/2024\/01\/Lancien-ministre-nigerien-de-lEnergie-arrete-a-son-retour-a-Niamey-yacoubou.webp",480,320,false],"penci-thumb-small":["https:\/\/nandi.info\/wp-content\/uploads\/2024\/01\/Lancien-ministre-nigerien-de-lEnergie-arrete-a-son-retour-a-Niamey-yacoubou.webp",263,175,false]},"author_info":{"display_name":"Nandi","author_link":"https:\/\/nandi.info\/?author=1"},"category_info":"<a href=\"https:\/\/nandi.info\/?cat=57\" rel=\"category\">International<\/a> <a href=\"https:\/\/nandi.info\/?cat=43\" rel=\"category\">Nandi.info<\/a> <a href=\"https:\/\/nandi.info\/?cat=23\" rel=\"category\">Politique<\/a>","tag_info":"Politique","comment_count":"0","jetpack_featured_media_url":"https:\/\/nandi.info\/wp-content\/uploads\/2024\/01\/Lancien-ministre-nigerien-de-lEnergie-arrete-a-son-retour-a-Niamey-yacoubou.webp","jetpack_sharing_enabled":true,"_links":{"self":[{"href":"https:\/\/nandi.info\/index.php?rest_route=\/wp\/v2\/posts\/16481","targetHints":{"allow":["GET"]}}],"collection":[{"href":"https:\/\/nandi.info\/index.php?rest_route=\/wp\/v2\/posts"}],"about":[{"href":"https:\/\/nandi.info\/index.php?rest_route=\/wp\/v2\/types\/post"}],"author":[{"embeddable":true,"href":"https:\/\/nandi.info\/index.php?rest_route=\/wp\/v2\/users\/1"}],"replies":[{"embeddable":true,"href":"https:\/\/nandi.info\/index.php?rest_route=%2Fwp%2Fv2%2Fcomments&post=16481"}],"version-history":[{"count":3,"href":"https:\/\/nandi.info\/index.php?rest_route=\/wp\/v2\/posts\/16481\/revisions"}],"predecessor-version":[{"id":16492,"href":"https:\/\/nandi.info\/index.php?rest_route=\/wp\/v2\/posts\/16481\/revisions\/16492"}],"wp:featuredmedia":[{"embeddable":true,"href":"https:\/\/nandi.info\/index.php?rest_route=\/wp\/v2\/media\/16482"}],"wp:attachment":[{"href":"https:\/\/nandi.info\/index.php?rest_route=%2Fwp%2Fv2%2Fmedia&parent=16481"}],"wp:term":[{"taxonomy":"category","embeddable":true,"href":"https:\/\/nandi.info\/index.php?rest_route=%2Fwp%2Fv2%2Fcategories&post=16481"},{"taxonomy":"post_tag","embeddable":true,"href":"https:\/\/nandi.info\/index.php?rest_route=%2Fwp%2Fv2%2Ftags&post=16481"}],"curies":[{"name":"wp","href":"https:\/\/api.w.org\/{rel}","templated":true}]}}