{"id":16464,"date":"2024-01-06T21:39:09","date_gmt":"2024-01-06T20:39:09","guid":{"rendered":"https:\/\/nandi.info\/?p=16464"},"modified":"2024-01-06T21:39:29","modified_gmt":"2024-01-06T20:39:29","slug":"can-2023-nos-adversaires","status":"publish","type":"post","link":"https:\/\/nandi.info\/?p=16464","title":{"rendered":"CAN 2023 : Nos adversaires"},"content":{"rendered":"\n<p><strong><em>A la 34e&nbsp;\u00e9dition de la Can, le Mali \u00e9voluera dans le<\/em><\/strong><em>&nbsp;<strong>groupe E. Dans ce groupe, les Aigles seront en compagnie des adversaires comme la Namibie, l\u2019Afrique du Sud et la Tunisie. A l\u2019instar d\u2019Eric S\u00e9kou Chelle, ses homologues des pays cit\u00e9s ont \u00e9galement publi\u00e9 leur liste pour la comp\u00e9tition.<\/strong><\/em><\/p>\n\n\n\n<p><strong>&nbsp;<\/strong><strong>TUNISIE&nbsp;<\/strong><\/p>\n\n\n\n<p><strong>Gardiens :<\/strong>&nbsp;Aymen Dahmen (Al-Hazem\/KSA), Mouez Hassen (Club Africain), B\u00e9chir Ben Said (US Monastir)<\/p>\n\n\n\n<p><strong>D\u00e9fenseurs<\/strong>&nbsp;: Ali Abdi (Caen\/FRA\/L2), Ali Maaloul (Al-Ahly\/EGY), Wajdi Kechrida (Atromitos Ath\u00e8nes\/GRE), Yassine Meriah (Esp\u00e9rance), Montassar Talbi (FC Lorient\/FRA), Hamza Jelassi (\u00c9toile du Sahel), Yan Valery (Angers SCO\/FRA\/L2), Oussama Haddadi (SpVgg F\u00fcrth\/GER\/D2), Alaa Ghram (Club sportif sfaxien).<\/p>\n\n\n\n<p><strong>Milieux de terrain&nbsp;:<\/strong>&nbsp;Elyes Skhiri (FC Cologne\/GER), Mohamed Ali Ben Romdhane (Ferencvaros\/HUN), A\u00efssa La\u00efdouni (Union Berlin\/GER), Houssem Teka (Esp\u00e9rance Tunis), Hamza Rafia (US Lecce\/ITA), Mohamed Haj Mahmoud (FC Lugano), Anis Ben Slimane (Br\u00f8ndby\/DEN)<\/p>\n\n\n\n<p><strong>AFRIQUE DU SUD&nbsp;<\/strong><\/p>\n\n\n\n<p><strong>Gardiens&nbsp;:<\/strong>&nbsp;Ricardo Goss (SuperSport Utd), Veli Mothwa (AmaZulu), Ronwen Williams (Mamelodi Sundowns).<\/p>\n\n\n\n<p><strong>D\u00e9fenseurs&nbsp;:<\/strong>&nbsp;Grant Kekana, Terrence Mashego, Aubrey Modiba, Khuliso Mudau, Mothobi Mvala (Sundowns), Sydney Mobbie (Sekhukhune Utd), Nkosinathi Sibisi (Orlando Pirates), Siyanda Xulu (SuperSport).<\/p>\n\n\n\n<p><strong>Milieux&nbsp;:<\/strong>&nbsp;Thapelo Maseko, Teboho Mokoena, Thapelo Morena (Sundowns), Jayden Adams (Stellenbosch), Thabang Monare (Pirates), Sphephelo Sithole (Tondela\/POR).<\/p>\n\n\n\n<p><strong>Attaquants&nbsp;:<\/strong>&nbsp;Zakhele Lepasa, Evidence Makgopa (Pirates), Oswin Appollis (Polokwane City), Mihlali Mayambela (Aris Limassol\/CHY), Percy Tau (Al Ahly\/\u00c9GY), Themba Zwane (Sundowns).<\/p>\n\n\n\n<p><strong>NAMIBIE&nbsp;<\/strong><\/p>\n\n\n\n<p><strong>Gardiens&nbsp;:<\/strong>&nbsp;Lloydt Kazapua (Chippa United\/AFS), Kamaijanda Ndisiro (African Stars\/NAM), Edward Maova (Tuks FC\/AFS).<\/p>\n\n\n\n<p><strong>D\u00e9fenseurs&nbsp;:<\/strong>&nbsp;Ananias Gebhardt (Baroka FC\/AFS), Ryan Nyambe (Derby County\/ANG), Riaan Hanamub (Amazulu FC\/AFS), Erasmus Ikeinge (Khomas Nampol\/NAM), Kennedy Amutenya (Unattached\/NAM), Denzil Haoseb (Khomas Nampol\/NAM), Charles Hambira (African Stars\/NAM), Aprocious Petrus (Liria Prizren\/KOS), Ivan Kamberipa (Orapa United\/BOT), Lubeni Haukongo (Cape Town Spurs\/AFS).<\/p>\n\n\n\n<p><strong>Milieux&nbsp;:<\/strong>&nbsp;Ngero Katua (La Universidad\/MEX), Romeo Kasume (Matebele FC\/BOT), Marcel Papama (Township Rollers\/BOT), Petrus Shitembi (Kaching City\/MAL), Prins Tjiueza (Liria Prizren\/KOS), Uetuuru Kambato (African Stars\/NAM).<\/p>\n\n\n\n<p><strong>Attaquants&nbsp;:<\/strong>&nbsp;Wendell Rudath (Jwaneng Galaxy\/BOT), Absalom Iimbondi (Khomas Nampol\/NAM), Erastus Kulula (Blue Waters FC\/NAM), Edmar Kamatuka (La Universidad\/MEX), Peter Shalulile (Mamelodi Sundowns\/AFS), Deon Hotto (Orlando Pirates\/AFS), Joslin Kamatuka (Maritizburg United\/AFS), Bethuel Muzeu (Black Leopards\/AFS), Junior Petrus (Liria Prizren\/KOS).<\/p>\n","protected":false},"excerpt":{"rendered":"<p>A la 34e&nbsp;\u00e9dition de la Can, le Mali \u00e9voluera dans le&nbsp;groupe E. Dans ce groupe, les Aigles seront en compagnie des adversaires comme la Namibie, l\u2019Afrique du Sud et la&hellip;<\/p>\n","protected":false},"author":1,"featured_media":15658,"comment_status":"open","ping_status":"open","sticky":false,"template":"","format":"standard","meta":{"content-type":"","_lmt_disableupdate":"","_lmt_disable":"","_jetpack_memberships_contains_paid_content":false,"footnotes":"","jetpack_publicize_message":"","jetpack_publicize_feature_enabled":true,"jetpack_social_post_already_shared":true,"jetpack_social_options":{"image_generator_settings":{"template":"highway","default_image_id":0,"font":"","enabled":false},"version":2}},"categories":[33,6],"tags":[],"class_list":["post-16464","post","type-post","status-publish","format-standard","has-post-thumbnail","hentry","category-mali-tribune","category-sports"],"jetpack_publicize_connections":[],"featured_image_urls":{"full":["https:\/\/nandi.info\/wp-content\/uploads\/2023\/11\/Les-Aigles-sont-les-premiers-a-etre-decus-de-cette-opportunite-de-consecration-manquee.jpg",942,627,false],"thumbnail":["https:\/\/nandi.info\/wp-content\/uploads\/2023\/11\/Les-Aigles-sont-les-premiers-a-etre-decus-de-cette-opportunite-de-consecration-manquee-150x150.jpg",150,150,true],"medium":["https:\/\/nandi.info\/wp-content\/uploads\/2023\/11\/Les-Aigles-sont-les-premiers-a-etre-decus-de-cette-opportunite-de-consecration-manquee-300x200.jpg",300,200,true],"medium_large":["https:\/\/nandi.info\/wp-content\/uploads\/2023\/11\/Les-Aigles-sont-les-premiers-a-etre-decus-de-cette-opportunite-de-consecration-manquee-768x511.jpg",768,511,true],"large":["https:\/\/nandi.info\/wp-content\/uploads\/2023\/11\/Les-Aigles-sont-les-premiers-a-etre-decus-de-cette-opportunite-de-consecration-manquee.jpg",942,627,false],"1536x1536":["https:\/\/nandi.info\/wp-content\/uploads\/2023\/11\/Les-Aigles-sont-les-premiers-a-etre-decus-de-cette-opportunite-de-consecration-manquee.jpg",942,627,false],"2048x2048":["https:\/\/nandi.info\/wp-content\/uploads\/2023\/11\/Les-Aigles-sont-les-premiers-a-etre-decus-de-cette-opportunite-de-consecration-manquee.jpg",942,627,false],"penci-recipe-1200x1200":["https:\/\/nandi.info\/wp-content\/uploads\/2023\/11\/Les-Aigles-sont-les-premiers-a-etre-decus-de-cette-opportunite-de-consecration-manquee.jpg",942,627,false],"penci-recipe-1200x900":["https:\/\/nandi.info\/wp-content\/uploads\/2023\/11\/Les-Aigles-sont-les-premiers-a-etre-decus-de-cette-opportunite-de-consecration-manquee.jpg",942,627,false],"penci-recipe-1200x675":["https:\/\/nandi.info\/wp-content\/uploads\/2023\/11\/Les-Aigles-sont-les-premiers-a-etre-decus-de-cette-opportunite-de-consecration-manquee.jpg",942,627,false],"penci-single-full":["https:\/\/nandi.info\/wp-content\/uploads\/2023\/11\/Les-Aigles-sont-les-premiers-a-etre-decus-de-cette-opportunite-de-consecration-manquee.jpg",942,627,false],"penci-slider-full-thumb":["https:\/\/nandi.info\/wp-content\/uploads\/2023\/11\/Les-Aigles-sont-les-premiers-a-etre-decus-de-cette-opportunite-de-consecration-manquee.jpg",942,627,false],"penci-full-thumb":["https:\/\/nandi.info\/wp-content\/uploads\/2023\/11\/Les-Aigles-sont-les-premiers-a-etre-decus-de-cette-opportunite-de-consecration-manquee.jpg",942,627,false],"penci-slider-thumb":["https:\/\/nandi.info\/wp-content\/uploads\/2023\/11\/Les-Aigles-sont-les-premiers-a-etre-decus-de-cette-opportunite-de-consecration-manquee.jpg",942,627,false],"penci-magazine-slider":["https:\/\/nandi.info\/wp-content\/uploads\/2023\/11\/Les-Aigles-sont-les-premiers-a-etre-decus-de-cette-opportunite-de-consecration-manquee.jpg",775,516,false],"penci-thumb":["https:\/\/nandi.info\/wp-content\/uploads\/2023\/11\/Les-Aigles-sont-les-premiers-a-etre-decus-de-cette-opportunite-de-consecration-manquee.jpg",585,390,false],"penci-masonry-thumb":["https:\/\/nandi.info\/wp-content\/uploads\/2023\/11\/Les-Aigles-sont-les-premiers-a-etre-decus-de-cette-opportunite-de-consecration-manquee.jpg",585,389,false],"penci-thumb-square":["https:\/\/nandi.info\/wp-content\/uploads\/2023\/11\/Les-Aigles-sont-les-premiers-a-etre-decus-de-cette-opportunite-de-consecration-manquee.jpg",585,389,false],"penci-thumb-vertical":["https:\/\/nandi.info\/wp-content\/uploads\/2023\/11\/Les-Aigles-sont-les-premiers-a-etre-decus-de-cette-opportunite-de-consecration-manquee.jpg",480,319,false],"penci-thumb-small":["https:\/\/nandi.info\/wp-content\/uploads\/2023\/11\/Les-Aigles-sont-les-premiers-a-etre-decus-de-cette-opportunite-de-consecration-manquee.jpg",263,175,false]},"author_info":{"display_name":"Nandi","author_link":"https:\/\/nandi.info\/?author=1"},"category_info":"<a href=\"https:\/\/nandi.info\/?cat=33\" rel=\"category\">Mali Tribune<\/a> <a href=\"https:\/\/nandi.info\/?cat=6\" rel=\"category\">Sports<\/a>","tag_info":"Sports","comment_count":"0","jetpack_featured_media_url":"https:\/\/nandi.info\/wp-content\/uploads\/2023\/11\/Les-Aigles-sont-les-premiers-a-etre-decus-de-cette-opportunite-de-consecration-manquee.jpg","jetpack_sharing_enabled":true,"_links":{"self":[{"href":"https:\/\/nandi.info\/index.php?rest_route=\/wp\/v2\/posts\/16464","targetHints":{"allow":["GET"]}}],"collection":[{"href":"https:\/\/nandi.info\/index.php?rest_route=\/wp\/v2\/posts"}],"about":[{"href":"https:\/\/nandi.info\/index.php?rest_route=\/wp\/v2\/types\/post"}],"author":[{"embeddable":true,"href":"https:\/\/nandi.info\/index.php?rest_route=\/wp\/v2\/users\/1"}],"replies":[{"embeddable":true,"href":"https:\/\/nandi.info\/index.php?rest_route=%2Fwp%2Fv2%2Fcomments&post=16464"}],"version-history":[{"count":1,"href":"https:\/\/nandi.info\/index.php?rest_route=\/wp\/v2\/posts\/16464\/revisions"}],"predecessor-version":[{"id":16468,"href":"https:\/\/nandi.info\/index.php?rest_route=\/wp\/v2\/posts\/16464\/revisions\/16468"}],"wp:featuredmedia":[{"embeddable":true,"href":"https:\/\/nandi.info\/index.php?rest_route=\/wp\/v2\/media\/15658"}],"wp:attachment":[{"href":"https:\/\/nandi.info\/index.php?rest_route=%2Fwp%2Fv2%2Fmedia&parent=16464"}],"wp:term":[{"taxonomy":"category","embeddable":true,"href":"https:\/\/nandi.info\/index.php?rest_route=%2Fwp%2Fv2%2Fcategories&post=16464"},{"taxonomy":"post_tag","embeddable":true,"href":"https:\/\/nandi.info\/index.php?rest_route=%2Fwp%2Fv2%2Ftags&post=16464"}],"curies":[{"name":"wp","href":"https:\/\/api.w.org\/{rel}","templated":true}]}}