{"id":16459,"date":"2024-01-06T21:29:23","date_gmt":"2024-01-06T20:29:23","guid":{"rendered":"https:\/\/nandi.info\/?p=16459"},"modified":"2024-01-06T21:30:03","modified_gmt":"2024-01-06T20:30:03","slug":"decryptage-2024-une-annee-de-projet-realiste-et-realisable","status":"publish","type":"post","link":"https:\/\/nandi.info\/?p=16459","title":{"rendered":"D\u00e9cryptage : 2024, une ann\u00e9e de projet r\u00e9aliste et r\u00e9alisable"},"content":{"rendered":"\n<p><strong><em>La bonne r\u00e9solution de 2024 serait d\u2019\u0153uvrer \u00e0 une profonde transformation soci\u00e9tale du Mali.<\/em><\/strong><\/p>\n\n\n\n<p class=\"has-drop-cap\">R\u00e9trospectivement, l\u2019ann\u00e9e 2023 a \u00e9t\u00e9 marqu\u00e9e par le vote et l\u2019adoption de la nouvelle Constitution faisant entrer le Mali dans la IVe R\u00e9publique. Elle a \u00e9t\u00e9 aussi jalonn\u00e9e par la reprise de la ville de Kidal par les FAMa des mains du CSP-PSD depuis une d\u00e9cennie.<\/p>\n\n\n\n<p>C\u2019est aussi l\u2019ann\u00e9e o\u00f9 le Mali, le Niger et le Burkina Faso, trois pays dirig\u00e9s par des r\u00e9gimes transitoires, cr\u00e9ent l\u2019Alliance des Etats du Sahel pour leur s\u00e9curit\u00e9 collective et le d\u00e9veloppement. Mais notons aussi qu\u2019en 2023, la d\u00e9gradation s\u00e9curitaire a atteint des niveaux stratosph\u00e9riques comme l\u2019attaque du bateau \u201cLe Tombouctou\u201d faisant plus d\u2019une centaine de morts.<\/p>\n\n\n\n<p>Jamais revendiqu\u00e9e, cette attaque d\u2019une violence et d\u2019une cruaut\u00e9 absolue a cr\u00e9\u00e9 un climat d\u2019effroi et de sid\u00e9ration chez les Maliens. Les images du bateau en flamme sont grav\u00e9es \u00e0 jamais dans l\u2019esprit des Maliens. Elle a cr\u00e9\u00e9 un contexte morose.<\/p>\n\n\n\n<p>A propos des libert\u00e9s individuelles, 2023 a \u00e9t\u00e9 s\u00e9quenc\u00e9e par l\u2019emprisonnement de Ras Bath, de Tantie Rose, de Ben le Cerveau, de Cl\u00e9ment Demb\u00e9l\u00e9 ou de Chouala Bayaya Ha\u00efdara. Certains d\u2019entre nous n\u2019aiment pas ce qui d\u00e9range le train-train quotidien. D\u2019autres en ont pay\u00e9 le prix fort. Que justice soit faite ! Enfin, comme on pouvait le redouter, en 2023, les crises diplomatiques ont atteint leur paroxysme : suspension de visas entre le Mali et la France, tensions entre Bamako et Alger. Des fractures b\u00e9antes se sont ouvertes.<\/p>\n\n\n\n<p><strong>Une conception holistique de l\u2019\u00e9ducation<\/strong><\/p>\n\n\n\n<p>Pour 2024, esp\u00e9rons que la paix r\u00e8gne sur le Mali et le monde. Consacrons-nous aux d\u00e9bats de fond sur la s\u00e9curit\u00e9, l\u2019\u00e9ducation, la sant\u00e9, la justice, le vivre-ensemble ou l\u2019\u00e9nergie pour une profonde transformation soci\u00e9tale. A la place des v\u00e9rit\u00e9s alternatives, travaillons aux controverses d\u00e9mocratiques pour d\u00e9m\u00ealer l\u2019esprit d\u00e9mocratique de l\u2019esprit postcolonial et imp\u00e9rialiste.<\/p>\n\n\n\n<p>Souvenons-nous que l\u2019organisation des soci\u00e9t\u00e9s mandingue (Soundiata K\u00e9ita), songhay (Sonni Ali Ber), bambara (Biton Coulibaly), s\u00e9noufo (Ti\u00e9ba Traor\u00e9), peul (S\u00e9kou Amadou Barry) ou touareg (Firhoun Ag Alinsar) se faisait gr\u00e2ce \u00e0 une alchimie entre volont\u00e9 des peuples et sacrifice des chefs. Certes, ces modes d\u2019organisation socio\u00e9conomiques et politiques ne doivent pas \u00e9chapper \u00e0 la critique.<\/p>\n\n\n\n<p>Mais sur l\u2019\u00e9chelle de Richter de la gouvernance, il est important de les r\u00e9quisitionner pour conjuguer nos efforts de paix et de vivre ensemble. La r\u00e9gulation de nos conflits actuels en d\u00e9pend. L\u2019enjeu est moins la r\u00e9pression que l\u2019inclusion.<\/p>\n\n\n\n<p>Au Mali, comme partout dans le Sahel, 2024 doit \u00eatre mise \u00e0 l\u2019\u00e9preuve pour trouver une conception holistique de l\u2019\u00e9ducation, un des remparts contre le narcoterrorisme. Certes, les victoires \u00e0 la Pyrrhus r\u00e9confortent pour un temps donn\u00e9. Mais, elles sont loin de garantir la paix dans le long terme.<\/p>\n\n\n\n<p>Pour toutes ces raisons, il y a n\u00e9cessit\u00e9 pour le Mali de concevoir et r\u00e9aliser des projets de soci\u00e9t\u00e9 r\u00e9alistes et r\u00e9alisables. Entendons par projet, ces id\u00e9es mises en avant pour r\u00e9aliser une \u0153uvre sociale, politique, culturelle, scientifique ou \u00e9conomique dans le temps et l\u2019espace au b\u00e9n\u00e9fice de la soci\u00e9t\u00e9.<\/p>\n\n\n\n<p>Ce qui implique d\u2019avoir un accord avec les diff\u00e9rents acteurs : syndicat, patronat, association, notables, groupes signataires des accords de paix, etc. L\u2019enjeu est de cr\u00e9er un fonctionnement social en r\u00e9seau ouvert avec la capacit\u00e9 des acteurs \u00e0 se remettre en question de fa\u00e7on permanente pour d\u00e9velopper une culture de la paix faisant vibrer le c\u0153ur de la IVe R\u00e9publique.<\/p>\n\n\n\n<p><strong>L\u2019esprit de la nouvelle Constitution<\/strong><\/p>\n\n\n\n<p>Le&nbsp;<em>\u201c\u2026 peuple malien<\/em>&nbsp;(\u2026)&nbsp;<em>affirme sa volont\u00e9 de renforcer les acquis d\u00e9mocratiques de la r\u00e9volution du 26 mars 1991 et de promouvoir les id\u00e9aux de la refondation port\u00e9s par le peuple malien<\/em>&nbsp;(\u2026)<em>\u201c<\/em>, pr\u00e9ambule de la Constitution du 22 juillet 2023. Tout est dit. Mais dans notre imaginaire actuel, le pouvoir est tellement fantasm\u00e9 qu\u2019il est per\u00e7u comme un outil d\u2019accession \u00e0 une position sociale. Ce qui, par cons\u00e9quent, brouille la v\u00e9rit\u00e9 et le d\u00e9sint\u00e9r\u00eat.<\/p>\n\n\n\n<p>Mais passons ! Par exemple, pour apaiser les tensions, il ne serait pas inutile de porter \u00e0 la connaissance des Maliens le nouveau chronogramme des scrutins pr\u00e9sidentiel et l\u00e9gislatifs. Ce serait un signal fort pour \u201crenforcer les acquis d\u00e9mocratiques\u201d, tels que grav\u00e9s dans la nouvelle Constitution.<\/p>\n\n\n\n<p>Dans le m\u00eame ordre d\u2019id\u00e9es, une v\u00e9ritable r\u00e9flexion doit se faire sur les d\u00e9fis actuels comme la crise \u00e9nerg\u00e9tique d\u2019autant que notre pays est pr\u00e9curseur de l\u2019hydrog\u00e8ne blanc, une \u00e9nergie propre, d\u00e9couverte en 1987 \u00e0 Bourak\u00e9bougou dans le cercle de Kati. Comment construire un projet promoteur de cette ressource au profit du Mali et surtout des Maliens ?<\/p>\n\n\n\n<p>En attendant de r\u00e9pondre \u00e0 cette question, le futur dispositif de \u201c\u2026 dialogue direct inter-malien\u2026\u201d doit \u00eatre un filtre de nos col\u00e8res et un r\u00e9v\u00e9lateur de solutions durables pour le Mali.<\/p>\n\n\n\n<p>Bonne et heureuse ann\u00e9e 2024&nbsp;!<\/p>\n\n\n\n<p><strong>Mohamed Amara<\/strong><\/p>\n\n\n\n<p><em>Sociologue<\/em><\/p>\n","protected":false},"excerpt":{"rendered":"<p>La bonne r\u00e9solution de 2024 serait d\u2019\u0153uvrer \u00e0 une profonde transformation soci\u00e9tale du Mali. R\u00e9trospectivement, l\u2019ann\u00e9e 2023 a \u00e9t\u00e9 marqu\u00e9e par le vote et l\u2019adoption de la nouvelle Constitution faisant&hellip;<\/p>\n","protected":false},"author":1,"featured_media":16460,"comment_status":"open","ping_status":"open","sticky":false,"template":"","format":"standard","meta":{"content-type":"","_lmt_disableupdate":"","_lmt_disable":"","_jetpack_memberships_contains_paid_content":false,"footnotes":"","jetpack_publicize_message":"","jetpack_publicize_feature_enabled":true,"jetpack_social_post_already_shared":true,"jetpack_social_options":{"image_generator_settings":{"template":"highway","default_image_id":0,"font":"","enabled":false},"version":2}},"categories":[33,23],"tags":[],"class_list":["post-16459","post","type-post","status-publish","format-standard","has-post-thumbnail","hentry","category-mali-tribune","category-politique"],"jetpack_publicize_connections":[],"featured_image_urls":{"full":["https:\/\/nandi.info\/wp-content\/uploads\/2024\/01\/Mohamed-Amara.jpg",480,270,false],"thumbnail":["https:\/\/nandi.info\/wp-content\/uploads\/2024\/01\/Mohamed-Amara-150x150.jpg",150,150,true],"medium":["https:\/\/nandi.info\/wp-content\/uploads\/2024\/01\/Mohamed-Amara-300x169.jpg",300,169,true],"medium_large":["https:\/\/nandi.info\/wp-content\/uploads\/2024\/01\/Mohamed-Amara.jpg",480,270,false],"large":["https:\/\/nandi.info\/wp-content\/uploads\/2024\/01\/Mohamed-Amara.jpg",480,270,false],"1536x1536":["https:\/\/nandi.info\/wp-content\/uploads\/2024\/01\/Mohamed-Amara.jpg",480,270,false],"2048x2048":["https:\/\/nandi.info\/wp-content\/uploads\/2024\/01\/Mohamed-Amara.jpg",480,270,false],"penci-recipe-1200x1200":["https:\/\/nandi.info\/wp-content\/uploads\/2024\/01\/Mohamed-Amara.jpg",480,270,false],"penci-recipe-1200x900":["https:\/\/nandi.info\/wp-content\/uploads\/2024\/01\/Mohamed-Amara.jpg",480,270,false],"penci-recipe-1200x675":["https:\/\/nandi.info\/wp-content\/uploads\/2024\/01\/Mohamed-Amara.jpg",480,270,false],"penci-single-full":["https:\/\/nandi.info\/wp-content\/uploads\/2024\/01\/Mohamed-Amara.jpg",480,270,false],"penci-slider-full-thumb":["https:\/\/nandi.info\/wp-content\/uploads\/2024\/01\/Mohamed-Amara.jpg",480,270,false],"penci-full-thumb":["https:\/\/nandi.info\/wp-content\/uploads\/2024\/01\/Mohamed-Amara.jpg",480,270,false],"penci-slider-thumb":["https:\/\/nandi.info\/wp-content\/uploads\/2024\/01\/Mohamed-Amara.jpg",480,270,false],"penci-magazine-slider":["https:\/\/nandi.info\/wp-content\/uploads\/2024\/01\/Mohamed-Amara.jpg",480,270,false],"penci-thumb":["https:\/\/nandi.info\/wp-content\/uploads\/2024\/01\/Mohamed-Amara.jpg",480,270,false],"penci-masonry-thumb":["https:\/\/nandi.info\/wp-content\/uploads\/2024\/01\/Mohamed-Amara.jpg",480,270,false],"penci-thumb-square":["https:\/\/nandi.info\/wp-content\/uploads\/2024\/01\/Mohamed-Amara.jpg",480,270,false],"penci-thumb-vertical":["https:\/\/nandi.info\/wp-content\/uploads\/2024\/01\/Mohamed-Amara.jpg",480,270,false],"penci-thumb-small":["https:\/\/nandi.info\/wp-content\/uploads\/2024\/01\/Mohamed-Amara.jpg",263,148,false]},"author_info":{"display_name":"Nandi","author_link":"https:\/\/nandi.info\/?author=1"},"category_info":"<a href=\"https:\/\/nandi.info\/?cat=33\" rel=\"category\">Mali Tribune<\/a> <a href=\"https:\/\/nandi.info\/?cat=23\" rel=\"category\">Politique<\/a>","tag_info":"Politique","comment_count":"0","jetpack_featured_media_url":"https:\/\/nandi.info\/wp-content\/uploads\/2024\/01\/Mohamed-Amara.jpg","jetpack_sharing_enabled":true,"_links":{"self":[{"href":"https:\/\/nandi.info\/index.php?rest_route=\/wp\/v2\/posts\/16459","targetHints":{"allow":["GET"]}}],"collection":[{"href":"https:\/\/nandi.info\/index.php?rest_route=\/wp\/v2\/posts"}],"about":[{"href":"https:\/\/nandi.info\/index.php?rest_route=\/wp\/v2\/types\/post"}],"author":[{"embeddable":true,"href":"https:\/\/nandi.info\/index.php?rest_route=\/wp\/v2\/users\/1"}],"replies":[{"embeddable":true,"href":"https:\/\/nandi.info\/index.php?rest_route=%2Fwp%2Fv2%2Fcomments&post=16459"}],"version-history":[{"count":1,"href":"https:\/\/nandi.info\/index.php?rest_route=\/wp\/v2\/posts\/16459\/revisions"}],"predecessor-version":[{"id":16461,"href":"https:\/\/nandi.info\/index.php?rest_route=\/wp\/v2\/posts\/16459\/revisions\/16461"}],"wp:featuredmedia":[{"embeddable":true,"href":"https:\/\/nandi.info\/index.php?rest_route=\/wp\/v2\/media\/16460"}],"wp:attachment":[{"href":"https:\/\/nandi.info\/index.php?rest_route=%2Fwp%2Fv2%2Fmedia&parent=16459"}],"wp:term":[{"taxonomy":"category","embeddable":true,"href":"https:\/\/nandi.info\/index.php?rest_route=%2Fwp%2Fv2%2Fcategories&post=16459"},{"taxonomy":"post_tag","embeddable":true,"href":"https:\/\/nandi.info\/index.php?rest_route=%2Fwp%2Fv2%2Ftags&post=16459"}],"curies":[{"name":"wp","href":"https:\/\/api.w.org\/{rel}","templated":true}]}}