{"id":16432,"date":"2024-01-04T11:37:33","date_gmt":"2024-01-04T10:37:33","guid":{"rendered":"https:\/\/nandi.info\/?p=16432"},"modified":"2024-01-04T11:37:35","modified_gmt":"2024-01-04T10:37:35","slug":"bamako-conakry-par-route-reprise-imminente-du-transport-voyageur","status":"publish","type":"post","link":"https:\/\/nandi.info\/?p=16432","title":{"rendered":"Bamako\/Conakry par route : Reprise imminente du transport voyageur"},"content":{"rendered":"\n<p><strong><em>Le Mali et la Guin\u00e9e s\u2019activent sur le volet transport voyageur. Une rencontre de syndicats de transporteurs guin\u00e9ens et maliens a eu lieu le mardi 26 d\u00e9cembre au si\u00e8ge du CMTR.<\/em><\/strong><\/p>\n\n\n\n<p class=\"has-drop-cap\">La salle de r\u00e9union du Conseil malien des transporteurs routiers (CMTR), \u00e0 l\u2019Hippodrome a abrit\u00e9 cette importante r\u00e9union. L\u2019ordre du jour portait sur l\u2019application de la convention relative au transport routier entre le Mali et la Guin\u00e9e. Celle-ci vise \u00e0 d\u00e9barrasser le transport routier entre les deux pays de toutes les tracasseries.<\/p>\n\n\n\n<p>La r\u00e9union s\u2019est d\u00e9roul\u00e9e sous la pr\u00e9sidence de Youssouf Bani Traor\u00e9, pr\u00e9sident du CMTR en pr\u00e9sence de deux responsables de syndicats de transporteurs de la Guin\u00e9e.<\/p>\n\n\n\n<p>Cette convention portant sur le transport voyageur sign\u00e9e depuis plus de trois d\u00e9cennies entre le Mali et la Guin\u00e9e, dort dans les tiroirs. M\u00eame si le corridor guin\u00e9en est exploit\u00e9 sans encombre par les camions gros porteurs et citernes, les bus et cars en sont exclus des deux c\u00f4t\u00e9s.<\/p>\n\n\n\n<p>Selon les syndicats de transporteurs maliens et guin\u00e9ens, ce sont les v\u00e9hicules de 9 \u00e0 10 places qui assurent jusque-l\u00e0 le trajet \u00e0 destination de Siguiri et Kankan. Il s\u2019agit d\u00e9sormais de mettre fin \u00e0 cette situation afin que les taxis et bus puissent rouler de Conakry \u00e0 Bamako ou vice versa.<\/p>\n\n\n\n<p>Les pr\u00e9sidents Mamady Doumbouya de la Guin\u00e9e et Assimi Go\u00efta du Mali ont d\u00e9cid\u00e9 de mettre en application cette convention au b\u00e9n\u00e9fice des professionnels du transport voyageur et des citoyens des deux pays.<\/p>\n\n\n\n<p>Les ministres des Transports des deux pays ont eu pour mandat de sa mise en \u0153uvre totale. La d\u00e9l\u00e9gation guin\u00e9enne qui dit \u00eatre en mission du ministre des Transports de son pays, a donn\u00e9 le ton de l\u2019engagement de ses autorit\u00e9s.<\/p>\n\n\n\n<p>Youssouf Bani Traor\u00e9, pr\u00e9sident r\u00e9\u00e9lu du CMTR dont c\u2019est la toute premi\u00e8re activit\u00e9, a rassur\u00e9 la partie guin\u00e9enne que le ministre des Transports du Mali, Demb\u00e9l\u00e9 Madina Sissoko est dans la m\u00eame dynamique. Il est m\u00eame question du lancement d\u2019une mission dans les prochains jours en Guin\u00e9e pour l\u2019application de la convention.<\/p>\n\n\n\n<p>La r\u00e9union a pris fin sur une note d\u2019espoir tant du c\u00f4t\u00e9 de la d\u00e9l\u00e9gation guin\u00e9enne que de son jatigui ou h\u00f4te malien.<\/p>\n\n\n\n<p><strong>Abdrahamane Dicko<\/strong><\/p>\n","protected":false},"excerpt":{"rendered":"<p>Le Mali et la Guin\u00e9e s\u2019activent sur le volet transport voyageur. Une rencontre de syndicats de transporteurs guin\u00e9ens et maliens a eu lieu le mardi 26 d\u00e9cembre au si\u00e8ge du&hellip;<\/p>\n","protected":false},"author":1,"featured_media":16433,"comment_status":"open","ping_status":"open","sticky":false,"template":"","format":"standard","meta":{"content-type":"","_lmt_disableupdate":"","_lmt_disable":"","_jetpack_memberships_contains_paid_content":false,"footnotes":"","jetpack_publicize_message":"","jetpack_publicize_feature_enabled":true,"jetpack_social_post_already_shared":true,"jetpack_social_options":{"image_generator_settings":{"template":"highway","default_image_id":0,"font":"","enabled":false},"version":2}},"categories":[30,33,62],"tags":[],"class_list":["post-16432","post","type-post","status-publish","format-standard","has-post-thumbnail","hentry","category-economie","category-mali-tribune","category-transport"],"jetpack_publicize_connections":[],"featured_image_urls":{"full":["https:\/\/nandi.info\/wp-content\/uploads\/2024\/01\/Bamako-Conakry.jpg",650,366,false],"thumbnail":["https:\/\/nandi.info\/wp-content\/uploads\/2024\/01\/Bamako-Conakry-150x150.jpg",150,150,true],"medium":["https:\/\/nandi.info\/wp-content\/uploads\/2024\/01\/Bamako-Conakry-300x169.jpg",300,169,true],"medium_large":["https:\/\/nandi.info\/wp-content\/uploads\/2024\/01\/Bamako-Conakry.jpg",650,366,false],"large":["https:\/\/nandi.info\/wp-content\/uploads\/2024\/01\/Bamako-Conakry.jpg",650,366,false],"1536x1536":["https:\/\/nandi.info\/wp-content\/uploads\/2024\/01\/Bamako-Conakry.jpg",650,366,false],"2048x2048":["https:\/\/nandi.info\/wp-content\/uploads\/2024\/01\/Bamako-Conakry.jpg",650,366,false],"penci-recipe-1200x1200":["https:\/\/nandi.info\/wp-content\/uploads\/2024\/01\/Bamako-Conakry.jpg",650,366,false],"penci-recipe-1200x900":["https:\/\/nandi.info\/wp-content\/uploads\/2024\/01\/Bamako-Conakry.jpg",650,366,false],"penci-recipe-1200x675":["https:\/\/nandi.info\/wp-content\/uploads\/2024\/01\/Bamako-Conakry.jpg",650,366,false],"penci-single-full":["https:\/\/nandi.info\/wp-content\/uploads\/2024\/01\/Bamako-Conakry.jpg",650,366,false],"penci-slider-full-thumb":["https:\/\/nandi.info\/wp-content\/uploads\/2024\/01\/Bamako-Conakry.jpg",650,366,false],"penci-full-thumb":["https:\/\/nandi.info\/wp-content\/uploads\/2024\/01\/Bamako-Conakry.jpg",650,366,false],"penci-slider-thumb":["https:\/\/nandi.info\/wp-content\/uploads\/2024\/01\/Bamako-Conakry.jpg",650,366,false],"penci-magazine-slider":["https:\/\/nandi.info\/wp-content\/uploads\/2024\/01\/Bamako-Conakry.jpg",650,366,false],"penci-thumb":["https:\/\/nandi.info\/wp-content\/uploads\/2024\/01\/Bamako-Conakry.jpg",585,329,false],"penci-masonry-thumb":["https:\/\/nandi.info\/wp-content\/uploads\/2024\/01\/Bamako-Conakry.jpg",585,329,false],"penci-thumb-square":["https:\/\/nandi.info\/wp-content\/uploads\/2024\/01\/Bamako-Conakry.jpg",585,329,false],"penci-thumb-vertical":["https:\/\/nandi.info\/wp-content\/uploads\/2024\/01\/Bamako-Conakry.jpg",480,270,false],"penci-thumb-small":["https:\/\/nandi.info\/wp-content\/uploads\/2024\/01\/Bamako-Conakry.jpg",263,148,false]},"author_info":{"display_name":"Nandi","author_link":"https:\/\/nandi.info\/?author=1"},"category_info":"<a href=\"https:\/\/nandi.info\/?cat=30\" rel=\"category\">Economie<\/a> <a href=\"https:\/\/nandi.info\/?cat=33\" rel=\"category\">Mali Tribune<\/a> <a href=\"https:\/\/nandi.info\/?cat=62\" rel=\"category\">Transport<\/a>","tag_info":"Transport","comment_count":"0","jetpack_featured_media_url":"https:\/\/nandi.info\/wp-content\/uploads\/2024\/01\/Bamako-Conakry.jpg","jetpack_sharing_enabled":true,"_links":{"self":[{"href":"https:\/\/nandi.info\/index.php?rest_route=\/wp\/v2\/posts\/16432","targetHints":{"allow":["GET"]}}],"collection":[{"href":"https:\/\/nandi.info\/index.php?rest_route=\/wp\/v2\/posts"}],"about":[{"href":"https:\/\/nandi.info\/index.php?rest_route=\/wp\/v2\/types\/post"}],"author":[{"embeddable":true,"href":"https:\/\/nandi.info\/index.php?rest_route=\/wp\/v2\/users\/1"}],"replies":[{"embeddable":true,"href":"https:\/\/nandi.info\/index.php?rest_route=%2Fwp%2Fv2%2Fcomments&post=16432"}],"version-history":[{"count":1,"href":"https:\/\/nandi.info\/index.php?rest_route=\/wp\/v2\/posts\/16432\/revisions"}],"predecessor-version":[{"id":16434,"href":"https:\/\/nandi.info\/index.php?rest_route=\/wp\/v2\/posts\/16432\/revisions\/16434"}],"wp:featuredmedia":[{"embeddable":true,"href":"https:\/\/nandi.info\/index.php?rest_route=\/wp\/v2\/media\/16433"}],"wp:attachment":[{"href":"https:\/\/nandi.info\/index.php?rest_route=%2Fwp%2Fv2%2Fmedia&parent=16432"}],"wp:term":[{"taxonomy":"category","embeddable":true,"href":"https:\/\/nandi.info\/index.php?rest_route=%2Fwp%2Fv2%2Fcategories&post=16432"},{"taxonomy":"post_tag","embeddable":true,"href":"https:\/\/nandi.info\/index.php?rest_route=%2Fwp%2Fv2%2Ftags&post=16432"}],"curies":[{"name":"wp","href":"https:\/\/api.w.org\/{rel}","templated":true}]}}