{"id":16280,"date":"2023-12-24T21:35:50","date_gmt":"2023-12-24T20:35:50","guid":{"rendered":"https:\/\/nandi.info\/?p=16280"},"modified":"2023-12-24T22:23:35","modified_gmt":"2023-12-24T21:23:35","slug":"can-cote-divoire-2023-le-nid-des-aigles-relooke-en-vue-de-la-can","status":"publish","type":"post","link":"https:\/\/nandi.info\/?p=16280","title":{"rendered":"Can C\u00f4te d\u2019Ivoire 2023 : Le Nid des Aigles \u201crelook\u00e9\u201d en vue de la Can"},"content":{"rendered":"\n<p><strong><em>Le Centre pour sportifs d\u2019\u00e9lite Ousmane Traor\u00e9 dit \u201cOusmane Bl\u00e9ni\u201d de Kabala fait peau neuve. Il a \u00e9t\u00e9 enti\u00e8rement r\u00e9nov\u00e9 pour accueillir toutes les s\u00e9lections nationales. L\u2019infrastructure sera inaugur\u00e9e par l\u2019\u00e9quipe nationale de football dans le cadre des pr\u00e9paratifs pour la Can C\u00f4te d\u2019Ivoire 2023 dont le coup d\u2019envoi sera donn\u00e9 le 13 janvier 2024.<\/em><\/strong><\/p>\n\n\n\n<p class=\"has-drop-cap\">Contrairement aux pr\u00e9c\u00e9dentes \u00e9ditions de Coupe d\u2019Afrique des nations (Can), le Mali effectuera ses pr\u00e9paratifs de la comp\u00e9tition \u00e0 domicile cette ann\u00e9e pour une comp\u00e9tition pr\u00e9vue juste derri\u00e8re la fronti\u00e8re. En C\u00f4te d\u2019Ivoire, les Aigles du Mali vont \u00e9lire domicile \u00e0 Korhogo. Une ville ivoirienne situ\u00e9e \u00e0 207 km de la fronti\u00e8re malienne.<\/p>\n\n\n\n<p>Si l\u2019acclimatation \u00e9tait l\u2019une des raisons autrefois \u00e9voqu\u00e9es pour justifier les pr\u00e9paratifs hors du pays lorsque la comp\u00e9tition se tenait dans des pays tr\u00e8s lointains, cet argument ne tient donc pas lorsque le tournoi se d\u00e9roule dans un pays frontalier. Pour cette raison, il a \u00e9t\u00e9 d\u00e9cid\u00e9 de tenir la phase pr\u00e9paratoire de la Can 2023 \u00e0 Bamako.<\/p>\n\n\n\n<p>Dans ce cadre, le minist\u00e8re des Sports a entrepris la r\u00e9alisation de travaux d\u2019envergure dans le Centre pour sportifs d\u2019\u00e9lite Ousmane Traor\u00e9 dit \u201cOusmane Bl\u00e9ni\u201d de Kabala, Q.G des \u00e9quipes nationales. Ces travaux ont notamment concern\u00e9 : la construction d\u2019un l\u2019h\u00f4tel qualifi\u00e9 de 5 \u00e9toiles par les autorit\u00e9s, la construction d\u2019un terrain synth\u00e9tique, avec une piste synth\u00e9tique d\u2019athl\u00e9tisme, la construction de deux nouvelles salles multifonctionnelles, la r\u00e9alisation d\u2019une piscine olympique de 25\/20 et d\u2019une salle multifonctionnelles, l\u2019am\u00e9nagement de la cour en b\u00e9ton arm\u00e9 avec jardin, le renforcement des projecteurs dans la cour, l\u2019installation des nouveaux pyl\u00f4nes autour du terrain en gazon ordinaire, la construction d\u2019une nouvelle tribune de 1000 places, la construction de terrains multifonctionnels en plein air (handball, Basketball, volleyball et tennis), l\u2019installation pour la premi\u00e8re fois d\u2019un syst\u00e8me de vid\u00e9osurveillance, l\u2019installation d\u2019un groupe \u00e9lectrog\u00e8ne de 300 KVA en plus de la r\u00e9novation de la buanderie avec de nouveaux \u00e9quipements.<\/p>\n\n\n\n<p>Apr\u00e8s plusieurs mois de travaux, le Centre relook\u00e9 a \u00e9t\u00e9 inaugur\u00e9 le lundi 18 d\u00e9cembre par le ministre d\u2019Etat, Abdoulaye Ma\u00efga, au nom du chef de l\u2019Etat Assimi Go\u00efta. Celui qui est&nbsp; \u00e9galement porte-parole du gouvernement a d\u00e9clar\u00e9 que&nbsp;<em>\u201cnous affirmons sans risque de nous tromper que ce Centre r\u00e9nov\u00e9, par la qualit\u00e9 des installations techniques pr\u00e9sentes, r\u00e9pond enti\u00e8rement \u00e0 la qualit\u00e9 du haut niveau qu\u2019exigent nos s\u00e9lections nationales\u201d<\/em>.<\/p>\n\n\n\n<p>Pour sa part, le ministre en charge des Sports, Abdoul Kassim Fomba a laiss\u00e9 entendre que c\u2019est un&nbsp;<em>\u201cv\u00e9ritable centre d\u2019\u00e9lite et de haut niveau. Ce joyau enti\u00e8rement r\u00e9nov\u00e9 va d\u00e9sormais offrir un cadre agr\u00e9able de pr\u00e9paration \u00e0 nos diff\u00e9rentes \u00e9quipes nationales sportives, engag\u00e9es dans les comp\u00e9titions internationales\u201d<\/em>.<\/p>\n\n\n\n<p><strong>A C.<\/strong><\/p>\n\n\n\n<p><\/p>\n\n\n\n<h2 class=\"wp-block-heading has-text-align-center has-large-font-size\"><strong>CAN C\u00f4te D\u2019ivoire 2023 :<\/strong> <strong>Les listes d\u00e9finitives attendues d\u2019ici le 3 janvier<\/strong><\/h2>\n\n\n\n<p><strong>\u00a0<em>Apr\u00e8s l\u2019envoi des listes provisoires en d\u00e9but d\u00e9cembre, les 24 pays qualifi\u00e9s \u00e0 la 34e \u00e9dition de la Can devront adresser leur liste d\u00e9finitive \u00e0 la Caf au plus tard le 3 janvier 2024. Ce qui va amener les s\u00e9lectionneurs \u00e0 r\u00e9duire pr\u00e8s de moiti\u00e9 leur effectif de 55 joueurs pr\u00e9c\u00e9demment s\u00e9lectionn\u00e9s.<\/em><\/strong><\/p>\n\n\n\n<p class=\"has-drop-cap\">Conform\u00e9ment au r\u00e8glement de la Coupe d\u2019Afrique des nations C\u00f4te d\u2019Ivoire 2023, les 24 listes provisoires des \u00e9quipes qualifi\u00e9es pour la comp\u00e9tition ont \u00e9t\u00e9 publi\u00e9es par la Caf apr\u00e8s l\u2019envoi desdites listes par les diff\u00e9rents pays concern\u00e9s. L\u2019instance organisatrice de la Can rappelle que c\u2019est une d\u00e9marche r\u00e9glementaire.<\/p>\n\n\n\n<p><em>\u201cSelon le r\u00e8glement, chaque Associations membres (PAM) qualifi\u00e9e pour la phase finale de la Can doit soumettre une liste provisoire de 55 joueurs le 14 d\u00e9cembre 2023, au plus tard. Grande nouveaut\u00e9 pour cette \u00e9dition, les 24 \u00e9quipes pourront pr\u00e9senter une liste de 27 joueurs (au lieu des 23 joueurs convoqu\u00e9s lors des pr\u00e9c\u00e9dents tournois), comme l\u2019a stipul\u00e9 le Comit\u00e9 d\u2019Organisation de la Caf. L\u2019inscription des quatre joueurs suppl\u00e9mentaires sur la liste finale n\u2019est qu\u2019une option et non une obligation.&nbsp; Si une \u00e9quipe soumet une liste de 24 \u00e0 27 joueurs, seuls 23 d\u2019entre eux pourront \u00eatre s\u00e9lectionn\u00e9s pour chaque match du tournoi\u201d<\/em>, a d\u00e9taill\u00e9 la Caf.<\/p>\n\n\n\n<p>Apr\u00e8s l\u2019envoi des listes \u00e0 55 joueurs, celles-ci devront \u00eatre r\u00e9duites au maximum \u00e0 27 joueurs \u00e0 dix jours du coup d\u2019envoi de la Can.&nbsp;&nbsp;<em>\u201cEn outre, la date limite pour la soumission des \u00e9quipes finales pour le tournoi est fix\u00e9e au 3 janvier 2024, soit exactement dix (10) jours avant le match d\u2019ouverture.&nbsp; En cas de blessure contract\u00e9e 24 heures avant le premier match, l\u2019\u00e9quipe pourra remplacer le joueur bless\u00e9, apr\u00e8s l\u2019approbation du certificat m\u00e9dical par la Commission m\u00e9dicale de la Caf\u201d<\/em>, peut-on lire dans un communiqu\u00e9 publi\u00e9 par la Caf.<\/p>\n\n\n\n<p>Pr\u00e9vue du 13 janvier au 11 f\u00e9vrier 2024, la prochaine Can aura lieu dans les villes ivoiriennes d\u2019Abidjan, Bouak\u00e9, Korhogo, San Pedro et Yamoussoukro. Le Mali \u00e9voluera dans le groupe E en compagnie de la Namibie, de l\u2019Afrique du Sud et de la Tunisie.<\/p>\n\n\n\n<p><strong>A C.<\/strong><\/p>\n","protected":false},"excerpt":{"rendered":"<p>Le Centre pour sportifs d\u2019\u00e9lite Ousmane Traor\u00e9 dit \u201cOusmane Bl\u00e9ni\u201d de Kabala fait peau neuve. Il a \u00e9t\u00e9 enti\u00e8rement r\u00e9nov\u00e9 pour accueillir toutes les s\u00e9lections nationales. L\u2019infrastructure sera inaugur\u00e9e par&hellip;<\/p>\n","protected":false},"author":1,"featured_media":16281,"comment_status":"open","ping_status":"open","sticky":false,"template":"","format":"standard","meta":{"content-type":"","_lmt_disableupdate":"","_lmt_disable":"","_jetpack_memberships_contains_paid_content":false,"footnotes":"","jetpack_publicize_message":"","jetpack_publicize_feature_enabled":true,"jetpack_social_post_already_shared":true,"jetpack_social_options":{"image_generator_settings":{"template":"highway","default_image_id":0,"font":"","enabled":false},"version":2}},"categories":[33,6],"tags":[],"class_list":["post-16280","post","type-post","status-publish","format-standard","has-post-thumbnail","hentry","category-mali-tribune","category-sports"],"jetpack_publicize_connections":[],"featured_image_urls":{"full":["https:\/\/nandi.info\/wp-content\/uploads\/2023\/12\/stade-Cote-divoir.jpg",612,306,false],"thumbnail":["https:\/\/nandi.info\/wp-content\/uploads\/2023\/12\/stade-Cote-divoir-150x150.jpg",150,150,true],"medium":["https:\/\/nandi.info\/wp-content\/uploads\/2023\/12\/stade-Cote-divoir-300x150.jpg",300,150,true],"medium_large":["https:\/\/nandi.info\/wp-content\/uploads\/2023\/12\/stade-Cote-divoir.jpg",612,306,false],"large":["https:\/\/nandi.info\/wp-content\/uploads\/2023\/12\/stade-Cote-divoir.jpg",612,306,false],"1536x1536":["https:\/\/nandi.info\/wp-content\/uploads\/2023\/12\/stade-Cote-divoir.jpg",612,306,false],"2048x2048":["https:\/\/nandi.info\/wp-content\/uploads\/2023\/12\/stade-Cote-divoir.jpg",612,306,false],"penci-recipe-1200x1200":["https:\/\/nandi.info\/wp-content\/uploads\/2023\/12\/stade-Cote-divoir.jpg",612,306,false],"penci-recipe-1200x900":["https:\/\/nandi.info\/wp-content\/uploads\/2023\/12\/stade-Cote-divoir.jpg",612,306,false],"penci-recipe-1200x675":["https:\/\/nandi.info\/wp-content\/uploads\/2023\/12\/stade-Cote-divoir.jpg",612,306,false],"penci-single-full":["https:\/\/nandi.info\/wp-content\/uploads\/2023\/12\/stade-Cote-divoir.jpg",612,306,false],"penci-slider-full-thumb":["https:\/\/nandi.info\/wp-content\/uploads\/2023\/12\/stade-Cote-divoir.jpg",612,306,false],"penci-full-thumb":["https:\/\/nandi.info\/wp-content\/uploads\/2023\/12\/stade-Cote-divoir.jpg",612,306,false],"penci-slider-thumb":["https:\/\/nandi.info\/wp-content\/uploads\/2023\/12\/stade-Cote-divoir.jpg",612,306,false],"penci-magazine-slider":["https:\/\/nandi.info\/wp-content\/uploads\/2023\/12\/stade-Cote-divoir.jpg",612,306,false],"penci-thumb":["https:\/\/nandi.info\/wp-content\/uploads\/2023\/12\/stade-Cote-divoir.jpg",585,293,false],"penci-masonry-thumb":["https:\/\/nandi.info\/wp-content\/uploads\/2023\/12\/stade-Cote-divoir.jpg",585,293,false],"penci-thumb-square":["https:\/\/nandi.info\/wp-content\/uploads\/2023\/12\/stade-Cote-divoir.jpg",585,293,false],"penci-thumb-vertical":["https:\/\/nandi.info\/wp-content\/uploads\/2023\/12\/stade-Cote-divoir.jpg",480,240,false],"penci-thumb-small":["https:\/\/nandi.info\/wp-content\/uploads\/2023\/12\/stade-Cote-divoir.jpg",263,132,false]},"author_info":{"display_name":"Nandi","author_link":"https:\/\/nandi.info\/?author=1"},"category_info":"<a href=\"https:\/\/nandi.info\/?cat=33\" rel=\"category\">Mali Tribune<\/a> <a href=\"https:\/\/nandi.info\/?cat=6\" rel=\"category\">Sports<\/a>","tag_info":"Sports","comment_count":"0","jetpack_featured_media_url":"https:\/\/nandi.info\/wp-content\/uploads\/2023\/12\/stade-Cote-divoir.jpg","jetpack_sharing_enabled":true,"_links":{"self":[{"href":"https:\/\/nandi.info\/index.php?rest_route=\/wp\/v2\/posts\/16280","targetHints":{"allow":["GET"]}}],"collection":[{"href":"https:\/\/nandi.info\/index.php?rest_route=\/wp\/v2\/posts"}],"about":[{"href":"https:\/\/nandi.info\/index.php?rest_route=\/wp\/v2\/types\/post"}],"author":[{"embeddable":true,"href":"https:\/\/nandi.info\/index.php?rest_route=\/wp\/v2\/users\/1"}],"replies":[{"embeddable":true,"href":"https:\/\/nandi.info\/index.php?rest_route=%2Fwp%2Fv2%2Fcomments&post=16280"}],"version-history":[{"count":2,"href":"https:\/\/nandi.info\/index.php?rest_route=\/wp\/v2\/posts\/16280\/revisions"}],"predecessor-version":[{"id":16295,"href":"https:\/\/nandi.info\/index.php?rest_route=\/wp\/v2\/posts\/16280\/revisions\/16295"}],"wp:featuredmedia":[{"embeddable":true,"href":"https:\/\/nandi.info\/index.php?rest_route=\/wp\/v2\/media\/16281"}],"wp:attachment":[{"href":"https:\/\/nandi.info\/index.php?rest_route=%2Fwp%2Fv2%2Fmedia&parent=16280"}],"wp:term":[{"taxonomy":"category","embeddable":true,"href":"https:\/\/nandi.info\/index.php?rest_route=%2Fwp%2Fv2%2Fcategories&post=16280"},{"taxonomy":"post_tag","embeddable":true,"href":"https:\/\/nandi.info\/index.php?rest_route=%2Fwp%2Fv2%2Ftags&post=16280"}],"curies":[{"name":"wp","href":"https:\/\/api.w.org\/{rel}","templated":true}]}}