{"id":16278,"date":"2023-12-23T08:07:09","date_gmt":"2023-12-23T07:07:09","guid":{"rendered":"https:\/\/nandi.info\/?p=16278"},"modified":"2023-12-23T08:07:11","modified_gmt":"2023-12-23T07:07:11","slug":"situation-de-lepidemie-de-la-dengue-au-mali-plus-de-700-cas-confirmes-et-30-deces-enregistres","status":"publish","type":"post","link":"https:\/\/nandi.info\/?p=16278","title":{"rendered":"Situation de l\u2019\u00e9pid\u00e9mie de la dengue au Mali : Plus de 700 cas confirm\u00e9s et 30 d\u00e9c\u00e8s enregistr\u00e9s"},"content":{"rendered":"\n<p><strong>Le ministre de la Sant\u00e9 et du D\u00e9veloppement social, le colonel Assan Badiallo Tour\u00e9, a proc\u00e9d\u00e9 le mardi 19 d\u00e9cembre 2023 au lancement de l\u2019op\u00e9ration de lutte contre l\u2019\u00e9pid\u00e9mie de la dengue. C\u2019\u00e9tait au Garbal de Faladi\u00e9, en Commune VI du district de Bamako.<\/strong><\/p>\n\n\n\n<p class=\"has-drop-cap\">Selon Mme la ministre, la Commune VI a \u00e9t\u00e9 choisie pour lancer l\u2019op\u00e9ration de lutte contre la dengue \u00e0 cause du nombre de cas y enregistr\u00e9s. Des op\u00e9rations de fumigation et de pulv\u00e9risation viennent de d\u00e9marrer \u00e0 Bamako en vue d\u2019an\u00e9antir ces moustiques.<\/p>\n\n\n\n<p><em>\u201cLa fumigation et la pulv\u00e9risation vont se faire non seulement dans tout Bamako, mais aussi sur tout l\u2019\u00e9tendue du territoire national. On va appeler les gens \u00e0 observer les mesures d\u2019assainissement parce que ces moustiques se reproduisent dans les eaux stagnantes, les d\u00e9chets non \u00e9vacu\u00e9s. On veut aussi sensibiliser la population parce qu\u2019elle sera en face des agents qui passeront pulv\u00e9riser. On fera le maximum pour \u00e9pargner les personnes et d\u00e9truire les moustiques lors de ces op\u00e9rations\u201d<\/em>, a-t-elle indiqu\u00e9. La dengue est une maladie virale et le traitement est symptomatique.&nbsp;<em>\u201cA la date du 19 d\u00e9cembre 2023, le Mali est \u00e0 plus de 700 cas de dengue confirm\u00e9s avec une trentaine de d\u00e9c\u00e8s. Les services de sant\u00e9 sont en train de donner le meilleur d\u2019eux-m\u00eames pour lutter contre la maladie et les tests sont disponibles au niveau des centres de sant\u00e9\u201d<\/em>, a d\u00e9clar\u00e9 la ministre de la Sant\u00e9 et du D\u00e9veloppement social.<\/p>\n\n\n\n<p>Comme conseil \u00e0 la population malienne, le ministre demande la salubrit\u00e9 partout. \u201cQue nos endroits soient sains et d\u00e8s qu\u2019on sent les sympt\u00f4mes du paludisme et qu\u2019apr\u00e8s traitement il n\u2019y a pas d\u2019\u00e9volution, il est pr\u00e9f\u00e9rable d\u2019aller dans le centre de sant\u00e9 le plus proche, se faire diagnostiquer et si c\u2019est la dingue, de faire le traitement ad\u00e9quat\u201d.<\/p>\n\n\n\n<p>Aux dires de Dr. Itama Mayikuli Christian, repr\u00e9sentant par int\u00e9rim du bureau de l\u2019OMS au Mali, cette \u00e9pid\u00e9mie est combin\u00e9e \u00e0 d\u2019autres germes comme Zika.<\/p>\n\n\n\n<p><em>\u201cL\u2019\u00e9pid\u00e9mie de la dengue est une tr\u00e8s grande pr\u00e9occupation actuellement de l\u2019OMS parce qu\u2019on vient de constater que tout un continent est affect\u00e9 par la hausse des cas de dengue \u00e0 tel point qu\u2019il y a 10 jours, l\u2019OMS a d\u00e9cr\u00e9t\u00e9 une classification des niveaux les plus \u00e9lev\u00e9s de cette crise. Au niveau de la r\u00e9gion africaine, il y a dix pays qui ont notifi\u00e9 des cas de dengue, parmi lesquels, il y a cinq qui sont vraiment en \u00e9pid\u00e9mie activ\u00e9e. \u201cIl s\u2019agit du Mali, du Burkina Faso, du S\u00e9n\u00e9gal, la C\u00f4te d\u2019Ivoire et le Cap Vert\u201d<\/em>, a-t-il d\u00e9clar\u00e9.<\/p>\n\n\n\n<p>Il a signal\u00e9 qu\u2019ils fournissent de l\u2019effort au niveau de l\u2019OMS pour la mobilisation de ressources.&nbsp;<em>\u201cOn va continuer \u00e0 faire des plaidoyers pour qu\u2019ensemble cette \u00e9pid\u00e9mie puisse s\u2019inverser et qu\u2019on arrive \u00e0 l\u2019interruption de la transmission de ce virus au niveau du Mali<\/em>\u201c, a mentionn\u00e9 Dr. Itama Mayikuli Christian, repr\u00e9sentant par int\u00e9rim du bureau de l\u2019OMS au Mali.<\/p>\n\n\n\n<p>Il a rappel\u00e9 que la lutte contre une \u00e9pid\u00e9mie implique la communaut\u00e9.&nbsp;<em>\u201cIl faudrait que dans notre strat\u00e9gie, la communaut\u00e9 comprenne correctement de quoi s\u2019agit-il, les modes de transmissions et de pr\u00e9ventions\u201d.<\/em>&nbsp;Notons que c\u2019est la deuxi\u00e8me fois que cette \u00e9pid\u00e9mie fait des ravages au Mali. Les tout-premiers cas avaient \u00e9t\u00e9 confirm\u00e9s en novembre 2019.<\/p>\n\n\n\n<p><strong>&nbsp;&nbsp;&nbsp; Marie Demb\u00e9l\u00e9<\/strong><\/p>\n","protected":false},"excerpt":{"rendered":"<p>Le ministre de la Sant\u00e9 et du D\u00e9veloppement social, le colonel Assan Badiallo Tour\u00e9, a proc\u00e9d\u00e9 le mardi 19 d\u00e9cembre 2023 au lancement de l\u2019op\u00e9ration de lutte contre l\u2019\u00e9pid\u00e9mie de&hellip;<\/p>\n","protected":false},"author":1,"featured_media":15982,"comment_status":"open","ping_status":"open","sticky":false,"template":"","format":"standard","meta":{"content-type":"","_lmt_disableupdate":"","_lmt_disable":"","_jetpack_memberships_contains_paid_content":false,"footnotes":"","jetpack_publicize_message":"","jetpack_publicize_feature_enabled":true,"jetpack_social_post_already_shared":true,"jetpack_social_options":{"image_generator_settings":{"template":"highway","default_image_id":0,"font":"","enabled":false},"version":2}},"categories":[19,24,92],"tags":[],"class_list":["post-16278","post","type-post","status-publish","format-standard","has-post-thumbnail","hentry","category-aujourdhui-mali","category-sante","category-slider"],"jetpack_publicize_connections":[],"featured_image_urls":{"full":["https:\/\/nandi.info\/wp-content\/uploads\/2023\/12\/colonel-assa-badiallo-toure-ministre-sante-1024x683-1.jpg",1024,683,false],"thumbnail":["https:\/\/nandi.info\/wp-content\/uploads\/2023\/12\/colonel-assa-badiallo-toure-ministre-sante-1024x683-1-150x150.jpg",150,150,true],"medium":["https:\/\/nandi.info\/wp-content\/uploads\/2023\/12\/colonel-assa-badiallo-toure-ministre-sante-1024x683-1-300x200.jpg",300,200,true],"medium_large":["https:\/\/nandi.info\/wp-content\/uploads\/2023\/12\/colonel-assa-badiallo-toure-ministre-sante-1024x683-1-768x512.jpg",768,512,true],"large":["https:\/\/nandi.info\/wp-content\/uploads\/2023\/12\/colonel-assa-badiallo-toure-ministre-sante-1024x683-1.jpg",1024,683,false],"1536x1536":["https:\/\/nandi.info\/wp-content\/uploads\/2023\/12\/colonel-assa-badiallo-toure-ministre-sante-1024x683-1.jpg",1024,683,false],"2048x2048":["https:\/\/nandi.info\/wp-content\/uploads\/2023\/12\/colonel-assa-badiallo-toure-ministre-sante-1024x683-1.jpg",1024,683,false],"penci-recipe-1200x1200":["https:\/\/nandi.info\/wp-content\/uploads\/2023\/12\/colonel-assa-badiallo-toure-ministre-sante-1024x683-1.jpg",1024,683,false],"penci-recipe-1200x900":["https:\/\/nandi.info\/wp-content\/uploads\/2023\/12\/colonel-assa-badiallo-toure-ministre-sante-1024x683-1.jpg",1024,683,false],"penci-recipe-1200x675":["https:\/\/nandi.info\/wp-content\/uploads\/2023\/12\/colonel-assa-badiallo-toure-ministre-sante-1024x683-1.jpg",1012,675,false],"penci-single-full":["https:\/\/nandi.info\/wp-content\/uploads\/2023\/12\/colonel-assa-badiallo-toure-ministre-sante-1024x683-1.jpg",1024,683,false],"penci-slider-full-thumb":["https:\/\/nandi.info\/wp-content\/uploads\/2023\/12\/colonel-assa-badiallo-toure-ministre-sante-1024x683-1.jpg",1024,683,false],"penci-full-thumb":["https:\/\/nandi.info\/wp-content\/uploads\/2023\/12\/colonel-assa-badiallo-toure-ministre-sante-1024x683-1.jpg",1024,683,false],"penci-slider-thumb":["https:\/\/nandi.info\/wp-content\/uploads\/2023\/12\/colonel-assa-badiallo-toure-ministre-sante-1024x683-1.jpg",994,663,false],"penci-magazine-slider":["https:\/\/nandi.info\/wp-content\/uploads\/2023\/12\/colonel-assa-badiallo-toure-ministre-sante-1024x683-1.jpg",774,516,false],"penci-thumb":["https:\/\/nandi.info\/wp-content\/uploads\/2023\/12\/colonel-assa-badiallo-toure-ministre-sante-1024x683-1.jpg",585,390,false],"penci-masonry-thumb":["https:\/\/nandi.info\/wp-content\/uploads\/2023\/12\/colonel-assa-badiallo-toure-ministre-sante-1024x683-1.jpg",585,390,false],"penci-thumb-square":["https:\/\/nandi.info\/wp-content\/uploads\/2023\/12\/colonel-assa-badiallo-toure-ministre-sante-1024x683-1.jpg",585,390,false],"penci-thumb-vertical":["https:\/\/nandi.info\/wp-content\/uploads\/2023\/12\/colonel-assa-badiallo-toure-ministre-sante-1024x683-1.jpg",480,320,false],"penci-thumb-small":["https:\/\/nandi.info\/wp-content\/uploads\/2023\/12\/colonel-assa-badiallo-toure-ministre-sante-1024x683-1.jpg",263,175,false]},"author_info":{"display_name":"Nandi","author_link":"https:\/\/nandi.info\/?author=1"},"category_info":"<a href=\"https:\/\/nandi.info\/?cat=19\" rel=\"category\">Aujourd\u2019hui Mali<\/a> <a href=\"https:\/\/nandi.info\/?cat=24\" rel=\"category\">Sant\u00e9<\/a> <a href=\"https:\/\/nandi.info\/?cat=92\" rel=\"category\">Slider<\/a>","tag_info":"Slider","comment_count":"0","jetpack_featured_media_url":"https:\/\/nandi.info\/wp-content\/uploads\/2023\/12\/colonel-assa-badiallo-toure-ministre-sante-1024x683-1.jpg","jetpack_sharing_enabled":true,"_links":{"self":[{"href":"https:\/\/nandi.info\/index.php?rest_route=\/wp\/v2\/posts\/16278","targetHints":{"allow":["GET"]}}],"collection":[{"href":"https:\/\/nandi.info\/index.php?rest_route=\/wp\/v2\/posts"}],"about":[{"href":"https:\/\/nandi.info\/index.php?rest_route=\/wp\/v2\/types\/post"}],"author":[{"embeddable":true,"href":"https:\/\/nandi.info\/index.php?rest_route=\/wp\/v2\/users\/1"}],"replies":[{"embeddable":true,"href":"https:\/\/nandi.info\/index.php?rest_route=%2Fwp%2Fv2%2Fcomments&post=16278"}],"version-history":[{"count":1,"href":"https:\/\/nandi.info\/index.php?rest_route=\/wp\/v2\/posts\/16278\/revisions"}],"predecessor-version":[{"id":16279,"href":"https:\/\/nandi.info\/index.php?rest_route=\/wp\/v2\/posts\/16278\/revisions\/16279"}],"wp:featuredmedia":[{"embeddable":true,"href":"https:\/\/nandi.info\/index.php?rest_route=\/wp\/v2\/media\/15982"}],"wp:attachment":[{"href":"https:\/\/nandi.info\/index.php?rest_route=%2Fwp%2Fv2%2Fmedia&parent=16278"}],"wp:term":[{"taxonomy":"category","embeddable":true,"href":"https:\/\/nandi.info\/index.php?rest_route=%2Fwp%2Fv2%2Fcategories&post=16278"},{"taxonomy":"post_tag","embeddable":true,"href":"https:\/\/nandi.info\/index.php?rest_route=%2Fwp%2Fv2%2Ftags&post=16278"}],"curies":[{"name":"wp","href":"https:\/\/api.w.org\/{rel}","templated":true}]}}