{"id":16256,"date":"2023-12-23T07:26:13","date_gmt":"2023-12-23T06:26:13","guid":{"rendered":"https:\/\/nandi.info\/?p=16256"},"modified":"2023-12-23T07:27:42","modified_gmt":"2023-12-23T06:27:42","slug":"diplomatie-parlementaire-le-cnt-renforce-sa-position-a-abidjan-avec-le-poste-de-representant-regional-pour-lafrique-de-louest-a-lupa","status":"publish","type":"post","link":"https:\/\/nandi.info\/?p=16256","title":{"rendered":"Diplomatie parlementaire : Le CNT renforce sa position \u00e0 Abidjan avec le poste de Repr\u00e9sentant r\u00e9gional pour l\u2019Afrique de l\u2019Ouest \u00e0 l\u2019UPA"},"content":{"rendered":"\n<p><strong><em>Les rideaux sont tomb\u00e9s le vendredi 15 d\u00e9cembre 2023 sur les travaux de la 80e session du comit\u00e9 ex\u00e9cutif et de la 45e Conf\u00e9rence des pr\u00e9sidents d\u2019Assembl\u00e9es parlementaires nationales de l\u2019Union parlementaire africaine (UPA) qui se sont d\u00e9roul\u00e9es \u00e0 Abidjan en C\u00f4te d\u2019Ivoire du 11 au&nbsp; 15 d\u00e9cembre 2023.&nbsp; Environ une vingtaine de parlements africains ont pris part \u00e0 ces assises ainsi que de nombreux pr\u00e9sidents de parlements et de partenaires sous le haut parrainage de l\u2019honorable Adama Bigtogo,&nbsp; pr\u00e9sident de l\u2019Assembl\u00e9e nationale de C\u00f4te d\u2019Ivoire en pr\u00e9sence de la pr\u00e9sidente du comit\u00e9 ex\u00e9cutif de l\u2019UPA la Zimbabw\u00e9enne Mabel Memory Chinomona.<\/em><\/strong><\/p>\n\n\n\n<p class=\"has-drop-cap\">Aussi plusieurs personnalit\u00e9s ont \u00e9galement pris part \u00e0 cette rencontre comme la pr\u00e9sidente du S\u00e9nat de la C\u00f4te d\u2019Ivoire. Le Parlement du Mali a particip\u00e9 activement aux travaux \u00e0 travers une importante d\u00e9l\u00e9gation du CNT conduite par le 1er vice-pr\u00e9sident l\u2019honorable Assarid Ag Imbarcaouane et comprend l\u2019honorable Alioune Gu\u00e8ye, 4e secr\u00e9taire parlementaire et l\u2019honorable Bouill\u00e9 Ciss\u00e9, membre de la commission affaires \u00e9trang\u00e8res du CNT. Les travaux ont \u00e9t\u00e9 sanctionn\u00e9s par l\u2019adoption des rapports d\u2019activit\u00e9s du comit\u00e9 ex\u00e9cutif de l\u2019UPA, du comit\u00e9 ex\u00e9cutif des femmes de l\u2019UPA, du rapport du comit\u00e9 de suivi des cotisations, du rapport de la Commission politique et de celui de la Commission \u00e9conomique et du d\u00e9veloppement durable, du programme d\u2019activit\u00e9s 2024 et du budget 2024 de l\u2019organisation. Il faut rappeler que plusieurs r\u00e9solutions dont celle relative \u00e0 la lev\u00e9e des sanctions contre le Niger et la d\u00e9claration sur Gaza ont \u00e9t\u00e9 propos\u00e9es par la d\u00e9l\u00e9gation du Mali et adopt\u00e9es par l\u2019UPA. La Conf\u00e9rence a \u00e9galement proc\u00e9d\u00e9 \u00e0 l\u2019\u00e9lection des nouveaux membres du comit\u00e9 ex\u00e9cutif,\u00a0 des membres du Bureau et des repr\u00e9sentants r\u00e9gionaux par r\u00e9gion d\u2019Afrique. Ainsi, l\u2019honorable Adama Bigtogo,\u00a0 pr\u00e9sident de l\u2019Assembl\u00e9e nationale de C\u00f4te d\u2019Ivoire a \u00e9t\u00e9 \u00e9lu \u00e0 l\u2019unanimit\u00e9 des membres \u00e0 la t\u00eate du comit\u00e9 ex\u00e9cutif de l\u2019UPA pour un mandat de 2 ans.\u00a0 Les autres postes du bureau sont occup\u00e9s par 3 vices pr\u00e9sidents issus de l\u2019Afrique australe,\u00a0 Afrique de l\u2019est, Afrique du Nord et le rapporteur de l\u2019Afrique centrale de fa\u00e7on rotative. Trois membres du CNT Mali font leur entr\u00e9e dans le nouveau comit\u00e9 ex\u00e9cutif de l\u2019UPA \u00e0 savoir l\u2019honorable Djikin\u00e9 Hatouma Gakou et \u00e9galement membre du comit\u00e9 des femmes,\u00a0 l\u2019honorable Alioune Gu\u00e9ye et l\u2019honorable Bouill\u00e9 Ciss\u00e9. Aussi, les nouveaux membres du comit\u00e9 ex\u00e9cutif issus de la r\u00e9gion de l\u2019Afrique de l\u2019Ouest ont \u00e9lu leur repr\u00e9sentant r\u00e9gional des Parlements nationaux \u00e0 l\u2019UPA en la personne de notre compatriote l\u2019honorable Alioune Gu\u00e8ye au titre du Mali \u00e0 l\u2019unanimit\u00e9 des pays pr\u00e9sents. La candidature du Mali a \u00e9t\u00e9 port\u00e9e par la C\u00f4te d\u2019Ivoire et soutenue par le Ghana. Les autres r\u00e9gions ont \u00e9lu leur repr\u00e9sentant r\u00e9gional \u00e0 l\u2019UPA.\u00a0 L\u2019\u00e9lection du Mali \u00e0 ce poste important, comme porte-voix des Assembl\u00e9es nationales de l\u2019UPA,\u00a0 est une victoire politique importante, strat\u00e9gique et diplomatique pour les autorit\u00e9s de la Transition et pour les pays de l\u2019Alliance des Etats du Sahel (AES) au moment o\u00f9 le Sahel amorce une relative stabilit\u00e9 s\u00e9curitaire l\u2019occupation de la ville strat\u00e9gique de Kidal par les Famas.\u00a0 Fort de ce constat, le chef de la d\u00e9l\u00e9gation du Mali l\u2019honorable Assarid Ag Imbarcaouane,\u00a0 a exprim\u00e9, au nom du pr\u00e9sident du CNT l\u2019honorable Malick Diaw, sa satisfaction et la reconnaissance du Mali \u00e0 toutes les d\u00e9l\u00e9gations parlementaires et aux pays membres de l\u2019UPA pour leur solidarit\u00e9 envers le\u00a0 peuple malien, victime de terrorisme.\u00a0 La Conf\u00e9rence a d\u00e9cid\u00e9 de la tenue de la 81e r\u00e9union du comit\u00e9 ex\u00e9cutif au Tchad en avril 2024<\/p>\n\n\n\n<p><strong>K. Th\u00e9ra<\/strong><\/p>\n","protected":false},"excerpt":{"rendered":"<p>Les rideaux sont tomb\u00e9s le vendredi 15 d\u00e9cembre 2023 sur les travaux de la 80e session du comit\u00e9 ex\u00e9cutif et de la 45e Conf\u00e9rence des pr\u00e9sidents d\u2019Assembl\u00e9es parlementaires nationales de&hellip;<\/p>\n","protected":false},"author":1,"featured_media":16257,"comment_status":"open","ping_status":"open","sticky":false,"template":"","format":"standard","meta":{"content-type":"","_lmt_disableupdate":"","_lmt_disable":"","_jetpack_memberships_contains_paid_content":false,"footnotes":"","jetpack_publicize_message":"","jetpack_publicize_feature_enabled":true,"jetpack_social_post_already_shared":true,"jetpack_social_options":{"image_generator_settings":{"template":"highway","default_image_id":0,"font":"","enabled":false},"version":2}},"categories":[19,23,92],"tags":[],"class_list":["post-16256","post","type-post","status-publish","format-standard","has-post-thumbnail","hentry","category-aujourdhui-mali","category-politique","category-slider"],"jetpack_publicize_connections":[],"featured_image_urls":{"full":["https:\/\/nandi.info\/wp-content\/uploads\/2023\/12\/Gueye-1.jpg",480,720,false],"thumbnail":["https:\/\/nandi.info\/wp-content\/uploads\/2023\/12\/Gueye-1-150x150.jpg",150,150,true],"medium":["https:\/\/nandi.info\/wp-content\/uploads\/2023\/12\/Gueye-1-200x300.jpg",200,300,true],"medium_large":["https:\/\/nandi.info\/wp-content\/uploads\/2023\/12\/Gueye-1.jpg",480,720,false],"large":["https:\/\/nandi.info\/wp-content\/uploads\/2023\/12\/Gueye-1.jpg",480,720,false],"1536x1536":["https:\/\/nandi.info\/wp-content\/uploads\/2023\/12\/Gueye-1.jpg",480,720,false],"2048x2048":["https:\/\/nandi.info\/wp-content\/uploads\/2023\/12\/Gueye-1.jpg",480,720,false],"penci-recipe-1200x1200":["https:\/\/nandi.info\/wp-content\/uploads\/2023\/12\/Gueye-1.jpg",480,720,false],"penci-recipe-1200x900":["https:\/\/nandi.info\/wp-content\/uploads\/2023\/12\/Gueye-1.jpg",480,720,false],"penci-recipe-1200x675":["https:\/\/nandi.info\/wp-content\/uploads\/2023\/12\/Gueye-1.jpg",450,675,false],"penci-single-full":["https:\/\/nandi.info\/wp-content\/uploads\/2023\/12\/Gueye-1.jpg",480,720,false],"penci-slider-full-thumb":["https:\/\/nandi.info\/wp-content\/uploads\/2023\/12\/Gueye-1.jpg",480,720,false],"penci-full-thumb":["https:\/\/nandi.info\/wp-content\/uploads\/2023\/12\/Gueye-1.jpg",480,720,false],"penci-slider-thumb":["https:\/\/nandi.info\/wp-content\/uploads\/2023\/12\/Gueye-1.jpg",442,663,false],"penci-magazine-slider":["https:\/\/nandi.info\/wp-content\/uploads\/2023\/12\/Gueye-1.jpg",344,516,false],"penci-thumb":["https:\/\/nandi.info\/wp-content\/uploads\/2023\/12\/Gueye-1.jpg",260,390,false],"penci-masonry-thumb":["https:\/\/nandi.info\/wp-content\/uploads\/2023\/12\/Gueye-1.jpg",480,720,false],"penci-thumb-square":["https:\/\/nandi.info\/wp-content\/uploads\/2023\/12\/Gueye-1.jpg",390,585,false],"penci-thumb-vertical":["https:\/\/nandi.info\/wp-content\/uploads\/2023\/12\/Gueye-1.jpg",433,650,false],"penci-thumb-small":["https:\/\/nandi.info\/wp-content\/uploads\/2023\/12\/Gueye-1.jpg",117,175,false]},"author_info":{"display_name":"Nandi","author_link":"https:\/\/nandi.info\/?author=1"},"category_info":"<a href=\"https:\/\/nandi.info\/?cat=19\" rel=\"category\">Aujourd\u2019hui Mali<\/a> <a href=\"https:\/\/nandi.info\/?cat=23\" rel=\"category\">Politique<\/a> <a href=\"https:\/\/nandi.info\/?cat=92\" rel=\"category\">Slider<\/a>","tag_info":"Slider","comment_count":"0","jetpack_featured_media_url":"https:\/\/nandi.info\/wp-content\/uploads\/2023\/12\/Gueye-1.jpg","jetpack_sharing_enabled":true,"_links":{"self":[{"href":"https:\/\/nandi.info\/index.php?rest_route=\/wp\/v2\/posts\/16256","targetHints":{"allow":["GET"]}}],"collection":[{"href":"https:\/\/nandi.info\/index.php?rest_route=\/wp\/v2\/posts"}],"about":[{"href":"https:\/\/nandi.info\/index.php?rest_route=\/wp\/v2\/types\/post"}],"author":[{"embeddable":true,"href":"https:\/\/nandi.info\/index.php?rest_route=\/wp\/v2\/users\/1"}],"replies":[{"embeddable":true,"href":"https:\/\/nandi.info\/index.php?rest_route=%2Fwp%2Fv2%2Fcomments&post=16256"}],"version-history":[{"count":2,"href":"https:\/\/nandi.info\/index.php?rest_route=\/wp\/v2\/posts\/16256\/revisions"}],"predecessor-version":[{"id":16259,"href":"https:\/\/nandi.info\/index.php?rest_route=\/wp\/v2\/posts\/16256\/revisions\/16259"}],"wp:featuredmedia":[{"embeddable":true,"href":"https:\/\/nandi.info\/index.php?rest_route=\/wp\/v2\/media\/16257"}],"wp:attachment":[{"href":"https:\/\/nandi.info\/index.php?rest_route=%2Fwp%2Fv2%2Fmedia&parent=16256"}],"wp:term":[{"taxonomy":"category","embeddable":true,"href":"https:\/\/nandi.info\/index.php?rest_route=%2Fwp%2Fv2%2Fcategories&post=16256"},{"taxonomy":"post_tag","embeddable":true,"href":"https:\/\/nandi.info\/index.php?rest_route=%2Fwp%2Fv2%2Ftags&post=16256"}],"curies":[{"name":"wp","href":"https:\/\/api.w.org\/{rel}","templated":true}]}}