{"id":16248,"date":"2023-12-20T23:55:20","date_gmt":"2023-12-20T22:55:20","guid":{"rendered":"https:\/\/nandi.info\/?p=16248"},"modified":"2023-12-20T23:55:23","modified_gmt":"2023-12-20T22:55:23","slug":"terrorisme-les-derniers-instants-diyad-ag-ghali-au-mali","status":"publish","type":"post","link":"https:\/\/nandi.info\/?p=16248","title":{"rendered":"Terrorisme\u00a0: Les derniers instants d\u2019Iyad Ag Ghali au Mali\u00a0?"},"content":{"rendered":"\n<p><strong>Dans une vid\u00e9o de propagande diffus\u00e9e le 12 d\u00e9cembre 2023, le leader du Groupe de soutien \u00e0 l\u2019Islam et aux musulmans (GSIM) s\u2019en prend violemment aux r\u00e9gimes de Transition du Sahel (Burkina Faso, Mali et Niger) et d\u00e9clare sans ambages qu\u2019il n\u2019y a pas de compromis possible pour ce qui est de faire du Mali un Etat islamique. La prise de Kidal, le 14 novembre dernier par les Forces arm\u00e9es maliennes a-t-il d\u00e9clench\u00e9 le compte \u00e0 rebours des derniers instants d\u2019Iyad Ag Ghali au Mali&nbsp;?<\/strong><\/p>\n\n\n\n<p class=\"has-drop-cap\">Le 12 d\u00e9cembre 2023, le chef du Groupe de soutien \u00e0 l\u2019islam et aux musulmans (GSIM\/JNIM, affili\u00e9e \u00e0 Al-Qa\u00efda) a mis fin \u00e0 plus de deux ans de silence dans une allocution de 22 minutes diffus\u00e9e par le m\u00e9dia de propagande de l\u2019organisation, \u00ab<em>AzZalaqa<\/em>\u00bb. Iyad Ag Ghali est apparu avec un nouveau costume, celui de d\u00e9fenseur des opprim\u00e9s face \u00e0 l&rsquo;\u00c9tat central. Il fustige ainsi les pouvoirs au Mali, au Burkina Faso et au Niger et leurs \u00ab<em>alli\u00e9s infid\u00e8les<\/em>\u00bb, la Russie et le groupe paramilitaire Wagner.<\/p>\n\n\n\n<p>Et, comble de l\u2019ironie, cet impitoyable criminel d\u00e9nonce le comportement des forces perp\u00e9tuant (selon lui) une \u00ab<em>boucherie monstrueuse<\/em>\u00bb \u00e0 l\u2019\u00e9gard des populations. \u00ab<em>L\u2019affrontement est entr\u00e9 dans une nouvelle phase<\/em>\u00bb, a pr\u00e9cis\u00e9 Iyad en appelant les combattants de la r\u00e9gion \u00e0 le rejoindre pour faire face \u00e0 ce nouveau d\u00e9fi. Tout comme il appelle les musulmans des trois pays (Mali, Burkina et Niger) \u00e0 se joindre \u00e0 sa folie meurtri\u00e8re. Mais de quels musulmans \u00e9voque-t-il, est-on tent\u00e9 de se demander.<\/p>\n\n\n\n<p>Et cela d\u2019autant plus que le GSIM, aux abois avec la mont\u00e9e en puissance des Forces arm\u00e9es malienne (FAMa), ne cesse de s\u2019en prendre aux cibles civiles sans distinction de confession religieuses. Sait-il combien de musulmans figurent parmi les centaines de morts et de bless\u00e9s de l\u2019attaque du bateau \u00ab<em>Tombouctou<\/em>\u00bb le 5 d\u00e9cembre 2023&nbsp;? Certes, il a d\u00e9clin\u00e9 toute responsabilit\u00e9 dans cette attaque odieuse, mais il&nbsp; est clair que ses alli\u00e9s de la Coordination des mouvements de l\u2019Azawad (CMA) ne sont pas \u00e9trangers \u00e0 cet abominable crime.<\/p>\n\n\n\n<p>Combien de musulmans ont \u00e9t\u00e9 spoli\u00e9s de leur b\u00e9tail (le plus souvent leur unique source de revenu) et contraints de se r\u00e9fugier dans des villes comme M\u00e9naka par les \u00e9l\u00e9ments du GSIM&nbsp;? Combien de musulmans souffrent le martyr \u00e0 cause des blocus impos\u00e9s \u00e0 la ville de Tombouctou par ce groupe terroriste&nbsp;? Quels sont les musulmans alors sollicit\u00e9s par Iyad pour l\u2019aider \u00e0 vaincre les r\u00e9gimes de Transition du Sahel&nbsp;?&nbsp; L\u2019\u00e9mir du crime organis\u00e9 au Sahel a sans doute sa propre d\u00e9finition du nom \u00ab<em>musulman<\/em>\u00bb. Dans sa vid\u00e9o de propagande, le leader du GSIM d\u00e9clare sans ambages qu\u2019il n\u2019y a pas de compromis possible pour ce qui est de faire du Mali un Etat islamique. Ainsi, Iyad Ag Ghali ferme la porte au dialogue pr\u00f4n\u00e9 par les diff\u00e9rents fora organis\u00e9s dans notre pays sur la vie et l\u2019avenir de la nation.<\/p>\n\n\n\n<p>M\u00eame si la Conf\u00e9rence d\u2019entente nationale (CEN du 27 mars au 2 avril 2017), le Dialogue national inclusif (DNI, du 14 au 22 d\u00e9cembre 2019) et les Assises nationales de la Refondation (ANR, du 27 au 30&nbsp;d\u00e9cembre 2021) ont pr\u00e9conis\u00e9 la n\u00e9gociation avec Amadou Koufa et Iyad Ag Ghali pour \u00ab<em>ramener la paix au Mali<\/em>\u00bb. Mais, les participants ont \u00e9galement r\u00e9affirm\u00e9 le maintien de la forme de l\u2019Etat unitaire, r\u00e9publicain, d\u00e9centralis\u00e9, la\u00efc, d\u00e9mocratique et social. Autant dire qu\u2019il n\u2019y a peu de chance d\u2019amener Iyad \u00e0 la raison par le dialogue.<\/p>\n\n\n\n<p>Il est clair que, comme l\u2019ont mentionn\u00e9 de nombreux analystes, \u00ab<em>le chef du JNIM cherche \u00e0 exploiter les dynamiques changeantes, les m\u00e9contentements et les r\u00e9alignements g\u00e9opolitiques dans le Sahel<\/em>\u00bb. A moins qu\u2019il ne cherche \u00e0 mettre la barre tr\u00e8s haut dans la perspective d\u2019un hypoth\u00e9tique dialogue. Selon certains analystes, le chef du JNIM cherche \u00e0 exploiter les dynamiques changeantes, les m\u00e9contentements et les r\u00e9alignements g\u00e9opolitiques dans le Sahel.<\/p>\n\n\n\n<p>Et, enfin, le timing de cette r\u00e9apparition d\u2019Iyad Ag Ghali ne doit rien au hasard. Elle lui a \u00e9t\u00e9 impos\u00e9e par l\u2019\u00e9volution de la situation s\u00e9curitaire en sa d\u00e9faveur dans le nord du pays. En effet, sa sortie intervient presqu\u2019un mois apr\u00e8s la reprise par l\u2019arm\u00e9e de Kidal (14 novembre 2023), le bastion de ses alli\u00e9s du Cadre strat\u00e9gique permanent pour la paix, la s\u00e9curit\u00e9 et le d\u00e9veloppement (CSP-PSD)&#8230; Et comme un malheur ne vient pas seul, les autorit\u00e9s de la Transition viennent de confier la gouvernance de cette r\u00e9gion (qui lui est si ch\u00e8re) \u00e0 son grand rival&nbsp;: G\u00e9n\u00e9ral de Division Alhaji Ag Gamou&nbsp;! Une double d\u00e9faite qu\u2019Iyad et ses alli\u00e9s mettront du temps \u00e0 dig\u00e9rer&nbsp;!<\/p>\n\n\n\n<p><strong>Kader To\u00e9<\/strong><\/p>\n","protected":false},"excerpt":{"rendered":"<p>Dans une vid\u00e9o de propagande diffus\u00e9e le 12 d\u00e9cembre 2023, le leader du Groupe de soutien \u00e0 l\u2019Islam et aux musulmans (GSIM) s\u2019en prend violemment aux r\u00e9gimes de Transition du&hellip;<\/p>\n","protected":false},"author":1,"featured_media":16231,"comment_status":"open","ping_status":"open","sticky":false,"template":"","format":"standard","meta":{"content-type":"","_lmt_disableupdate":"","_lmt_disable":"","_jetpack_memberships_contains_paid_content":false,"footnotes":"","jetpack_publicize_message":"","jetpack_publicize_feature_enabled":true,"jetpack_social_post_already_shared":true,"jetpack_social_options":{"image_generator_settings":{"template":"highway","default_image_id":0,"font":"","enabled":false},"version":2}},"categories":[49,53,92],"tags":[],"class_list":["post-16248","post","type-post","status-publish","format-standard","has-post-thumbnail","hentry","category-insecurite","category-le-matin","category-slider"],"jetpack_publicize_connections":[],"featured_image_urls":{"full":["https:\/\/nandi.info\/wp-content\/uploads\/2023\/12\/Iyad-Ag-Ghali.jpg",1440,960,false],"thumbnail":["https:\/\/nandi.info\/wp-content\/uploads\/2023\/12\/Iyad-Ag-Ghali-150x150.jpg",150,150,true],"medium":["https:\/\/nandi.info\/wp-content\/uploads\/2023\/12\/Iyad-Ag-Ghali-300x200.jpg",300,200,true],"medium_large":["https:\/\/nandi.info\/wp-content\/uploads\/2023\/12\/Iyad-Ag-Ghali-768x512.jpg",768,512,true],"large":["https:\/\/nandi.info\/wp-content\/uploads\/2023\/12\/Iyad-Ag-Ghali-1024x683.jpg",1024,683,true],"1536x1536":["https:\/\/nandi.info\/wp-content\/uploads\/2023\/12\/Iyad-Ag-Ghali.jpg",1440,960,false],"2048x2048":["https:\/\/nandi.info\/wp-content\/uploads\/2023\/12\/Iyad-Ag-Ghali.jpg",1440,960,false],"penci-recipe-1200x1200":["https:\/\/nandi.info\/wp-content\/uploads\/2023\/12\/Iyad-Ag-Ghali.jpg",1200,800,false],"penci-recipe-1200x900":["https:\/\/nandi.info\/wp-content\/uploads\/2023\/12\/Iyad-Ag-Ghali.jpg",1200,800,false],"penci-recipe-1200x675":["https:\/\/nandi.info\/wp-content\/uploads\/2023\/12\/Iyad-Ag-Ghali.jpg",1013,675,false],"penci-single-full":["https:\/\/nandi.info\/wp-content\/uploads\/2023\/12\/Iyad-Ag-Ghali.jpg",1440,960,false],"penci-slider-full-thumb":["https:\/\/nandi.info\/wp-content\/uploads\/2023\/12\/Iyad-Ag-Ghali.jpg",1200,800,false],"penci-full-thumb":["https:\/\/nandi.info\/wp-content\/uploads\/2023\/12\/Iyad-Ag-Ghali.jpg",1170,780,false],"penci-slider-thumb":["https:\/\/nandi.info\/wp-content\/uploads\/2023\/12\/Iyad-Ag-Ghali.jpg",995,663,false],"penci-magazine-slider":["https:\/\/nandi.info\/wp-content\/uploads\/2023\/12\/Iyad-Ag-Ghali.jpg",774,516,false],"penci-thumb":["https:\/\/nandi.info\/wp-content\/uploads\/2023\/12\/Iyad-Ag-Ghali.jpg",585,390,false],"penci-masonry-thumb":["https:\/\/nandi.info\/wp-content\/uploads\/2023\/12\/Iyad-Ag-Ghali.jpg",585,390,false],"penci-thumb-square":["https:\/\/nandi.info\/wp-content\/uploads\/2023\/12\/Iyad-Ag-Ghali.jpg",585,390,false],"penci-thumb-vertical":["https:\/\/nandi.info\/wp-content\/uploads\/2023\/12\/Iyad-Ag-Ghali.jpg",480,320,false],"penci-thumb-small":["https:\/\/nandi.info\/wp-content\/uploads\/2023\/12\/Iyad-Ag-Ghali.jpg",263,175,false]},"author_info":{"display_name":"Nandi","author_link":"https:\/\/nandi.info\/?author=1"},"category_info":"<a href=\"https:\/\/nandi.info\/?cat=49\" rel=\"category\">Ins\u00e9curit\u00e9<\/a> <a href=\"https:\/\/nandi.info\/?cat=53\" rel=\"category\">Le Matin<\/a> <a href=\"https:\/\/nandi.info\/?cat=92\" rel=\"category\">Slider<\/a>","tag_info":"Slider","comment_count":"0","jetpack_featured_media_url":"https:\/\/nandi.info\/wp-content\/uploads\/2023\/12\/Iyad-Ag-Ghali.jpg","jetpack_sharing_enabled":true,"_links":{"self":[{"href":"https:\/\/nandi.info\/index.php?rest_route=\/wp\/v2\/posts\/16248","targetHints":{"allow":["GET"]}}],"collection":[{"href":"https:\/\/nandi.info\/index.php?rest_route=\/wp\/v2\/posts"}],"about":[{"href":"https:\/\/nandi.info\/index.php?rest_route=\/wp\/v2\/types\/post"}],"author":[{"embeddable":true,"href":"https:\/\/nandi.info\/index.php?rest_route=\/wp\/v2\/users\/1"}],"replies":[{"embeddable":true,"href":"https:\/\/nandi.info\/index.php?rest_route=%2Fwp%2Fv2%2Fcomments&post=16248"}],"version-history":[{"count":1,"href":"https:\/\/nandi.info\/index.php?rest_route=\/wp\/v2\/posts\/16248\/revisions"}],"predecessor-version":[{"id":16249,"href":"https:\/\/nandi.info\/index.php?rest_route=\/wp\/v2\/posts\/16248\/revisions\/16249"}],"wp:featuredmedia":[{"embeddable":true,"href":"https:\/\/nandi.info\/index.php?rest_route=\/wp\/v2\/media\/16231"}],"wp:attachment":[{"href":"https:\/\/nandi.info\/index.php?rest_route=%2Fwp%2Fv2%2Fmedia&parent=16248"}],"wp:term":[{"taxonomy":"category","embeddable":true,"href":"https:\/\/nandi.info\/index.php?rest_route=%2Fwp%2Fv2%2Fcategories&post=16248"},{"taxonomy":"post_tag","embeddable":true,"href":"https:\/\/nandi.info\/index.php?rest_route=%2Fwp%2Fv2%2Ftags&post=16248"}],"curies":[{"name":"wp","href":"https:\/\/api.w.org\/{rel}","templated":true}]}}