{"id":16216,"date":"2023-12-20T22:43:05","date_gmt":"2023-12-20T21:43:05","guid":{"rendered":"https:\/\/nandi.info\/?p=16216"},"modified":"2023-12-20T22:43:09","modified_gmt":"2023-12-20T21:43:09","slug":"panels-de-haut-niveau-sur-migrances-2023-des-fortes-recommandations-attendues-daminata-dramane-traore-et-ses-soutiens-sur-la-migration-dans-le-sahel","status":"publish","type":"post","link":"https:\/\/nandi.info\/?p=16216","title":{"rendered":"Panels de haut niveau sur \u00ab Migrances 2023 \u00bb : des fortes recommandations attendues d\u2019Aminata Dramane Traor\u00e9 et ses soutiens sur la migration dans le Sahel"},"content":{"rendered":"\n<p><strong>Du 15 au 18 d\u00e9cembre dernier, des panels de haut niveau ont \u00e9t\u00e9 anim\u00e9s par les d\u00e9fenseurs maliens des droits des migrants, et les experts \u00e9trangers sur la probl\u00e9matique de la migration dans les pays du Sahel. Avec comme th\u00e8me : \u00ab Demain le Sahel et les sah\u00e9lien-ne-s ; pourquoi partent-ils elles ? \u00bb, la rencontre a \u00e9t\u00e9 organis\u00e9e par l\u2019ex-ministre Aminata Dramane Traor\u00e9 au centre Amadou Hamp\u00e2t\u00e9 Ba sis \u00e0 Missira, en commune II de Bamako.<\/strong><\/p>\n\n\n\n<p class=\"has-drop-cap\">Les travaux d\u2019ouverture de l\u2019\u00e9dition 2023 de \u00ab Migrances \u00bb ont eu lieu sous la houlette de Mossa Ag Attaher, actuel ministre des Maliens \u00e9tablis \u00e0 l\u2019Ext\u00e9rieur et de l\u2019Int\u00e9gration africaine. C\u2019\u00e9tait sous la pr\u00e9sence d\u2019Aminata Dramane Traor\u00e9, initiatrice de \u00ab Migrances \u00bb, essayiste, non moins ancienne ministre du Mali, en compagnie d\u2019Ousmane Issoufi Ma\u00efga, ancien premier ministre ; Ch\u00e9rif Salif Sy, \u00e9conomiste, ancien ministre du S\u00e9n\u00e9gal et plusieurs autres personnalit\u00e9s et acteurs venus du Burkina, de la France\u2026 Au Mali, comme dans plusieurs pays africains, beaucoup de jeunes demeurent malheureusement touch\u00e9s par le ch\u00f4mage. Par cons\u00e9quent, dit-on, ils sont de plus en plus nombreux \u00e0 quitter leur pays en se dirigeant vers d\u2019autres pays ou continents, afin de chercher le \u00ab bonheur \u00bb. Mais la complexit\u00e9 du ph\u00e9nom\u00e8ne fait que ces m\u00eames personnes sont soumises \u00e0 toutes sortes de traitements. Certains sont simplement arr\u00eat\u00e9s, emprisonn\u00e9s puis chass\u00e9s du territoire d\u2019autrui. D\u2019autres meurent dans la mer, voire dans l\u2019oc\u00e9an en tentant de joindre un autre continent. Pour Mme Aminata Dramane Traor\u00e9, initiatrice de \u00ab Migrances \u00bb, la situation \u00e0 laquelle sont confront\u00e9s les migrants africains n\u2019honore ni l\u2019Afrique, ni les Europ\u00e9ens ou d\u2019autres Peuples du monde. R\u00e9solument engag\u00e9e pour la d\u00e9fense des droits des migrants, la directrice du centre Amadou Hamp\u00e2t\u00e9 Ba estime que \u00ab la stigmatisation et l\u2019ostracisation du Mali et des Maliens nous obligent, parce que l\u2019horreur est \u00e0 son comble. Le probl\u00e8me migratoire a atteint, selon elle, une dimension \u00e0 laquelle on ne s\u2019attendait pas \u00bb. De nos jours, dira l\u2019ex-ministre, la question des migrants est devenue une crise politique et institutionnelle en France ainsi qu\u2019\u00e0 l\u2019int\u00e9rieur de chaque pays europ\u00e9en. Pr\u00e9cisant que l\u2019\u00e9dition 2023 de \u00ab Migrances \u00bb se tient dans un contexte particulier, l\u2019ancienne ministre du Mali annonce que des gens sont, de nos jours, divis\u00e9s sur la question migratoire. \u00ab Une partie des Europ\u00e9ens estime qu\u2019il faudra chasser les migrants parce qu\u2019ils sont source des troubles, de la pauvret\u00e9 et m\u00eame des maladies. Une autre partie estime que ce sont des humains et qu\u2019il faudra les laisser \u00bb. En Allemagne, en France et partout dans le monde, se r\u00e9jouit-elle, des voix se l\u00e8vent pour dire que les migrants ont le droit de se d\u00e9placer et de voyager librement o\u00f9 ils veulent. \u00ab C\u2019est ce discours que nous avons, nous-m\u00eames, tenu. Mais la machine de la r\u00e9pression est une machine de guerre parce que politique \u00bb. Et d\u2019\u00eatre encore plus succincte : \u00ab Cette situation n\u2019honore ni l\u2019Europe ni l\u2019Afrique. Mais nous Africains, dans ce contexte, nous revendiquons notre souverainet\u00e9 parce que nous avons aussi le devoir de sauver le Mali, le Sahel et pourquoi pas l\u2019Afrique tout entier \u00bb. A l\u2019issue des diff\u00e9rents panels sur les diff\u00e9rentes th\u00e9matiques, des fortes recommandations sont \u00e0 produire par les participants venus de l\u2019Europe, de l\u2019Am\u00e9rique et d\u2019autres pays d\u2019Afrique sur la d\u00e9fense des droits des migrants, va-t-elle conclure.<\/p>\n\n\n\n<p><strong>Des milliers de personnes seront encore touch\u00e9es<\/strong><\/p>\n\n\n\n<p>Pour le ministre des Maliens \u00e9tablis \u00e0 l\u2019ext\u00e9rieur, la th\u00e9matique de cette ann\u00e9e met le focus sur la responsabilit\u00e9 de tout un chacun sur le futur du Sahel. Elle permet d\u2019exposer les d\u00e9fis multiformes notamment l\u2019instabilit\u00e9 politique, le terrorisme, les effets n\u00e9fastes des changements climatiques\u2026 \u00ab Dans un rapport publi\u00e9 en septembre 2021, la Banque mondiale avait signal\u00e9 que les changements climatiques constituent un facteur de migration de plus en plus inqui\u00e9tant qui pourrait contraindre, d\u2019ici \u00e0 2050, quelque 216 millions de personnes dans le monde en d\u00e9veloppement \u00e0 migrer \u00bb, indique-t-on dans son discours. Aussi, ajoute le ministre Mossa Ag, des foyers de migration climatique interne pourraient appara\u00eetre d\u00e8s 2030 et s\u2019accro\u00eetre progressivement jusqu\u2019en 2050. Le contexte actuel de la migration est caract\u00e9ris\u00e9 par le durcissement des politiques migratoires qui, annonce-t-il, accentuent la vuln\u00e9rabilit\u00e9 des migrants. L\u2019espace sah\u00e9lien est donc confront\u00e9 \u00e0 ces d\u00e9fis multiples depuis plusieurs d\u00e9cennies, d\u00e9plore le ministre. Des m\u00eames pr\u00e9cisions qui ont \u00e9t\u00e9 donn\u00e9es par l\u2019ex-premier ministre Ousmane Issoufi Ma\u00efga et d\u2019autres intervenants nationaux et \u00e9trangers.<\/p>\n\n\n\n<p><strong>Mamadou Diarra<\/strong><\/p>\n","protected":false},"excerpt":{"rendered":"<p>Du 15 au 18 d\u00e9cembre dernier, des panels de haut niveau ont \u00e9t\u00e9 anim\u00e9s par les d\u00e9fenseurs maliens des droits des migrants, et les experts \u00e9trangers sur la probl\u00e9matique de&hellip;<\/p>\n","protected":false},"author":1,"featured_media":16219,"comment_status":"open","ping_status":"open","sticky":false,"template":"","format":"standard","meta":{"content-type":"","_lmt_disableupdate":"","_lmt_disable":"","_jetpack_memberships_contains_paid_content":false,"footnotes":"","jetpack_publicize_message":"","jetpack_publicize_feature_enabled":true,"jetpack_social_post_already_shared":true,"jetpack_social_options":{"image_generator_settings":{"template":"highway","default_image_id":0,"font":"","enabled":false},"version":2}},"categories":[71,21],"tags":[],"class_list":["post-16216","post","type-post","status-publish","format-standard","has-post-thumbnail","hentry","category-le-pays","category-societe"],"jetpack_publicize_connections":[],"featured_image_urls":{"full":["https:\/\/nandi.info\/wp-content\/uploads\/2023\/12\/Panel-de-haut-niveau-800x445-1.jpg",800,445,false],"thumbnail":["https:\/\/nandi.info\/wp-content\/uploads\/2023\/12\/Panel-de-haut-niveau-800x445-1-150x150.jpg",150,150,true],"medium":["https:\/\/nandi.info\/wp-content\/uploads\/2023\/12\/Panel-de-haut-niveau-800x445-1-300x167.jpg",300,167,true],"medium_large":["https:\/\/nandi.info\/wp-content\/uploads\/2023\/12\/Panel-de-haut-niveau-800x445-1-768x427.jpg",768,427,true],"large":["https:\/\/nandi.info\/wp-content\/uploads\/2023\/12\/Panel-de-haut-niveau-800x445-1.jpg",800,445,false],"1536x1536":["https:\/\/nandi.info\/wp-content\/uploads\/2023\/12\/Panel-de-haut-niveau-800x445-1.jpg",800,445,false],"2048x2048":["https:\/\/nandi.info\/wp-content\/uploads\/2023\/12\/Panel-de-haut-niveau-800x445-1.jpg",800,445,false],"penci-recipe-1200x1200":["https:\/\/nandi.info\/wp-content\/uploads\/2023\/12\/Panel-de-haut-niveau-800x445-1.jpg",800,445,false],"penci-recipe-1200x900":["https:\/\/nandi.info\/wp-content\/uploads\/2023\/12\/Panel-de-haut-niveau-800x445-1.jpg",800,445,false],"penci-recipe-1200x675":["https:\/\/nandi.info\/wp-content\/uploads\/2023\/12\/Panel-de-haut-niveau-800x445-1.jpg",800,445,false],"penci-single-full":["https:\/\/nandi.info\/wp-content\/uploads\/2023\/12\/Panel-de-haut-niveau-800x445-1.jpg",800,445,false],"penci-slider-full-thumb":["https:\/\/nandi.info\/wp-content\/uploads\/2023\/12\/Panel-de-haut-niveau-800x445-1.jpg",800,445,false],"penci-full-thumb":["https:\/\/nandi.info\/wp-content\/uploads\/2023\/12\/Panel-de-haut-niveau-800x445-1.jpg",800,445,false],"penci-slider-thumb":["https:\/\/nandi.info\/wp-content\/uploads\/2023\/12\/Panel-de-haut-niveau-800x445-1.jpg",800,445,false],"penci-magazine-slider":["https:\/\/nandi.info\/wp-content\/uploads\/2023\/12\/Panel-de-haut-niveau-800x445-1.jpg",780,434,false],"penci-thumb":["https:\/\/nandi.info\/wp-content\/uploads\/2023\/12\/Panel-de-haut-niveau-800x445-1.jpg",585,325,false],"penci-masonry-thumb":["https:\/\/nandi.info\/wp-content\/uploads\/2023\/12\/Panel-de-haut-niveau-800x445-1.jpg",585,325,false],"penci-thumb-square":["https:\/\/nandi.info\/wp-content\/uploads\/2023\/12\/Panel-de-haut-niveau-800x445-1.jpg",585,325,false],"penci-thumb-vertical":["https:\/\/nandi.info\/wp-content\/uploads\/2023\/12\/Panel-de-haut-niveau-800x445-1.jpg",480,267,false],"penci-thumb-small":["https:\/\/nandi.info\/wp-content\/uploads\/2023\/12\/Panel-de-haut-niveau-800x445-1.jpg",263,146,false]},"author_info":{"display_name":"Nandi","author_link":"https:\/\/nandi.info\/?author=1"},"category_info":"<a href=\"https:\/\/nandi.info\/?cat=71\" rel=\"category\">Le Pays<\/a> <a href=\"https:\/\/nandi.info\/?cat=21\" rel=\"category\">Soci\u00e9t\u00e9<\/a>","tag_info":"Soci\u00e9t\u00e9","comment_count":"0","jetpack_featured_media_url":"https:\/\/nandi.info\/wp-content\/uploads\/2023\/12\/Panel-de-haut-niveau-800x445-1.jpg","jetpack_sharing_enabled":true,"_links":{"self":[{"href":"https:\/\/nandi.info\/index.php?rest_route=\/wp\/v2\/posts\/16216","targetHints":{"allow":["GET"]}}],"collection":[{"href":"https:\/\/nandi.info\/index.php?rest_route=\/wp\/v2\/posts"}],"about":[{"href":"https:\/\/nandi.info\/index.php?rest_route=\/wp\/v2\/types\/post"}],"author":[{"embeddable":true,"href":"https:\/\/nandi.info\/index.php?rest_route=\/wp\/v2\/users\/1"}],"replies":[{"embeddable":true,"href":"https:\/\/nandi.info\/index.php?rest_route=%2Fwp%2Fv2%2Fcomments&post=16216"}],"version-history":[{"count":1,"href":"https:\/\/nandi.info\/index.php?rest_route=\/wp\/v2\/posts\/16216\/revisions"}],"predecessor-version":[{"id":16220,"href":"https:\/\/nandi.info\/index.php?rest_route=\/wp\/v2\/posts\/16216\/revisions\/16220"}],"wp:featuredmedia":[{"embeddable":true,"href":"https:\/\/nandi.info\/index.php?rest_route=\/wp\/v2\/media\/16219"}],"wp:attachment":[{"href":"https:\/\/nandi.info\/index.php?rest_route=%2Fwp%2Fv2%2Fmedia&parent=16216"}],"wp:term":[{"taxonomy":"category","embeddable":true,"href":"https:\/\/nandi.info\/index.php?rest_route=%2Fwp%2Fv2%2Fcategories&post=16216"},{"taxonomy":"post_tag","embeddable":true,"href":"https:\/\/nandi.info\/index.php?rest_route=%2Fwp%2Fv2%2Ftags&post=16216"}],"curies":[{"name":"wp","href":"https:\/\/api.w.org\/{rel}","templated":true}]}}