{"id":16214,"date":"2023-12-20T22:52:06","date_gmt":"2023-12-20T21:52:06","guid":{"rendered":"https:\/\/nandi.info\/?p=16214"},"modified":"2023-12-20T22:52:08","modified_gmt":"2023-12-20T21:52:08","slug":"animation-permanente-de-larene-politique-un-pari-ose-que-les-fare-sont-en-train-de-relever-par-un-parfait-quadrillage-du-pays","status":"publish","type":"post","link":"https:\/\/nandi.info\/?p=16214","title":{"rendered":"Animation permanente de l\u2019ar\u00e8ne politique\u00a0: Un pari os\u00e9 que les Fare sont en train de relever par un parfait quadrillage du pays"},"content":{"rendered":"\n<p><strong>Rester en contact avec les Maliens m\u00eame en dehors des p\u00e9riodes \u00e9lectorales&nbsp;! Cela est un pari aujourd\u2019hui tr\u00e8s os\u00e9 pour nos partis politiques, surtout qu\u2019ils sont priv\u00e9s de la manne financi\u00e8re qu\u2019est l\u2019aide publique. Le parti des Forces alternatives pour le renouveau et l\u2019\u00e9mergence (FARE-ANKA WULI) est l\u2019une des rares formations politiques qui y parviennent pour le moment. C\u2019est la preuve de l\u2019engagement de son leader, Modibo Sidib\u00e9 (r\u00e9\u00e9lu \u00e0 la t\u00eate du parti en janvier 2022 pour un nouveau mandat de 4 ans). Une d\u00e9termination qui r\u00e9sulte incontestablement de la croyance \u00e0 un id\u00e9al politique, l&rsquo;existence d&rsquo;une vision qui inspire tous les actes et les d\u00e9cisions politiques. Chez les FARE, cette vision a \u00e9t\u00e9 baptis\u00e9e \u00abMali horizon 2030\u00bb&nbsp;!<\/strong><\/p>\n\n\n\n<p>\u00ab<em>Mali horizon 2030<\/em>\u00bb&nbsp;! C\u2019est une vision et 76 engagements pour b\u00e2tir \u00ab<em>un Etat fort et strat\u00e8ge, une \u00e9conomie solide et comp\u00e9titive ainsi qu\u2019une nation solidaire et responsable<\/em>\u00bb. Ce d\u00e9fi est donc au c\u0153ur de l\u2019ambition de Modibo Sidib\u00e9 pour le Mali. \u00ab<em>Ma conviction est que notre pays est bien plac\u00e9 pour, une fois de plus, apporter la richesse de son exp\u00e9rience historique<\/em> (crises comprises) <em>\u00e0 cette nouvelle \u00e9tape de l\u2019\u00e9mancipation africaine<\/em>\u00bb, souligne-t-il dans ce document.<\/p>\n\n\n\n<p>Du village de Nientasso (r\u00e9gion Kita) \u00e0 Mopti en passant par S\u00e9gou (o\u00f9 lui a \u00e9t\u00e9 d\u00e9cern\u00e9 le Prix Ciwara le 9 octobre 2023 pour sa contribution \u00e0 la promotion et au d\u00e9veloppement de l\u2019artisanat au Mali) Bafoulab\u00e9, Mahina\u2026 Le pr\u00e9sident des Forces alternatives pour le renouveau et l\u2019\u00e9mergence (FARE-ANKA WULI) a sillonn\u00e9 le pays cette ann\u00e9e pour partager cette vision avec les Maliens \u00e0 la base, recueillir leurs opinions, leurs pr\u00e9occupations, leurs suggestions et propositions. Et dans toutes les localit\u00e9s (hameaux, villages et centres urbains), Modibo Sidib\u00e9 est all\u00e9 \u00e0 la rencontre des populations locales jusque sur leurs lieux de travail afin de mieux s\u2019impr\u00e9gner de leurs difficult\u00e9s au quotidien, leurs aspirations\u2026 Sans compter les visites de courtoisie aux autorit\u00e9s traditionnelles, religieuses, administratives et aux notabilit\u00e9s.<\/p>\n\n\n\n<p>Le moment phare de ces visites de terrain est sans doute la rencontre citoyenne avec toutes les forces vives locales. Une initiative qui occupe une place de choix dans sa vision baptis\u00e9e \u00ab<em>Mali horizon 2030<\/em>\u00bb et qui justifie son ambition pour le Mali. \u00ab<em>Il est temps maintenant, face aux multiples p\u00e9rils qu\u2019il y a en la demeure malienne, que notre peuple puisse se r\u00e9unir pour parler, de la base au sommet, afin de revisiter nos institutions et nos pratiques d\u00e9mocratiques et proposer des r\u00e9ponses endog\u00e8nes aux maux dont souffre le pays<\/em>\u00bb, explique-t-il dans le document. Et de poursuivre, \u00ab<em>il est temps d\u2019envisager ensemble, dans la s\u00e9r\u00e9nit\u00e9 et dans le respect des principes r\u00e9publicains, une nouvelle l\u00e9gitimation de l\u2019\u00c9tat qui s\u2019inscrirait dans le cadre d\u2019une vision partag\u00e9e du Mali de demain<\/em>\u00bb. Autrement, les Fare sont conscientes que tout pouvoir digne de&nbsp;ce nom doit tirer d\u2019abord sa l\u00e9gitimit\u00e9 de l\u2019adh\u00e9sion des populations \u00e0 sa vision.<\/p>\n\n\n\n<p>En dehors de cette pr\u00e9sence r\u00e9guli\u00e8re sur le terrain politique, en dehors de la capitale et des campagnes \u00e9lectorales, les Fare sont aussi omnipr\u00e9sentes dans le d\u00e9bat politique sur la vie de la nation. Elles ne se privent pas de prendre position en fonction de convictions profondes. Et contrairement \u00e0 de nombreux partis qui brillent ces derniers mois par la politique de la&nbsp; chaise vide aux grandes rencontres sur l\u2019avenir de la nation, les Fare ont opt\u00e9&nbsp;de toujours occuper la leur (chaise) pr\u00e9f\u00e9rant ainsi venir dire en face de tous ce qu\u2019elles pensent des questions d\u00e9battues.<\/p>\n\n\n\n<p>Ce fut le cas par exemple le 26 juillet 2022 au CICB pour r\u00e9pondre \u00e0 l&rsquo;invitation du pr\u00e9sident du Comit\u00e9 d&rsquo;experts mis en place par le pr\u00e9sident de la Transition pour la r\u00e9daction d&rsquo;une nouvelle constitution. \u00ab<em>A travers ce geste r\u00e9publicain et de courtoisie, le parti esp\u00e9rait avoir des r\u00e9ponses \u00e0 des questions pr\u00e9cises en lien avec la d\u00e9marche de r\u00e9daction d&rsquo;une nouvelle constitution\u2026<\/em>\u00bb, avait pr\u00e9cis\u00e9 le parti dans un communiqu\u00e9 publi\u00e9 (10 janvier 2023) apr\u00e8s cette rencontre. Et au finish, les Fare avaient demand\u00e9 l\u2019abandon de ce projet de nouvelle constitution en&nbsp;souhaitant la reprise de l&rsquo;initiative afin de cr\u00e9er \u00ab<em>les conditions d&rsquo;inclusivit\u00e9 autour des forces politiques et sociales pour une refondation r\u00e9elle du Mali en crise<\/em>\u00bb.&nbsp;<\/p>\n\n\n\n<p>Au sein des Fare, avoir le courage de ses convictions est un principe sacr\u00e9. \u00ab<em>Nous avan\u00e7ons nos id\u00e9es, nos propositions, notre fa\u00e7on de voir l&rsquo;avenir de ce pays, sans jamais r\u00e9pondre aux attaques. Nous ne sommes pas dans la d\u00e9lation, la calomnie, les d\u00e9nigrements, les insultes, les injures, les grossi\u00e8ret\u00e9s<\/em>\u00bb, revendique l\u2019un de ses responsables. Comme quoi, dans la chapelle politique de Modibo Sidib\u00e9, on ne manque pas de valeurs pour se distinguer des autres partis&nbsp;!<\/p>\n\n\n\n<p><strong>Naby<\/strong><\/p>\n","protected":false},"excerpt":{"rendered":"<p>Rester en contact avec les Maliens m\u00eame en dehors des p\u00e9riodes \u00e9lectorales&nbsp;! Cela est un pari aujourd\u2019hui tr\u00e8s os\u00e9 pour nos partis politiques, surtout qu\u2019ils sont priv\u00e9s de la manne&hellip;<\/p>\n","protected":false},"author":1,"featured_media":16222,"comment_status":"open","ping_status":"open","sticky":false,"template":"","format":"standard","meta":{"content-type":"","_lmt_disableupdate":"","_lmt_disable":"","_jetpack_memberships_contains_paid_content":false,"footnotes":"","jetpack_publicize_message":"","jetpack_publicize_feature_enabled":true,"jetpack_social_post_already_shared":true,"jetpack_social_options":{"image_generator_settings":{"template":"highway","default_image_id":0,"font":"","enabled":false},"version":2}},"categories":[53,23],"tags":[],"class_list":["post-16214","post","type-post","status-publish","format-standard","has-post-thumbnail","hentry","category-le-matin","category-politique"],"jetpack_publicize_connections":[],"featured_image_urls":{"full":["https:\/\/nandi.info\/wp-content\/uploads\/2023\/12\/Modibo-Sidibe-president-des-FARE-An-Ka-Wuli.jpg",1440,1450,false],"thumbnail":["https:\/\/nandi.info\/wp-content\/uploads\/2023\/12\/Modibo-Sidibe-president-des-FARE-An-Ka-Wuli-150x150.jpg",150,150,true],"medium":["https:\/\/nandi.info\/wp-content\/uploads\/2023\/12\/Modibo-Sidibe-president-des-FARE-An-Ka-Wuli-298x300.jpg",298,300,true],"medium_large":["https:\/\/nandi.info\/wp-content\/uploads\/2023\/12\/Modibo-Sidibe-president-des-FARE-An-Ka-Wuli-768x773.jpg",768,773,true],"large":["https:\/\/nandi.info\/wp-content\/uploads\/2023\/12\/Modibo-Sidibe-president-des-FARE-An-Ka-Wuli-1017x1024.jpg",1017,1024,true],"1536x1536":["https:\/\/nandi.info\/wp-content\/uploads\/2023\/12\/Modibo-Sidibe-president-des-FARE-An-Ka-Wuli.jpg",1440,1450,false],"2048x2048":["https:\/\/nandi.info\/wp-content\/uploads\/2023\/12\/Modibo-Sidibe-president-des-FARE-An-Ka-Wuli.jpg",1440,1450,false],"penci-recipe-1200x1200":["https:\/\/nandi.info\/wp-content\/uploads\/2023\/12\/Modibo-Sidibe-president-des-FARE-An-Ka-Wuli.jpg",1192,1200,false],"penci-recipe-1200x900":["https:\/\/nandi.info\/wp-content\/uploads\/2023\/12\/Modibo-Sidibe-president-des-FARE-An-Ka-Wuli.jpg",894,900,false],"penci-recipe-1200x675":["https:\/\/nandi.info\/wp-content\/uploads\/2023\/12\/Modibo-Sidibe-president-des-FARE-An-Ka-Wuli.jpg",670,675,false],"penci-single-full":["https:\/\/nandi.info\/wp-content\/uploads\/2023\/12\/Modibo-Sidibe-president-des-FARE-An-Ka-Wuli.jpg",1440,1450,false],"penci-slider-full-thumb":["https:\/\/nandi.info\/wp-content\/uploads\/2023\/12\/Modibo-Sidibe-president-des-FARE-An-Ka-Wuli.jpg",794,800,false],"penci-full-thumb":["https:\/\/nandi.info\/wp-content\/uploads\/2023\/12\/Modibo-Sidibe-president-des-FARE-An-Ka-Wuli.jpg",1170,1178,false],"penci-slider-thumb":["https:\/\/nandi.info\/wp-content\/uploads\/2023\/12\/Modibo-Sidibe-president-des-FARE-An-Ka-Wuli.jpg",658,663,false],"penci-magazine-slider":["https:\/\/nandi.info\/wp-content\/uploads\/2023\/12\/Modibo-Sidibe-president-des-FARE-An-Ka-Wuli.jpg",512,516,false],"penci-thumb":["https:\/\/nandi.info\/wp-content\/uploads\/2023\/12\/Modibo-Sidibe-president-des-FARE-An-Ka-Wuli.jpg",387,390,false],"penci-masonry-thumb":["https:\/\/nandi.info\/wp-content\/uploads\/2023\/12\/Modibo-Sidibe-president-des-FARE-An-Ka-Wuli.jpg",585,589,false],"penci-thumb-square":["https:\/\/nandi.info\/wp-content\/uploads\/2023\/12\/Modibo-Sidibe-president-des-FARE-An-Ka-Wuli.jpg",581,585,false],"penci-thumb-vertical":["https:\/\/nandi.info\/wp-content\/uploads\/2023\/12\/Modibo-Sidibe-president-des-FARE-An-Ka-Wuli.jpg",480,483,false],"penci-thumb-small":["https:\/\/nandi.info\/wp-content\/uploads\/2023\/12\/Modibo-Sidibe-president-des-FARE-An-Ka-Wuli.jpg",174,175,false]},"author_info":{"display_name":"Nandi","author_link":"https:\/\/nandi.info\/?author=1"},"category_info":"<a href=\"https:\/\/nandi.info\/?cat=53\" rel=\"category\">Le Matin<\/a> <a href=\"https:\/\/nandi.info\/?cat=23\" rel=\"category\">Politique<\/a>","tag_info":"Politique","comment_count":"0","jetpack_featured_media_url":"https:\/\/nandi.info\/wp-content\/uploads\/2023\/12\/Modibo-Sidibe-president-des-FARE-An-Ka-Wuli.jpg","jetpack_sharing_enabled":true,"_links":{"self":[{"href":"https:\/\/nandi.info\/index.php?rest_route=\/wp\/v2\/posts\/16214","targetHints":{"allow":["GET"]}}],"collection":[{"href":"https:\/\/nandi.info\/index.php?rest_route=\/wp\/v2\/posts"}],"about":[{"href":"https:\/\/nandi.info\/index.php?rest_route=\/wp\/v2\/types\/post"}],"author":[{"embeddable":true,"href":"https:\/\/nandi.info\/index.php?rest_route=\/wp\/v2\/users\/1"}],"replies":[{"embeddable":true,"href":"https:\/\/nandi.info\/index.php?rest_route=%2Fwp%2Fv2%2Fcomments&post=16214"}],"version-history":[{"count":1,"href":"https:\/\/nandi.info\/index.php?rest_route=\/wp\/v2\/posts\/16214\/revisions"}],"predecessor-version":[{"id":16226,"href":"https:\/\/nandi.info\/index.php?rest_route=\/wp\/v2\/posts\/16214\/revisions\/16226"}],"wp:featuredmedia":[{"embeddable":true,"href":"https:\/\/nandi.info\/index.php?rest_route=\/wp\/v2\/media\/16222"}],"wp:attachment":[{"href":"https:\/\/nandi.info\/index.php?rest_route=%2Fwp%2Fv2%2Fmedia&parent=16214"}],"wp:term":[{"taxonomy":"category","embeddable":true,"href":"https:\/\/nandi.info\/index.php?rest_route=%2Fwp%2Fv2%2Fcategories&post=16214"},{"taxonomy":"post_tag","embeddable":true,"href":"https:\/\/nandi.info\/index.php?rest_route=%2Fwp%2Fv2%2Ftags&post=16214"}],"curies":[{"name":"wp","href":"https:\/\/api.w.org\/{rel}","templated":true}]}}