{"id":16166,"date":"2023-12-16T07:09:50","date_gmt":"2023-12-16T06:09:50","guid":{"rendered":"https:\/\/nandi.info\/?p=16166"},"modified":"2023-12-16T07:09:52","modified_gmt":"2023-12-16T06:09:52","slug":"delestages-et-coupures-delectricite-la-sortie-du-ministre-bintou-camara-a-crispe-le-systeme-financier-vis-a-vis-de-ledm-sa","status":"publish","type":"post","link":"https:\/\/nandi.info\/?p=16166","title":{"rendered":"D\u00e9lestages et coupures d\u2019\u00e9lectricit\u00e9 : La sortie du ministre Bintou Camara a crisp\u00e9 le syst\u00e8me financier vis-\u00e0-vis de l\u2019EDM-SA"},"content":{"rendered":"\n<p><strong><em>L\u2019intervention ou plut\u00f4t la sortie hasardeuse de Mme la ministre de l\u2019Energie et de l\u2019Eau sur l\u2019Energie du Mali (EDM-SA) est une exp\u00e9rimentation hasardeuse que l\u2019entreprise continuera longtemps de coltiner. Une de ses s\u00e9quelles en tout cas est la crispation des investisseurs qui rechignent d\u00e9sormais \u00e0 injecter de l\u2019argent frais pour \u00e9quilibrer les finances de l\u2019EDM-SA.<\/em><\/strong><\/p>\n\n\n\n<p class=\"has-drop-cap\">La sortie de la ministre de l\u2019Energie et de l\u2019Eau, Mme Bintou Camara, il y a un plus d\u2019un mois \u00e0 propos de la crise de l\u2019\u00e9lectricit\u00e9 au Mali avec des r\u00e9v\u00e9lations fracassantes sur les pratiques en cours \u00e0 l\u2019EDM-SA, notamment le d\u00e9tournement du carburant destin\u00e9 aux centrales thermiques, au lieu d\u2019\u00eatre le d\u00e9tonateur du redressement, risque de sonner le tocsin de la soci\u00e9t\u00e9 de distribution de courant \u00e9lectrique au Mali.<\/p>\n\n\n\n<p>On se rappelle que la Banque ouest-africaine de d\u00e9veloppement (Boad) avait d\u00e9bloqu\u00e9 45 milliards F CFA sur un montant de 100 milliards F CFA pour apurer la dette des fournisseurs. Et le reste de ce montant, soit 55 milliards F CFA, devrait \u00eatre mobilis\u00e9 par d\u2019autres banques.<\/p>\n\n\n\n<p>Malheureusement, elles n\u2019arrivent pas compte tenu de la situation qui pr\u00e9vaut au sein de l\u2019EDM-SA.<\/p>\n\n\n\n<p>En fait,&nbsp; l\u2019intervention de la ministre de l\u2019Energie et de l\u2019Eau sur la t\u00e9l\u00e9vision publique sur l\u2019entreprise a totalement crisp\u00e9 le syst\u00e8me financier vis-\u00e0-vis de l\u2019Energie du Mali.&nbsp;<em>\u201cPr\u00e9sentement, tout le monde a peur de donner \u00e0 l\u2019EDM-SA\u201d.<\/em><\/p>\n\n\n\n<p>La sentence est sans appel. Et si l\u2019on ne prend pas garde, le d\u00e9lestage sauvage qu\u2019on conna\u00eet pr\u00e9sentement va perdurer longtemps, voire empirer pour la simple raison qu\u2019en d\u00e9pit de la vol\u00e9e de bois vert qu\u2019elle essuie quotidiennement, l\u2019EDM-SA est englu\u00e9e dans une gestion plus jamais artisanale et ne voit donc pas le bout du tunnel.<\/p>\n\n\n\n<p>Avec un nouveau directeur g\u00e9n\u00e9ral \u00e0 l\u2019or\u00e9e de la retraite, le management de l\u2019entreprise semble \u00eatre ramen\u00e9 au niveau de la cheffe du d\u00e9partement. Et comme pour ne rien arranger \u00e0 la situation, l\u2019organigramme concoct\u00e9 par le directeur g\u00e9n\u00e9ral sortant, Koureissy Konar\u00e9, toujours en vigueur, continue de plomber les activit\u00e9s \u00e0 cause de son manque d\u2019\u00e0-propos.<\/p>\n\n\n\n<p>C\u2019est dire que la sortie de crise de l\u2019\u00e9lectricit\u00e9 n\u2019est pas pour demain avec une ministre Bintou Camara que tous croient qu\u2019elle n\u2019aurait pas d\u00fb faire sa sortie publique. Elle n\u2019aura finalement fait qu\u2019amplifier la crise.<\/p>\n\n\n\n<p><strong>&nbsp;&nbsp;&nbsp; El Hadj A.B. HAIDARA<\/strong><\/p>\n","protected":false},"excerpt":{"rendered":"<p>L\u2019intervention ou plut\u00f4t la sortie hasardeuse de Mme la ministre de l\u2019Energie et de l\u2019Eau sur l\u2019Energie du Mali (EDM-SA) est une exp\u00e9rimentation hasardeuse que l\u2019entreprise continuera longtemps de coltiner.&hellip;<\/p>\n","protected":false},"author":1,"featured_media":16168,"comment_status":"open","ping_status":"open","sticky":false,"template":"","format":"standard","meta":{"content-type":"","_lmt_disableupdate":"","_lmt_disable":"","_jetpack_memberships_contains_paid_content":false,"footnotes":"","jetpack_publicize_message":"","jetpack_publicize_feature_enabled":true,"jetpack_social_post_already_shared":true,"jetpack_social_options":{"image_generator_settings":{"template":"highway","default_image_id":0,"font":"","enabled":false},"version":2}},"categories":[19,21],"tags":[],"class_list":["post-16166","post","type-post","status-publish","format-standard","has-post-thumbnail","hentry","category-aujourdhui-mali","category-societe"],"jetpack_publicize_connections":[],"featured_image_urls":{"full":["https:\/\/nandi.info\/wp-content\/uploads\/2023\/12\/Bintou-Camara-Ministre-malien-de-lEnergie-et-de-lEau.jpg",650,434,false],"thumbnail":["https:\/\/nandi.info\/wp-content\/uploads\/2023\/12\/Bintou-Camara-Ministre-malien-de-lEnergie-et-de-lEau-150x150.jpg",150,150,true],"medium":["https:\/\/nandi.info\/wp-content\/uploads\/2023\/12\/Bintou-Camara-Ministre-malien-de-lEnergie-et-de-lEau-300x200.jpg",300,200,true],"medium_large":["https:\/\/nandi.info\/wp-content\/uploads\/2023\/12\/Bintou-Camara-Ministre-malien-de-lEnergie-et-de-lEau.jpg",650,434,false],"large":["https:\/\/nandi.info\/wp-content\/uploads\/2023\/12\/Bintou-Camara-Ministre-malien-de-lEnergie-et-de-lEau.jpg",650,434,false],"1536x1536":["https:\/\/nandi.info\/wp-content\/uploads\/2023\/12\/Bintou-Camara-Ministre-malien-de-lEnergie-et-de-lEau.jpg",650,434,false],"2048x2048":["https:\/\/nandi.info\/wp-content\/uploads\/2023\/12\/Bintou-Camara-Ministre-malien-de-lEnergie-et-de-lEau.jpg",650,434,false],"penci-recipe-1200x1200":["https:\/\/nandi.info\/wp-content\/uploads\/2023\/12\/Bintou-Camara-Ministre-malien-de-lEnergie-et-de-lEau.jpg",650,434,false],"penci-recipe-1200x900":["https:\/\/nandi.info\/wp-content\/uploads\/2023\/12\/Bintou-Camara-Ministre-malien-de-lEnergie-et-de-lEau.jpg",650,434,false],"penci-recipe-1200x675":["https:\/\/nandi.info\/wp-content\/uploads\/2023\/12\/Bintou-Camara-Ministre-malien-de-lEnergie-et-de-lEau.jpg",650,434,false],"penci-single-full":["https:\/\/nandi.info\/wp-content\/uploads\/2023\/12\/Bintou-Camara-Ministre-malien-de-lEnergie-et-de-lEau.jpg",650,434,false],"penci-slider-full-thumb":["https:\/\/nandi.info\/wp-content\/uploads\/2023\/12\/Bintou-Camara-Ministre-malien-de-lEnergie-et-de-lEau.jpg",650,434,false],"penci-full-thumb":["https:\/\/nandi.info\/wp-content\/uploads\/2023\/12\/Bintou-Camara-Ministre-malien-de-lEnergie-et-de-lEau.jpg",650,434,false],"penci-slider-thumb":["https:\/\/nandi.info\/wp-content\/uploads\/2023\/12\/Bintou-Camara-Ministre-malien-de-lEnergie-et-de-lEau.jpg",650,434,false],"penci-magazine-slider":["https:\/\/nandi.info\/wp-content\/uploads\/2023\/12\/Bintou-Camara-Ministre-malien-de-lEnergie-et-de-lEau.jpg",650,434,false],"penci-thumb":["https:\/\/nandi.info\/wp-content\/uploads\/2023\/12\/Bintou-Camara-Ministre-malien-de-lEnergie-et-de-lEau.jpg",585,390,false],"penci-masonry-thumb":["https:\/\/nandi.info\/wp-content\/uploads\/2023\/12\/Bintou-Camara-Ministre-malien-de-lEnergie-et-de-lEau.jpg",585,391,false],"penci-thumb-square":["https:\/\/nandi.info\/wp-content\/uploads\/2023\/12\/Bintou-Camara-Ministre-malien-de-lEnergie-et-de-lEau.jpg",585,391,false],"penci-thumb-vertical":["https:\/\/nandi.info\/wp-content\/uploads\/2023\/12\/Bintou-Camara-Ministre-malien-de-lEnergie-et-de-lEau.jpg",480,320,false],"penci-thumb-small":["https:\/\/nandi.info\/wp-content\/uploads\/2023\/12\/Bintou-Camara-Ministre-malien-de-lEnergie-et-de-lEau.jpg",263,175,false]},"author_info":{"display_name":"Nandi","author_link":"https:\/\/nandi.info\/?author=1"},"category_info":"<a href=\"https:\/\/nandi.info\/?cat=19\" rel=\"category\">Aujourd\u2019hui Mali<\/a> <a href=\"https:\/\/nandi.info\/?cat=21\" rel=\"category\">Soci\u00e9t\u00e9<\/a>","tag_info":"Soci\u00e9t\u00e9","comment_count":"0","jetpack_featured_media_url":"https:\/\/nandi.info\/wp-content\/uploads\/2023\/12\/Bintou-Camara-Ministre-malien-de-lEnergie-et-de-lEau.jpg","jetpack_sharing_enabled":true,"_links":{"self":[{"href":"https:\/\/nandi.info\/index.php?rest_route=\/wp\/v2\/posts\/16166","targetHints":{"allow":["GET"]}}],"collection":[{"href":"https:\/\/nandi.info\/index.php?rest_route=\/wp\/v2\/posts"}],"about":[{"href":"https:\/\/nandi.info\/index.php?rest_route=\/wp\/v2\/types\/post"}],"author":[{"embeddable":true,"href":"https:\/\/nandi.info\/index.php?rest_route=\/wp\/v2\/users\/1"}],"replies":[{"embeddable":true,"href":"https:\/\/nandi.info\/index.php?rest_route=%2Fwp%2Fv2%2Fcomments&post=16166"}],"version-history":[{"count":1,"href":"https:\/\/nandi.info\/index.php?rest_route=\/wp\/v2\/posts\/16166\/revisions"}],"predecessor-version":[{"id":16169,"href":"https:\/\/nandi.info\/index.php?rest_route=\/wp\/v2\/posts\/16166\/revisions\/16169"}],"wp:featuredmedia":[{"embeddable":true,"href":"https:\/\/nandi.info\/index.php?rest_route=\/wp\/v2\/media\/16168"}],"wp:attachment":[{"href":"https:\/\/nandi.info\/index.php?rest_route=%2Fwp%2Fv2%2Fmedia&parent=16166"}],"wp:term":[{"taxonomy":"category","embeddable":true,"href":"https:\/\/nandi.info\/index.php?rest_route=%2Fwp%2Fv2%2Fcategories&post=16166"},{"taxonomy":"post_tag","embeddable":true,"href":"https:\/\/nandi.info\/index.php?rest_route=%2Fwp%2Fv2%2Ftags&post=16166"}],"curies":[{"name":"wp","href":"https:\/\/api.w.org\/{rel}","templated":true}]}}