{"id":16114,"date":"2023-12-15T11:02:54","date_gmt":"2023-12-15T10:02:54","guid":{"rendered":"https:\/\/nandi.info\/?p=16114"},"modified":"2023-12-15T11:02:58","modified_gmt":"2023-12-15T10:02:58","slug":"ministre-de-leducation-national-le-temple-de-la-corruption-et-de-levaporation-de-largent-du-contribuable","status":"publish","type":"post","link":"https:\/\/nandi.info\/?p=16114","title":{"rendered":"Ministre \u00a0de l\u2019Education National\u00a0: Le temple de la corruption et de l\u2019\u00e9vaporation de l\u2019argent du contribuable"},"content":{"rendered":"\n<p><strong>Il est aussi reproch\u00e9 au Secr\u00e9taire g\u00e9n\u00e9ral de l\u2019\u00e9poque d\u2019avoir autoris\u00e9 le paiement de subventions \u00e0 un \u00e9tablissement au titre d\u2019un \u00e9l\u00e8ve pris doublement sur les d\u00e9cisions de maintien et d\u2019attribution\u00a0; le paiement des subventions pour des \u00e9l\u00e8ves irr\u00e9guliers ins\u00e9r\u00e9s avec un code \u00ab<em>X<\/em>\u00bb sur les d\u00e9cisions d\u2019attribution par le pr\u00e9sident de la Commission nationale d\u2019orientation et le Directeur de la Cellule de Planification et de Statistique, le paiement des subventions sur la base des attributions irr\u00e9guli\u00e8res d\u2019\u00e9l\u00e8ves aux \u00e9tablissements priv\u00e9s initialement orient\u00e9s dans les \u00e9tablissements publics\u2026 Il lui est aussi reproch\u00e9 d\u2019avoir attribu\u00e9 des \u00e9l\u00e8ves \u00e0 un \u00e9tablissement ne disposant ni d\u2019infrastructures ni de documents administratifs conformes \u00e0 la r\u00e9glementation.<\/strong><\/p>\n\n\n\n<p class=\"has-drop-cap\">Cens\u00e9 \u00eatre le creuset des valeurs pour mieux ancrer le civisme et la citoyennet\u00e9 afin de mieux pr\u00e9server l\u2019int\u00e9r\u00eat g\u00e9n\u00e9ral, le secteur de l\u2019Education s\u2019illustre malheureusement par la pr\u00e9dation du denier public. Les mauvaises pratiques mises en \u00e9vidence dans les rapports de l\u2019Office Central de lutte contre l\u2019Enrichissement Illicite (OCLEI) et du Bureau du v\u00e9rificateur g\u00e9n\u00e9ral (BVG) l\u2019attestent. Le nouveau ministre, Amadou Sy Savan\u00e9, r\u00e9ussira-t-il \u00e0 nettoyer l\u2019\u00e9curie d\u2019Augias qu\u2019est devenu le minist\u00e8re de l\u2019Education nationale&nbsp;?<\/p>\n\n\n\n<p>L\u2019Office central de lutte contre l\u2019enrichissement illicite (OCLEI) a remis au pr\u00e9sident de la Transition son rapport 2022 le 28 novembre 2023. Son analyse a port\u00e9 sur les subventions accord\u00e9es par l\u2019Etat aux \u00e9tablissements priv\u00e9s de l\u2019Enseignement secondaire g\u00e9n\u00e9ral, technique et professionnel durant la p\u00e9riode de 2017 \u00e0 2021. Cette analyse a r\u00e9v\u00e9l\u00e9 que, chaque ann\u00e9e, l\u2019\u00c9tat verse la somme de 49, 600 milliards de F CFA en moyenne aux \u00e9coles priv\u00e9es. Avec ce montant, selon l\u2019office, l\u2019\u00c9tat peut construire et faire fonctionner annuellement 80 nouveaux lyc\u00e9es. En outre, plus de 1 000 \u00e9coles fonctionnent avec des arr\u00eat\u00e9s pr\u00e9sum\u00e9s faux.<\/p>\n\n\n\n<p>Pendant ces cinq derni\u00e8res ann\u00e9es, selon le rapport, l\u2019Etat a vers\u00e9 la somme de 196,095 milliards FCFA aux \u00e9tablissements secondaires priv\u00e9s de l\u2019Enseignement secondaire g\u00e9n\u00e9ral, professionnel et technique, soit en moyenne 49,023 milliards FCFA.&nbsp; Mais,&nbsp; le rapport 2022 de l\u2019OCLEI a r\u00e9v\u00e9l\u00e9 des disparit\u00e9s&nbsp; entre les paiements retrac\u00e9s par&nbsp; la Direction g\u00e9n\u00e9rale du budget&nbsp; et&nbsp; ceux de la cellule de Planification&nbsp; et des statistiques.<\/p>\n\n\n\n<p>\u00ab<em>Les paiements retrac\u00e9s par la Direction G\u00e9n\u00e9rale du Budget d\u00e9passent de 26,288 milliards F CFA ceux indiqu\u00e9s par la Cellule de planification et de statistique <\/em>(CPS)<em>. Cette diff\u00e9rence significative doit \u00eatre expliqu\u00e9e par les services concern\u00e9s<\/em>\u00bb, a rapport\u00e9 le rapport de l\u2019OCLEI. Et de pr\u00e9ciser, \u00ab<em>les investigations ont r\u00e9v\u00e9l\u00e9 d\u2019importantes disparit\u00e9s entre les donn\u00e9es des services techniques du minist\u00e8re de l\u2019Education nationale et celles de la DGB qui centralise les situations d\u2019ex\u00e9cution du budget. Les subventions d\u00e9caiss\u00e9es suivant les donn\u00e9es de la DGB s\u2019\u00e9l\u00e8vent \u00e0 196 095 864 207 F CFA alors que les montants communiqu\u00e9s par la CPS&nbsp; s\u2019\u00e9tablissent \u00e0 169 806 985 000 F CFA<\/em>\u00bb.<\/p>\n\n\n\n<p>Selon le rapport de l\u2019OCLEI, son analyse a constat\u00e9 que \u00ab<em>les dysfonctionnements avaient atteint un seuil alarmant. En cons\u00e9quence, il convient d\u2019adopter des mesures fortes pour am\u00e9liorer la gouvernance du secteur de l\u2019\u00c9ducation nationale<\/em>\u00bb.<\/p>\n\n\n\n<p>Il faut rappeler que la gestion des subventions de l\u2019\u00c9tat accord\u00e9es aux \u00e9tablissements priv\u00e9s d\u2019enseignement secondaire g\u00e9n\u00e9ral, technique et professionnel dans le District de Bamako et le chef-lieu du cercle de Kati a \u00e9t\u00e9 \u00e9pingl\u00e9e par le Bureau du V\u00e9rificateur g\u00e9n\u00e9ral (BVG). Les conclusions de son rapport r\u00e9v\u00e8lent plusieurs points importants qui exigent \u00ab<em>une action imm\u00e9diate pour am\u00e9liorer la transparence et la gestion de ces subventions cruciales<\/em>\u00bb. Plus de 19,744 milliards de FCFA d\u2019irr\u00e9gularit\u00e9s financi\u00e8res ont \u00e9t\u00e9 d\u00e9cel\u00e9es dans la gestion des subventions que l\u2019Etat accorde aux \u00e9tablissements priv\u00e9s d\u2019enseignement secondaire g\u00e9n\u00e9ral, technique et professionnel de Bamako et Kati au titre des ann\u00e9es scolaires 2017-2018, 2018-2019, 2019-2020, 2020-2021 et 2021-2022.<\/p>\n\n\n\n<p>De faux arr\u00eat\u00e9s d\u2019ouverture d\u2019\u00e9tablissements priv\u00e9s d\u2019enseignement secondaire pour b\u00e9n\u00e9ficier de subventions indues&nbsp;; le Secr\u00e9taire g\u00e9n\u00e9ral du minist\u00e8re de l\u2019Education nationale (MEN) qui autoris\u00e9 le paiement irr\u00e9gulier des demi-bourses et pensions alimentaires aux \u00e9tablissements priv\u00e9s d\u2019enseignement secondaire ou qui autorise le paiement irr\u00e9gulier de subventions pour le compte des \u00e9l\u00e8ves dont la scolarit\u00e9 est \u00e9puis\u00e9e sont, entre autres, des irr\u00e9gularit\u00e9s constat\u00e9es.<\/p>\n\n\n\n<p>Il est aussi reproch\u00e9 au Secr\u00e9taire g\u00e9n\u00e9ral de l\u2019\u00e9poque d\u2019avoir autoris\u00e9 le paiement de subventions \u00e0 un \u00e9tablissement au titre d\u2019un \u00e9l\u00e8ve pris doublement sur les d\u00e9cisions de maintien et d\u2019attribution&nbsp;; le paiement des subventions pour des \u00e9l\u00e8ves irr\u00e9guliers ins\u00e9r\u00e9s avec un code \u00ab<em>X<\/em>\u00bb sur les d\u00e9cisions d\u2019attribution par le pr\u00e9sident de la Commission nationale d\u2019orientation et le Directeur de la Cellule de planification et de statistique, le paiement des subventions sur la base des attributions irr\u00e9guli\u00e8res d\u2019\u00e9l\u00e8ves aux \u00e9tablissements priv\u00e9s initialement orient\u00e9s dans les \u00e9tablissements publics\u2026 Il lui est aussi reproch\u00e9 d\u2019avoir attribu\u00e9 des \u00e9l\u00e8ves \u00e0 un \u00e9tablissement ne disposant ni d\u2019infrastructures ni de documents administratifs conformes \u00e0 la r\u00e9glementation. En complicit\u00e9 avec certains membres du cabinet et autres directions, ils r\u00e9pondront en principe des faits devant la justice.<\/p>\n\n\n\n<p>Face \u00e0 ces dysfonctionnements qui ont fait du minist\u00e8re de l\u2019Education Nationale le temple de la pr\u00e9dation financi\u00e8re, l\u2019OCLEI recommande aux autorit\u00e9s, entre autres, de proc\u00e9der \u00e0 un contr\u00f4le administratif syst\u00e9matique des actes de cr\u00e9ation et d\u2019ouverture des \u00e9tablissements priv\u00e9s de l\u2019enseignement secondaire g\u00e9n\u00e9ral, technique et professionnel sur l\u2019ensemble du territoire&nbsp;; de veiller au strict respect des dispositions r\u00e8glementaires en mati\u00e8re d\u2019orientation et de r\u00e9orientation des \u00e9l\u00e8ves dans les \u00e9tablissements priv\u00e9s&nbsp;; d\u2019adopter un plan de progression du nombre d\u2019\u00e9tablissements secondaires publics\u2026 L\u2019office a aussi recommand\u00e9 \u00e0 l\u2019Etat de proc\u00e9der \u00e0 la fermeture de tous les \u00e9tablissements priv\u00e9s ne remplissant pas rigoureusement les conditions d\u2019exercice&nbsp;; de traduire en justice les auteurs, coauteurs et complices de la production et de l\u2019utilisation des arr\u00eat\u00e9s pr\u00e9sum\u00e9s faux.<\/p>\n\n\n\n<p>Il est plus que jamais temps de mettre fin \u00e0 cette h\u00e9morragie financi\u00e8re au niveau d\u2019un d\u00e9partement minist\u00e9riel cens\u00e9 \u00eatre le creuset des valeurs pour mieux ancrer le civisme et la citoyennet\u00e9 afin de mieux pr\u00e9server l\u2019int\u00e9r\u00eat g\u00e9n\u00e9ral&nbsp;!<\/p>\n\n\n\n<p><strong>Naby<\/strong><\/p>\n","protected":false},"excerpt":{"rendered":"<p>Il est aussi reproch\u00e9 au Secr\u00e9taire g\u00e9n\u00e9ral de l\u2019\u00e9poque d\u2019avoir autoris\u00e9 le paiement de subventions \u00e0 un \u00e9tablissement au titre d\u2019un \u00e9l\u00e8ve pris doublement sur les d\u00e9cisions de maintien et&hellip;<\/p>\n","protected":false},"author":1,"featured_media":16117,"comment_status":"open","ping_status":"open","sticky":false,"template":"","format":"standard","meta":{"content-type":"","_lmt_disableupdate":"","_lmt_disable":"","_jetpack_memberships_contains_paid_content":false,"footnotes":"","jetpack_publicize_message":"","jetpack_publicize_feature_enabled":true,"jetpack_social_post_already_shared":true,"jetpack_social_options":{"image_generator_settings":{"template":"highway","default_image_id":0,"font":"","enabled":false},"version":2}},"categories":[38,53],"tags":[],"class_list":["post-16114","post","type-post","status-publish","format-standard","has-post-thumbnail","hentry","category-education","category-le-matin"],"jetpack_publicize_connections":[],"featured_image_urls":{"full":["https:\/\/nandi.info\/wp-content\/uploads\/2023\/12\/Dr-Amadou-Sy-Savane-lactuel-Ministre-de-lEducation-nationale-a-du-pain-sur-la-planche-pour-assainir-la-gestion-des-subventions-de-lEtat-aux-etablissements-prives.jpg",1536,2048,false],"thumbnail":["https:\/\/nandi.info\/wp-content\/uploads\/2023\/12\/Dr-Amadou-Sy-Savane-lactuel-Ministre-de-lEducation-nationale-a-du-pain-sur-la-planche-pour-assainir-la-gestion-des-subventions-de-lEtat-aux-etablissements-prives-150x150.jpg",150,150,true],"medium":["https:\/\/nandi.info\/wp-content\/uploads\/2023\/12\/Dr-Amadou-Sy-Savane-lactuel-Ministre-de-lEducation-nationale-a-du-pain-sur-la-planche-pour-assainir-la-gestion-des-subventions-de-lEtat-aux-etablissements-prives-225x300.jpg",225,300,true],"medium_large":["https:\/\/nandi.info\/wp-content\/uploads\/2023\/12\/Dr-Amadou-Sy-Savane-lactuel-Ministre-de-lEducation-nationale-a-du-pain-sur-la-planche-pour-assainir-la-gestion-des-subventions-de-lEtat-aux-etablissements-prives-768x1024.jpg",768,1024,true],"large":["https:\/\/nandi.info\/wp-content\/uploads\/2023\/12\/Dr-Amadou-Sy-Savane-lactuel-Ministre-de-lEducation-nationale-a-du-pain-sur-la-planche-pour-assainir-la-gestion-des-subventions-de-lEtat-aux-etablissements-prives-768x1024.jpg",768,1024,true],"1536x1536":["https:\/\/nandi.info\/wp-content\/uploads\/2023\/12\/Dr-Amadou-Sy-Savane-lactuel-Ministre-de-lEducation-nationale-a-du-pain-sur-la-planche-pour-assainir-la-gestion-des-subventions-de-lEtat-aux-etablissements-prives-1152x1536.jpg",1152,1536,true],"2048x2048":["https:\/\/nandi.info\/wp-content\/uploads\/2023\/12\/Dr-Amadou-Sy-Savane-lactuel-Ministre-de-lEducation-nationale-a-du-pain-sur-la-planche-pour-assainir-la-gestion-des-subventions-de-lEtat-aux-etablissements-prives.jpg",1536,2048,false],"penci-recipe-1200x1200":["https:\/\/nandi.info\/wp-content\/uploads\/2023\/12\/Dr-Amadou-Sy-Savane-lactuel-Ministre-de-lEducation-nationale-a-du-pain-sur-la-planche-pour-assainir-la-gestion-des-subventions-de-lEtat-aux-etablissements-prives.jpg",900,1200,false],"penci-recipe-1200x900":["https:\/\/nandi.info\/wp-content\/uploads\/2023\/12\/Dr-Amadou-Sy-Savane-lactuel-Ministre-de-lEducation-nationale-a-du-pain-sur-la-planche-pour-assainir-la-gestion-des-subventions-de-lEtat-aux-etablissements-prives.jpg",675,900,false],"penci-recipe-1200x675":["https:\/\/nandi.info\/wp-content\/uploads\/2023\/12\/Dr-Amadou-Sy-Savane-lactuel-Ministre-de-lEducation-nationale-a-du-pain-sur-la-planche-pour-assainir-la-gestion-des-subventions-de-lEtat-aux-etablissements-prives.jpg",506,675,false],"penci-single-full":["https:\/\/nandi.info\/wp-content\/uploads\/2023\/12\/Dr-Amadou-Sy-Savane-lactuel-Ministre-de-lEducation-nationale-a-du-pain-sur-la-planche-pour-assainir-la-gestion-des-subventions-de-lEtat-aux-etablissements-prives.jpg",1536,2048,false],"penci-slider-full-thumb":["https:\/\/nandi.info\/wp-content\/uploads\/2023\/12\/Dr-Amadou-Sy-Savane-lactuel-Ministre-de-lEducation-nationale-a-du-pain-sur-la-planche-pour-assainir-la-gestion-des-subventions-de-lEtat-aux-etablissements-prives.jpg",600,800,false],"penci-full-thumb":["https:\/\/nandi.info\/wp-content\/uploads\/2023\/12\/Dr-Amadou-Sy-Savane-lactuel-Ministre-de-lEducation-nationale-a-du-pain-sur-la-planche-pour-assainir-la-gestion-des-subventions-de-lEtat-aux-etablissements-prives.jpg",1170,1560,false],"penci-slider-thumb":["https:\/\/nandi.info\/wp-content\/uploads\/2023\/12\/Dr-Amadou-Sy-Savane-lactuel-Ministre-de-lEducation-nationale-a-du-pain-sur-la-planche-pour-assainir-la-gestion-des-subventions-de-lEtat-aux-etablissements-prives.jpg",497,663,false],"penci-magazine-slider":["https:\/\/nandi.info\/wp-content\/uploads\/2023\/12\/Dr-Amadou-Sy-Savane-lactuel-Ministre-de-lEducation-nationale-a-du-pain-sur-la-planche-pour-assainir-la-gestion-des-subventions-de-lEtat-aux-etablissements-prives.jpg",387,516,false],"penci-thumb":["https:\/\/nandi.info\/wp-content\/uploads\/2023\/12\/Dr-Amadou-Sy-Savane-lactuel-Ministre-de-lEducation-nationale-a-du-pain-sur-la-planche-pour-assainir-la-gestion-des-subventions-de-lEtat-aux-etablissements-prives.jpg",293,390,false],"penci-masonry-thumb":["https:\/\/nandi.info\/wp-content\/uploads\/2023\/12\/Dr-Amadou-Sy-Savane-lactuel-Ministre-de-lEducation-nationale-a-du-pain-sur-la-planche-pour-assainir-la-gestion-des-subventions-de-lEtat-aux-etablissements-prives.jpg",585,780,false],"penci-thumb-square":["https:\/\/nandi.info\/wp-content\/uploads\/2023\/12\/Dr-Amadou-Sy-Savane-lactuel-Ministre-de-lEducation-nationale-a-du-pain-sur-la-planche-pour-assainir-la-gestion-des-subventions-de-lEtat-aux-etablissements-prives.jpg",439,585,false],"penci-thumb-vertical":["https:\/\/nandi.info\/wp-content\/uploads\/2023\/12\/Dr-Amadou-Sy-Savane-lactuel-Ministre-de-lEducation-nationale-a-du-pain-sur-la-planche-pour-assainir-la-gestion-des-subventions-de-lEtat-aux-etablissements-prives.jpg",480,640,false],"penci-thumb-small":["https:\/\/nandi.info\/wp-content\/uploads\/2023\/12\/Dr-Amadou-Sy-Savane-lactuel-Ministre-de-lEducation-nationale-a-du-pain-sur-la-planche-pour-assainir-la-gestion-des-subventions-de-lEtat-aux-etablissements-prives.jpg",131,175,false]},"author_info":{"display_name":"Nandi","author_link":"https:\/\/nandi.info\/?author=1"},"category_info":"<a href=\"https:\/\/nandi.info\/?cat=38\" rel=\"category\">Education<\/a> <a href=\"https:\/\/nandi.info\/?cat=53\" rel=\"category\">Le Matin<\/a>","tag_info":"Le Matin","comment_count":"0","jetpack_featured_media_url":"https:\/\/nandi.info\/wp-content\/uploads\/2023\/12\/Dr-Amadou-Sy-Savane-lactuel-Ministre-de-lEducation-nationale-a-du-pain-sur-la-planche-pour-assainir-la-gestion-des-subventions-de-lEtat-aux-etablissements-prives.jpg","jetpack_sharing_enabled":true,"_links":{"self":[{"href":"https:\/\/nandi.info\/index.php?rest_route=\/wp\/v2\/posts\/16114","targetHints":{"allow":["GET"]}}],"collection":[{"href":"https:\/\/nandi.info\/index.php?rest_route=\/wp\/v2\/posts"}],"about":[{"href":"https:\/\/nandi.info\/index.php?rest_route=\/wp\/v2\/types\/post"}],"author":[{"embeddable":true,"href":"https:\/\/nandi.info\/index.php?rest_route=\/wp\/v2\/users\/1"}],"replies":[{"embeddable":true,"href":"https:\/\/nandi.info\/index.php?rest_route=%2Fwp%2Fv2%2Fcomments&post=16114"}],"version-history":[{"count":1,"href":"https:\/\/nandi.info\/index.php?rest_route=\/wp\/v2\/posts\/16114\/revisions"}],"predecessor-version":[{"id":16118,"href":"https:\/\/nandi.info\/index.php?rest_route=\/wp\/v2\/posts\/16114\/revisions\/16118"}],"wp:featuredmedia":[{"embeddable":true,"href":"https:\/\/nandi.info\/index.php?rest_route=\/wp\/v2\/media\/16117"}],"wp:attachment":[{"href":"https:\/\/nandi.info\/index.php?rest_route=%2Fwp%2Fv2%2Fmedia&parent=16114"}],"wp:term":[{"taxonomy":"category","embeddable":true,"href":"https:\/\/nandi.info\/index.php?rest_route=%2Fwp%2Fv2%2Fcategories&post=16114"},{"taxonomy":"post_tag","embeddable":true,"href":"https:\/\/nandi.info\/index.php?rest_route=%2Fwp%2Fv2%2Ftags&post=16114"}],"curies":[{"name":"wp","href":"https:\/\/api.w.org\/{rel}","templated":true}]}}