{"id":16069,"date":"2023-12-11T13:00:00","date_gmt":"2023-12-11T12:00:00","guid":{"rendered":"https:\/\/nandi.info\/?p=16069"},"modified":"2023-12-11T13:43:06","modified_gmt":"2023-12-11T12:43:06","slug":"journee-de-la-poste-ledition-2023-sous-le-theme-unis-pour-la-confiance-collaborer-pour-un-avenir-sur-et-connecte","status":"publish","type":"post","link":"https:\/\/nandi.info\/?p=16069","title":{"rendered":"Journ\u00e9e de la Poste : L\u2019\u00e9dition 2023 sous le th\u00e8me\u00a0:\u00a0\u00ab\u00a0 Unis pour la confiance : Collaborer pour un avenir s\u00fbr et connect\u00e9 \u00bb"},"content":{"rendered":"\n<p><strong><em>Le 14 d\u00e9cembre prochain\u00a0 aura lieu, la c\u00e9l\u00e9bration de l\u2019\u00e9dition 2023 de la journ\u00e9e\u00a0 de la Poste. Ax\u00e9e sur 2 \u00e9v\u00e8nements majeurs notamment l\u2019espace d\u2019\u00e9change sur les opportunit\u00e9s, les d\u00e9fis et difficult\u00e9s du secteur postal et l\u2019exposition de produits et services postaux, cette journ\u00e9e se tiendra sous le th\u00e8me\u00a0: \u00ab\u00a0Unis pour la confiance : Collaborer pour un avenir s\u00fbr et connect\u00e9 \u00bb.<\/em><\/strong><\/p>\n\n\n\n<p class=\"has-drop-cap\">Dans le Chapitre des Communications de la derni\u00e8re session du Conseil des ministres (mercredi 6 d\u00e9cembre), le ministre de la Communication, de l\u2019Economie num\u00e9rique et de la Modernisation de l\u2019Administration, Alhamdou AG Ily\u00e8ne&nbsp; a inform\u00e9 le Conseil des Ministres de l\u2019organisation de la Journ\u00e9e de la Poste.<\/p>\n\n\n\n<p>En effet, selon le Communiqu\u00e9 de ce Conseil des Ministres, l\u2019Union Postale Universelle constitue le principal forum de coop\u00e9ration entre les acteurs du secteur postal. A cet effet, son objectif principal est de promouvoir et de r\u00e9guler le service postal mondial, en facilitant la coop\u00e9ration entre les services postaux de ses Etats Membres. La c\u00e9l\u00e9bration de ladite Journ\u00e9e est pr\u00e9vue le 14 d\u00e9cembre 2023 sur le th\u00e8me : \u00ab Unis pour la confiance : Collaborer pour un avenir s\u00fbr et connect\u00e9 \u00bb.<\/p>\n\n\n\n<p>Elle sera ax\u00e9e, \u00e9claircit le Communiqu\u00e9, sur deux \u00e9v\u00e8nements majeurs \u00e0 savoir l\u2019espace d\u2019\u00e9change sur les opportunit\u00e9s, les d\u00e9fis et difficult\u00e9s du secteur postal ; et l\u2019exposition de produits et services postaux. Des recommandations sont aussi attendues \u00e0 l\u2019issue de cette journ\u00e9e sur les diff\u00e9rents niveaux d\u00e9cisionnels afin de trouver des solutions idoines aux probl\u00e8mes du secteur postal malien. Qui est un outil de souverainet\u00e9 nationale et un acteur cl\u00e9 de l\u2019inclusion sociale et financi\u00e8re.<\/p>\n\n\n\n<p><\/p>\n\n\n\n<p><strong>Mariam Sissoko<\/strong><\/p>\n","protected":false},"excerpt":{"rendered":"<p>Le 14 d\u00e9cembre prochain\u00a0 aura lieu, la c\u00e9l\u00e9bration de l\u2019\u00e9dition 2023 de la journ\u00e9e\u00a0 de la Poste. Ax\u00e9e sur 2 \u00e9v\u00e8nements majeurs notamment l\u2019espace d\u2019\u00e9change sur les opportunit\u00e9s, les d\u00e9fis&hellip;<\/p>\n","protected":false},"author":1,"featured_media":0,"comment_status":"open","ping_status":"open","sticky":false,"template":"","format":"standard","meta":{"content-type":"","_lmt_disableupdate":"","_lmt_disable":"","_jetpack_memberships_contains_paid_content":false,"footnotes":"","jetpack_publicize_message":"","jetpack_publicize_feature_enabled":true,"jetpack_social_post_already_shared":false,"jetpack_social_options":{"image_generator_settings":{"template":"highway","default_image_id":0,"font":"","enabled":false},"version":2}},"categories":[67,21],"tags":[],"class_list":["post-16069","post","type-post","status-publish","format-standard","hentry","category-le-sursaut","category-societe"],"jetpack_publicize_connections":[],"featured_image_urls":{"full":"","thumbnail":"","medium":"","medium_large":"","large":"","1536x1536":"","2048x2048":"","penci-recipe-1200x1200":"","penci-recipe-1200x900":"","penci-recipe-1200x675":"","penci-single-full":"","penci-slider-full-thumb":"","penci-full-thumb":"","penci-slider-thumb":"","penci-magazine-slider":"","penci-thumb":"","penci-masonry-thumb":"","penci-thumb-square":"","penci-thumb-vertical":"","penci-thumb-small":""},"author_info":{"display_name":"Nandi","author_link":"https:\/\/nandi.info\/?author=1"},"category_info":"<a href=\"https:\/\/nandi.info\/?cat=67\" rel=\"category\">Le Sursaut<\/a> <a href=\"https:\/\/nandi.info\/?cat=21\" rel=\"category\">Soci\u00e9t\u00e9<\/a>","tag_info":"Soci\u00e9t\u00e9","comment_count":"0","jetpack_featured_media_url":"","jetpack_sharing_enabled":true,"_links":{"self":[{"href":"https:\/\/nandi.info\/index.php?rest_route=\/wp\/v2\/posts\/16069","targetHints":{"allow":["GET"]}}],"collection":[{"href":"https:\/\/nandi.info\/index.php?rest_route=\/wp\/v2\/posts"}],"about":[{"href":"https:\/\/nandi.info\/index.php?rest_route=\/wp\/v2\/types\/post"}],"author":[{"embeddable":true,"href":"https:\/\/nandi.info\/index.php?rest_route=\/wp\/v2\/users\/1"}],"replies":[{"embeddable":true,"href":"https:\/\/nandi.info\/index.php?rest_route=%2Fwp%2Fv2%2Fcomments&post=16069"}],"version-history":[{"count":1,"href":"https:\/\/nandi.info\/index.php?rest_route=\/wp\/v2\/posts\/16069\/revisions"}],"predecessor-version":[{"id":16071,"href":"https:\/\/nandi.info\/index.php?rest_route=\/wp\/v2\/posts\/16069\/revisions\/16071"}],"wp:attachment":[{"href":"https:\/\/nandi.info\/index.php?rest_route=%2Fwp%2Fv2%2Fmedia&parent=16069"}],"wp:term":[{"taxonomy":"category","embeddable":true,"href":"https:\/\/nandi.info\/index.php?rest_route=%2Fwp%2Fv2%2Fcategories&post=16069"},{"taxonomy":"post_tag","embeddable":true,"href":"https:\/\/nandi.info\/index.php?rest_route=%2Fwp%2Fv2%2Ftags&post=16069"}],"curies":[{"name":"wp","href":"https:\/\/api.w.org\/{rel}","templated":true}]}}