{"id":15980,"date":"2023-12-03T07:57:04","date_gmt":"2023-12-03T06:57:04","guid":{"rendered":"https:\/\/nandi.info\/?p=15980"},"modified":"2023-12-03T07:57:07","modified_gmt":"2023-12-03T06:57:07","slug":"pour-le-paiement-des-primes-covid-19-et-heures-supplementaires-a-linsp-trois-syndicats-interpellent-la-ministre-assa-badiallo-toure","status":"publish","type":"post","link":"https:\/\/nandi.info\/?p=15980","title":{"rendered":"Pour le paiement des primes Covid-19 et heures suppl\u00e9mentaires \u00e0 L\u2019INSP : Trois syndicats interpellent la ministre Assa Badiallo Tour\u00e9"},"content":{"rendered":"\n<p><strong><em>Le Syndicat national de la sant\u00e9 de l\u2019action sociale et de la promotion de la famille (SNS-AS-PF), le Syndicat national de l\u2019enseignement sup\u00e9rieur et de la recherche scientifique et les comit\u00e9s syndicaux de l\u2019Hippodrome INSP ont adress\u00e9 une lettre ouverte au ministre Sant\u00e9 et du D\u00e9veloppement social, le colonel Assa Badiallo Tour\u00e9, l\u2019invitant \u00e0 s\u2019investir personnellement pour la r\u00e9solution de la crise sociale qui s\u00e9vit \u00e0 l\u2019Institut national de la sant\u00e9 cons\u00e9cutive, selon eux, au non-paiement du restant de leurs primes Covid-19 et des heures suppl\u00e9mentaires des travailleurs de l\u2019Institut national de la sant\u00e9 publique (INSP).<\/em><\/strong><\/p>\n\n\n\n<p class=\"has-drop-cap\">Dans une lettre ouverte adress\u00e9e au ministre de la Sant\u00e9 et du D\u00e9veloppement social, les comit\u00e9s syndicaux de l\u2019Institut national de la sant\u00e9 publique (INSP), le Syndicat national de la sant\u00e9, de l\u2019action sociale et de la promotion de la famille (SNS-AS-PF), le Syndicat national de l\u2019enseignement sup\u00e9rieur et de la recherche scientifique ont salu\u00e9 la d\u00e9cision patriotique du gouvernement qui a mis fin aux fonctions du directeur g\u00e9n\u00e9ral de l\u2019INSP, Pr. Samba Ousmane Sow.<\/p>\n\n\n\n<p>Dans cette note, les syndicalistes trouvent que le refus par le directeur de l\u2019INSP d\u2019ex\u00e9cuter correctement le d\u00e9cret n\u00b02022-0455 PT-RM du 10 ao\u00fbt 2022 et son rectificatif n\u00b00136 du 24 f\u00e9vrier 2023, constitue une atteinte grave aux valeurs de la R\u00e9publique.<\/p>\n\n\n\n<p><em>\u201cMadame le ministre, la R\u00e9publique serait fi\u00e8re de vous \u00e0 travers votre implication personnelle pour r\u00e9tablir le droit et la justice. Votre intervention aupr\u00e8s de la direction de l\u2019INSP aura un impact d\u00e9cisif dans l\u2019apaisement du climat social de l\u2019Institut. Toute autre position s\u2019interpr\u00e9tera par une volont\u00e9 de prot\u00e9ger le directeur sortant et nul ne sera surpris demain ou apr\u00e8s-demain de voir des affectations en cascade des collaborateurs de l\u2019ancien directeur et ce aux fins de d\u00e9stabiliser l\u2019Institut dans sa globalit\u00e9\u201d<\/em>, peut-on lire dans ladite lettre.<\/p>\n\n\n\n<p>Pour les syndicalistes, le pi\u00e8ge tendu peut donc \u00eatre d\u00e9jou\u00e9 par Mme la ministre seule. C\u2019est pourquoi, les comit\u00e9s syndicaux ont r\u00e9affirm\u00e9 leur d\u00e9termination \u00e0 ne m\u00e9nager aucun effort pour l\u2019accompagner \u00e0 relever le d\u00e9fi de la sant\u00e9 publique au Mali, conclut la lettre sign\u00e9e par&nbsp; le secr\u00e9taire g\u00e9n\u00e9ral du comit\u00e9 Snesup, Dr. Abdoulaye Ouologuem, le secr\u00e9taire g\u00e9n\u00e9ral du comit\u00e9 de l\u2019Anssa, Mahamadou Bantassy Tour\u00e9, et le secr\u00e9taire g\u00e9n\u00e9ral du comit\u00e9 Hippodrome INSP, Moussa Salif Sidib\u00e9.<\/p>\n\n\n\n<p>Il est important de rappeler que depuis pr\u00e8s de deux mois les travailleurs de l\u2019INSP observent un sit-in de 8 h 30 \u00e0 11 h pour r\u00e9clamer ces primes et les heures suppl\u00e9mentaires et le d\u00e9part du directeur g\u00e9n\u00e9ral dudit Institut, l\u2019ancien ministre de la Sant\u00e9, Pr. Samba Sow. Un d\u00e9part que les syndicalistes ont finalement obtenu.<\/p>\n\n\n\n<p><em>\u201cAvec son d\u00e9part, nous avons gagn\u00e9 une bataille mais pas la guerre et nous allons gagner cette guerre le jour o\u00f9 le restant de nos primes Covid-19 et nos heures suppl\u00e9mentaires sera pay\u00e9 et pour cela nous n\u2019allons pas reculer jusqu\u2019\u00e0 la satisfaction de nos dol\u00e9ances\u201d<\/em>, a averti un syndicaliste, rappelant au passage qu\u2019ils ont d\u00e9pos\u00e9 un pr\u00e9avis de gr\u00e8ve de 72 h et qui pourra les conduire \u00e0 une gr\u00e8ve illimit\u00e9e s\u2019ils ne trouvent pas satisfaction \u00e0 leurs dol\u00e9ances.<\/p>\n\n\n\n<p><strong>&nbsp;&nbsp;&nbsp;&nbsp;&nbsp;&nbsp;&nbsp;&nbsp;&nbsp;&nbsp;&nbsp;&nbsp;&nbsp;&nbsp; Kassoum Th\u00e9ra<\/strong><\/p>\n","protected":false},"excerpt":{"rendered":"<p>Le Syndicat national de la sant\u00e9 de l\u2019action sociale et de la promotion de la famille (SNS-AS-PF), le Syndicat national de l\u2019enseignement sup\u00e9rieur et de la recherche scientifique et les&hellip;<\/p>\n","protected":false},"author":1,"featured_media":15983,"comment_status":"open","ping_status":"open","sticky":false,"template":"","format":"standard","meta":{"content-type":"","_lmt_disableupdate":"","_lmt_disable":"","_jetpack_memberships_contains_paid_content":false,"footnotes":"","jetpack_publicize_message":"","jetpack_publicize_feature_enabled":true,"jetpack_social_post_already_shared":false,"jetpack_social_options":{"image_generator_settings":{"template":"highway","default_image_id":0,"font":"","enabled":false},"version":2}},"categories":[19,24],"tags":[],"class_list":["post-15980","post","type-post","status-publish","format-standard","has-post-thumbnail","hentry","category-aujourdhui-mali","category-sante"],"jetpack_publicize_connections":[],"featured_image_urls":{"full":["https:\/\/nandi.info\/wp-content\/uploads\/2023\/12\/Colonel-Assa-Badiallo-Toure-ministre-de-la-Sante-et-du-Developpement-social.jpg",2048,1366,false],"thumbnail":["https:\/\/nandi.info\/wp-content\/uploads\/2023\/12\/Colonel-Assa-Badiallo-Toure-ministre-de-la-Sante-et-du-Developpement-social-150x150.jpg",150,150,true],"medium":["https:\/\/nandi.info\/wp-content\/uploads\/2023\/12\/Colonel-Assa-Badiallo-Toure-ministre-de-la-Sante-et-du-Developpement-social-300x200.jpg",300,200,true],"medium_large":["https:\/\/nandi.info\/wp-content\/uploads\/2023\/12\/Colonel-Assa-Badiallo-Toure-ministre-de-la-Sante-et-du-Developpement-social-768x512.jpg",768,512,true],"large":["https:\/\/nandi.info\/wp-content\/uploads\/2023\/12\/Colonel-Assa-Badiallo-Toure-ministre-de-la-Sante-et-du-Developpement-social-1024x683.jpg",1024,683,true],"1536x1536":["https:\/\/nandi.info\/wp-content\/uploads\/2023\/12\/Colonel-Assa-Badiallo-Toure-ministre-de-la-Sante-et-du-Developpement-social-1536x1025.jpg",1536,1025,true],"2048x2048":["https:\/\/nandi.info\/wp-content\/uploads\/2023\/12\/Colonel-Assa-Badiallo-Toure-ministre-de-la-Sante-et-du-Developpement-social.jpg",2048,1366,false],"penci-recipe-1200x1200":["https:\/\/nandi.info\/wp-content\/uploads\/2023\/12\/Colonel-Assa-Badiallo-Toure-ministre-de-la-Sante-et-du-Developpement-social.jpg",1200,800,false],"penci-recipe-1200x900":["https:\/\/nandi.info\/wp-content\/uploads\/2023\/12\/Colonel-Assa-Badiallo-Toure-ministre-de-la-Sante-et-du-Developpement-social.jpg",1200,800,false],"penci-recipe-1200x675":["https:\/\/nandi.info\/wp-content\/uploads\/2023\/12\/Colonel-Assa-Badiallo-Toure-ministre-de-la-Sante-et-du-Developpement-social.jpg",1012,675,false],"penci-single-full":["https:\/\/nandi.info\/wp-content\/uploads\/2023\/12\/Colonel-Assa-Badiallo-Toure-ministre-de-la-Sante-et-du-Developpement-social.jpg",1920,1281,false],"penci-slider-full-thumb":["https:\/\/nandi.info\/wp-content\/uploads\/2023\/12\/Colonel-Assa-Badiallo-Toure-ministre-de-la-Sante-et-du-Developpement-social.jpg",1199,800,false],"penci-full-thumb":["https:\/\/nandi.info\/wp-content\/uploads\/2023\/12\/Colonel-Assa-Badiallo-Toure-ministre-de-la-Sante-et-du-Developpement-social.jpg",1170,780,false],"penci-slider-thumb":["https:\/\/nandi.info\/wp-content\/uploads\/2023\/12\/Colonel-Assa-Badiallo-Toure-ministre-de-la-Sante-et-du-Developpement-social.jpg",994,663,false],"penci-magazine-slider":["https:\/\/nandi.info\/wp-content\/uploads\/2023\/12\/Colonel-Assa-Badiallo-Toure-ministre-de-la-Sante-et-du-Developpement-social.jpg",774,516,false],"penci-thumb":["https:\/\/nandi.info\/wp-content\/uploads\/2023\/12\/Colonel-Assa-Badiallo-Toure-ministre-de-la-Sante-et-du-Developpement-social.jpg",585,390,false],"penci-masonry-thumb":["https:\/\/nandi.info\/wp-content\/uploads\/2023\/12\/Colonel-Assa-Badiallo-Toure-ministre-de-la-Sante-et-du-Developpement-social.jpg",585,390,false],"penci-thumb-square":["https:\/\/nandi.info\/wp-content\/uploads\/2023\/12\/Colonel-Assa-Badiallo-Toure-ministre-de-la-Sante-et-du-Developpement-social.jpg",585,390,false],"penci-thumb-vertical":["https:\/\/nandi.info\/wp-content\/uploads\/2023\/12\/Colonel-Assa-Badiallo-Toure-ministre-de-la-Sante-et-du-Developpement-social.jpg",480,320,false],"penci-thumb-small":["https:\/\/nandi.info\/wp-content\/uploads\/2023\/12\/Colonel-Assa-Badiallo-Toure-ministre-de-la-Sante-et-du-Developpement-social.jpg",263,175,false]},"author_info":{"display_name":"Nandi","author_link":"https:\/\/nandi.info\/?author=1"},"category_info":"<a href=\"https:\/\/nandi.info\/?cat=19\" rel=\"category\">Aujourd\u2019hui Mali<\/a> <a href=\"https:\/\/nandi.info\/?cat=24\" rel=\"category\">Sant\u00e9<\/a>","tag_info":"Sant\u00e9","comment_count":"0","jetpack_featured_media_url":"https:\/\/nandi.info\/wp-content\/uploads\/2023\/12\/Colonel-Assa-Badiallo-Toure-ministre-de-la-Sante-et-du-Developpement-social.jpg","jetpack_sharing_enabled":true,"_links":{"self":[{"href":"https:\/\/nandi.info\/index.php?rest_route=\/wp\/v2\/posts\/15980","targetHints":{"allow":["GET"]}}],"collection":[{"href":"https:\/\/nandi.info\/index.php?rest_route=\/wp\/v2\/posts"}],"about":[{"href":"https:\/\/nandi.info\/index.php?rest_route=\/wp\/v2\/types\/post"}],"author":[{"embeddable":true,"href":"https:\/\/nandi.info\/index.php?rest_route=\/wp\/v2\/users\/1"}],"replies":[{"embeddable":true,"href":"https:\/\/nandi.info\/index.php?rest_route=%2Fwp%2Fv2%2Fcomments&post=15980"}],"version-history":[{"count":1,"href":"https:\/\/nandi.info\/index.php?rest_route=\/wp\/v2\/posts\/15980\/revisions"}],"predecessor-version":[{"id":15984,"href":"https:\/\/nandi.info\/index.php?rest_route=\/wp\/v2\/posts\/15980\/revisions\/15984"}],"wp:featuredmedia":[{"embeddable":true,"href":"https:\/\/nandi.info\/index.php?rest_route=\/wp\/v2\/media\/15983"}],"wp:attachment":[{"href":"https:\/\/nandi.info\/index.php?rest_route=%2Fwp%2Fv2%2Fmedia&parent=15980"}],"wp:term":[{"taxonomy":"category","embeddable":true,"href":"https:\/\/nandi.info\/index.php?rest_route=%2Fwp%2Fv2%2Fcategories&post=15980"},{"taxonomy":"post_tag","embeddable":true,"href":"https:\/\/nandi.info\/index.php?rest_route=%2Fwp%2Fv2%2Ftags&post=15980"}],"curies":[{"name":"wp","href":"https:\/\/api.w.org\/{rel}","templated":true}]}}