{"id":15945,"date":"2023-11-29T12:54:59","date_gmt":"2023-11-29T11:54:59","guid":{"rendered":"https:\/\/nandi.info\/?p=15945"},"modified":"2023-11-29T12:55:02","modified_gmt":"2023-11-29T11:55:02","slug":"etats-generaux-des-centres-et-complexes-culturels-du-mali-le-reseau-kuruni-fait-letat-des-lieux","status":"publish","type":"post","link":"https:\/\/nandi.info\/?p=15945","title":{"rendered":"\u00c9tats g\u00e9n\u00e9raux des centres et complexes culturels du Mali : Le r\u00e9seau Kuruni fait l\u2019\u00e9tat des lieux"},"content":{"rendered":"\n<p><strong><em>Le Centre international de conf\u00e9rences&nbsp; de Bamako a abrit\u00e9, les 21 et 22 novembre 2023, les Etats g\u00e9n\u00e9raux des centres et complexes culturels du Mali (EGCCI). Plac\u00e9e sous le th\u00e8me \u201cPlace et r\u00f4les des infrastructures culturelles dans la promotion de la culture pour une \u00e9conomie durable et pour la paix\u201d, cette initiative du r\u00e9seau Kuruni a pour objectif de faire l\u2019\u00e9tat des lieux de ces infrastructures culturelles, revoir leur syst\u00e8me de fonctionnement et surtout comment restructurer le march\u00e9 de l\u2019industrie culturelle et cr\u00e9ative dans le d\u00e9veloppement \u00e9conomique et dans la promotion du vivre ensemble au Mali.<\/em><\/strong><\/p>\n\n\n\n<p class=\"has-drop-cap\">Les Etats g\u00e9n\u00e9raux de la culture ont eu lieu au CICB, les 21 et 22 novembre 2023. Organis\u00e9s par le r\u00e9seau Kuruni avec l\u2019appui du GIZ Donko ni Maaya, l\u2019objectif global des Etats g\u00e9n\u00e9raux \u00e9tait d\u2019\u00e9valuer le d\u00e9veloppement du secteur culturel \u00e0 travers les centres et complexes culturels et mobiliser les acteurs pour une r\u00e9flexion collective, d\u2019\u00e9tablir une vision commune et de d\u00e9finir des actions concr\u00e8tes.<\/p>\n\n\n\n<p>Pour le ministre de l\u2019Artisanat, de la Culture, de l\u2019Industrie h\u00f4teli\u00e8re et du Tourisme, Andogoly Guindo,&nbsp;<em>\u201cles centres constituent le socle sur lequel repose notre secteur des industries culturelles et cr\u00e9atives. Elles sont les gardiennes de notre patrimoine, les vecteurs de notre cr\u00e9ativit\u00e9 et catalyseurs de notre d\u00e9veloppement \u00e9conomique. En investissant dans ces infrastructures, nous investissons dans l\u2019avenir de notre pays\u201d<\/em>.<\/p>\n\n\n\n<p>Apr\u00e8s avoir salu\u00e9 et remerci\u00e9 les participants de Bamako et ceux venus des 19 r\u00e9gions du Mali, qui t\u00e9moignent l\u2019engagement des centres et complexes culturels, il a fait savoir que la raison de leur pr\u00e9sence et le sujet sur lequel ils vont \u00e9changer est d\u2019importance capitale&nbsp;: \u201cLa place et le r\u00f4le des infrastructures culturelles dans la promotion de la culture pour une \u00e9conomie durable et pour la paix\u201d.<\/p>\n\n\n\n<p>Selon Fousseyni Diakit\u00e9, pr\u00e9sident du r\u00e9seau Kuruni, ce th\u00e8me touche le c\u0153ur m\u00eame de notre identit\u00e9 et de notre avenir.<\/p>\n\n\n\n<p><em>\u201cVotre pr\u00e9sence t\u00e9moigne de la diversit\u00e9 et de la richesse de notre culture malienne, une mosa\u00efque de peuples et de traditions qui forment le tissu de notre nation. Les infrastructures culturelles jouent un r\u00f4le crucial dans la pr\u00e9servation et la promotion de notre patrimoine. Elles sont les gardiennes de notre histoire et les catalyseurs de notre avenir. En investissant dans ces infrastructures, nous investissons dans l\u2019\u00e9ducation, dans l\u2019art, et plus important encore, dans l\u2019unit\u00e9 et la paix de notre nation\u201d<\/em>.<\/p>\n\n\n\n<p>Pour lui, la culture est le socle sur lequel repose notre \u00e9conomie.<em>&nbsp;\u201cElle attire le tourisme, stimule l\u2019innovation et inspire la cr\u00e9ativit\u00e9. En ces temps de d\u00e9fis \u00e9conomiques et sociaux, il est imp\u00e9ratif de reconna\u00eetre le r\u00f4le vital que joue la culture dans le d\u00e9veloppement durable de notre pays. Au cours de ces \u00e9tats g\u00e9n\u00e9raux, je vous invite \u00e0 r\u00e9fl\u00e9chir, \u00e0 d\u00e9battre et \u00e0 proposer des strat\u00e9gies innovantes pour renforcer nos infrastructures culturelles\u201d<\/em>, a-t-il expliqu\u00e9.<\/p>\n\n\n\n<p>Durant deux jours des \u00e9changes ont port\u00e9 sur tous les secteurs et toutes les disciplines de la culture ; \u00e0 savoir : la danse, le design, le conte, le cin\u00e9ma, le th\u00e9\u00e2tre, la musique, la litt\u00e9rature, l\u2019audio-visuel, l\u2019art textile, les arts plastiques, les arts num\u00e9riques, les arts marionnettes, les \u00e9v\u00e9nements culturels, les festivals nationaux et internationaux&nbsp; au cours des panels \u201cQuel march\u00e9 pour le secteur de la culture&nbsp;: une approche \u00e9conomique de la culture et la place de la culture dans le processus de renonciation et de la coh\u00e9sion sociale durable\u201d, \u201cLa place et le r\u00f4le des infrastructures culturelles dans la promotion de la culture pour une \u00e9conomie durable\u201d, \u201cLa culture v\u00e9ritable levier de la d\u00e9centralisation\u201d.<\/p>\n\n\n\n<p>Ces diff\u00e9rents panels ont \u00e9t\u00e9 anim\u00e9s par Mame Diarra Diop, Alioune Ifra Ndiaye, Adama Traor\u00e9, Harouna Barry, Chab Tour\u00e9 avec des r\u00e9actions des participants tout au long des discussions.<\/p>\n\n\n\n<p>En plus des panels, des travaux de r\u00e9flexion ont \u00e9t\u00e9 men\u00e9s par les diff\u00e9rents participants repartis en trois groupes. Le premier a travaill\u00e9 sur la structure. Il s\u2019agissait pour eux de discuter sur la structuration des centres et initiatives culturelles locales, en lien avec le th\u00e8me d\u00e9battu et des programmes de formation adapt\u00e9es.<\/p>\n\n\n\n<p>Le deuxi\u00e8me groupe s\u2019est pench\u00e9 sur le march\u00e9 et sur l\u2019expansion des march\u00e9s locaux pour les produits culturels, en explorant des strat\u00e9gies de commercialisation, de distribution et de promotion pour les artistes et cr\u00e9ateurs locaux.<\/p>\n\n\n\n<p>Le troisi\u00e8me groupe s\u2019est focalis\u00e9 sur l\u2019\u00e9conomie et le financement&nbsp;: comment d\u00e9finir les m\u00e9canismes de financement au niveau local, y compris les partenariats avec les autorit\u00e9s locales. Comment d\u00e9gager une fiscalit\u00e9 propre aux entreprises culturelles. Quel partenariat \u00e0 d\u00e9velopper avec l\u2019ensemble des fonds d\u00e9di\u00e9s au secteur de la culture&nbsp;?<\/p>\n\n\n\n<p>A la fin des travaux et discussions, des recommandations ont \u00e9t\u00e9 faites afin de proposer des pistes de solutions \u00e0 tout ce qui freine l\u2019expansion de la culture.<\/p>\n\n\n\n<p>Diakit\u00e9 a dit que ces \u00e9changes ont permis d\u2019explorer comment nous pouvons rendre les infrastructures plus accessibles, plus inclusives et plus repr\u00e9sentatives de la diversit\u00e9 de notre patrimoine culturel, et qu\u2019une feuille de route inclusive sera \u00e9labor\u00e9e et mise en \u0153uvre pour le d\u00e9veloppement du secteur de la culture \u00e0 la fin des travaux, a dit le pr\u00e9sident du r\u00e9seau Kuruni avec beaucoup d\u2019espoir.<\/p>\n\n\n\n<p><strong>Aminata Agaly Yattara<\/strong><\/p>\n","protected":false},"excerpt":{"rendered":"<p>Le Centre international de conf\u00e9rences&nbsp; de Bamako a abrit\u00e9, les 21 et 22 novembre 2023, les Etats g\u00e9n\u00e9raux des centres et complexes culturels du Mali (EGCCI). Plac\u00e9e sous le th\u00e8me&hellip;<\/p>\n","protected":false},"author":1,"featured_media":15946,"comment_status":"open","ping_status":"open","sticky":false,"template":"","format":"standard","meta":{"content-type":"","_lmt_disableupdate":"","_lmt_disable":"","_jetpack_memberships_contains_paid_content":false,"footnotes":"","jetpack_publicize_message":"","jetpack_publicize_feature_enabled":true,"jetpack_social_post_already_shared":false,"jetpack_social_options":{"image_generator_settings":{"template":"highway","default_image_id":0,"font":"","enabled":false},"version":2}},"categories":[33,32],"tags":[],"class_list":["post-15945","post","type-post","status-publish","format-standard","has-post-thumbnail","hentry","category-mali-tribune","category-musique-art-et-culture"],"jetpack_publicize_connections":[],"featured_image_urls":{"full":["https:\/\/nandi.info\/wp-content\/uploads\/2023\/11\/Kuruni.jpg",450,450,false],"thumbnail":["https:\/\/nandi.info\/wp-content\/uploads\/2023\/11\/Kuruni-150x150.jpg",150,150,true],"medium":["https:\/\/nandi.info\/wp-content\/uploads\/2023\/11\/Kuruni-300x300.jpg",300,300,true],"medium_large":["https:\/\/nandi.info\/wp-content\/uploads\/2023\/11\/Kuruni.jpg",450,450,false],"large":["https:\/\/nandi.info\/wp-content\/uploads\/2023\/11\/Kuruni.jpg",450,450,false],"1536x1536":["https:\/\/nandi.info\/wp-content\/uploads\/2023\/11\/Kuruni.jpg",450,450,false],"2048x2048":["https:\/\/nandi.info\/wp-content\/uploads\/2023\/11\/Kuruni.jpg",450,450,false],"penci-recipe-1200x1200":["https:\/\/nandi.info\/wp-content\/uploads\/2023\/11\/Kuruni.jpg",450,450,false],"penci-recipe-1200x900":["https:\/\/nandi.info\/wp-content\/uploads\/2023\/11\/Kuruni.jpg",450,450,false],"penci-recipe-1200x675":["https:\/\/nandi.info\/wp-content\/uploads\/2023\/11\/Kuruni.jpg",450,450,false],"penci-single-full":["https:\/\/nandi.info\/wp-content\/uploads\/2023\/11\/Kuruni.jpg",450,450,false],"penci-slider-full-thumb":["https:\/\/nandi.info\/wp-content\/uploads\/2023\/11\/Kuruni.jpg",450,450,false],"penci-full-thumb":["https:\/\/nandi.info\/wp-content\/uploads\/2023\/11\/Kuruni.jpg",450,450,false],"penci-slider-thumb":["https:\/\/nandi.info\/wp-content\/uploads\/2023\/11\/Kuruni.jpg",450,450,false],"penci-magazine-slider":["https:\/\/nandi.info\/wp-content\/uploads\/2023\/11\/Kuruni.jpg",450,450,false],"penci-thumb":["https:\/\/nandi.info\/wp-content\/uploads\/2023\/11\/Kuruni.jpg",390,390,false],"penci-masonry-thumb":["https:\/\/nandi.info\/wp-content\/uploads\/2023\/11\/Kuruni.jpg",450,450,false],"penci-thumb-square":["https:\/\/nandi.info\/wp-content\/uploads\/2023\/11\/Kuruni.jpg",450,450,false],"penci-thumb-vertical":["https:\/\/nandi.info\/wp-content\/uploads\/2023\/11\/Kuruni.jpg",450,450,false],"penci-thumb-small":["https:\/\/nandi.info\/wp-content\/uploads\/2023\/11\/Kuruni.jpg",175,175,false]},"author_info":{"display_name":"Nandi","author_link":"https:\/\/nandi.info\/?author=1"},"category_info":"<a href=\"https:\/\/nandi.info\/?cat=33\" rel=\"category\">Mali Tribune<\/a> <a href=\"https:\/\/nandi.info\/?cat=32\" rel=\"category\">Musique Art et Culture<\/a>","tag_info":"Musique Art et Culture","comment_count":"0","jetpack_featured_media_url":"https:\/\/nandi.info\/wp-content\/uploads\/2023\/11\/Kuruni.jpg","jetpack_sharing_enabled":true,"_links":{"self":[{"href":"https:\/\/nandi.info\/index.php?rest_route=\/wp\/v2\/posts\/15945","targetHints":{"allow":["GET"]}}],"collection":[{"href":"https:\/\/nandi.info\/index.php?rest_route=\/wp\/v2\/posts"}],"about":[{"href":"https:\/\/nandi.info\/index.php?rest_route=\/wp\/v2\/types\/post"}],"author":[{"embeddable":true,"href":"https:\/\/nandi.info\/index.php?rest_route=\/wp\/v2\/users\/1"}],"replies":[{"embeddable":true,"href":"https:\/\/nandi.info\/index.php?rest_route=%2Fwp%2Fv2%2Fcomments&post=15945"}],"version-history":[{"count":1,"href":"https:\/\/nandi.info\/index.php?rest_route=\/wp\/v2\/posts\/15945\/revisions"}],"predecessor-version":[{"id":15947,"href":"https:\/\/nandi.info\/index.php?rest_route=\/wp\/v2\/posts\/15945\/revisions\/15947"}],"wp:featuredmedia":[{"embeddable":true,"href":"https:\/\/nandi.info\/index.php?rest_route=\/wp\/v2\/media\/15946"}],"wp:attachment":[{"href":"https:\/\/nandi.info\/index.php?rest_route=%2Fwp%2Fv2%2Fmedia&parent=15945"}],"wp:term":[{"taxonomy":"category","embeddable":true,"href":"https:\/\/nandi.info\/index.php?rest_route=%2Fwp%2Fv2%2Fcategories&post=15945"},{"taxonomy":"post_tag","embeddable":true,"href":"https:\/\/nandi.info\/index.php?rest_route=%2Fwp%2Fv2%2Ftags&post=15945"}],"curies":[{"name":"wp","href":"https:\/\/api.w.org\/{rel}","templated":true}]}}