{"id":15938,"date":"2023-11-29T12:04:47","date_gmt":"2023-11-29T11:04:47","guid":{"rendered":"https:\/\/nandi.info\/?p=15938"},"modified":"2023-11-29T12:17:43","modified_gmt":"2023-11-29T11:17:43","slug":"engagement-citoyen-a-travers-le-genre-au-mali-lindispensable-inclusion","status":"publish","type":"post","link":"https:\/\/nandi.info\/?p=15938","title":{"rendered":"Engagement citoyen \u00e0 travers le genre au Mali : L\u2019indispensable inclusion"},"content":{"rendered":"\n<p><em style=\"font-weight: 700; color: rgb(25, 25, 25); font-family: Verdana, Geneva, sans-serif; font-size: 15px; white-space: normal; box-sizing: border-box;\">Le 23 novembre 2023, la Maison de la presse a accueilli une table ronde d\u2019\u00e9changes entre les brigades citoyennes et organisations f\u00e9minines du district de Bamako pour promouvoir l\u2019engagement citoyen \u00e0 travers le genre au Mali. L\u2019objectif de cette table ronde est de promouvoir l\u2019engagement citoyen \u00e0 travers l\u2019inclusion du genre et le leadership des jeunes filles au Mali autour du dialogue entre les \u201cBrigades citoyennes\u201d et les organisations f\u00e9minines du district de Bamako.<\/em><\/p>\n\n\n\n<p class=\"has-drop-cap\"><p style=\"box-sizing: border-box; margin-top: 0px; margin-bottom: 26px; overflow-wrap: break-word; color: rgb(25, 25, 25); font-family: Verdana, Geneva, sans-serif; font-size: 15px; white-space: normal;\">Depuis octobre 2022, l\u2019organisation canadienne Journalistes pour les droits humains (JDH\/JHR) met en \u0153uvre le projet \u201cAmplifier la voix des femmes \u00e0 travers les m\u00e9dias en contexte de transition et des r\u00e9formes au Mali\u201d avec le soutien financier de NED pour promouvoir les droits des femmes et filles, soutenir leur inclusion, leur participation et leur leadership en faveur d\u2019une d\u00e9mocratie plus inclusive, apais\u00e9e et respectueuse des droits humains.<\/p><p style=\"box-sizing: border-box; margin-top: 0px; margin-bottom: 26px; overflow-wrap: break-word; color: rgb(25, 25, 25); font-family: Verdana, Geneva, sans-serif; font-size: 15px; white-space: normal;\">C\u2019est dans ce cadre que l\u2019organisation canadienne JDH a appuy\u00e9 les \u201cBrigades citoyennes\u201d dans son initiative qui constitue une opportunit\u00e9 pratique pour soutenir l\u2019engagement citoyen \u00e0 travers l\u2019inclusion du genre et le leadership f\u00e9minin au sein des communaut\u00e9s.<\/p><p style=\"box-sizing: border-box; margin-top: 0px; margin-bottom: 26px; overflow-wrap: break-word; color: rgb(25, 25, 25); font-family: Verdana, Geneva, sans-serif; font-size: 15px; white-space: normal;\">Ces jeunes volontaires engag\u00e9s sont \u00e0 la disposition de leurs localit\u00e9s respectives pour une participation active sur les probl\u00e9matiques d\u2019int\u00e9r\u00eat g\u00e9n\u00e9ral comme l\u2019ins\u00e9curit\u00e9 routi\u00e8re, l\u2019insalubrit\u00e9, les Violences bas\u00e9es sur le genre (VBG), etc. Cette initiative peut servir de m\u00e9canisme de dialogue et d\u2019actions coordonn\u00e9es avec les organisations f\u00e9minines actives pour prot\u00e9ger les femmes et filles ; am\u00e9liorer le d\u00e9veloppement inclusif.<\/p><p style=\"box-sizing: border-box; margin-top: 0px; margin-bottom: 26px; overflow-wrap: break-word; color: rgb(25, 25, 25); font-family: Verdana, Geneva, sans-serif; font-size: 15px; white-space: normal;\">Aussi dans le but d\u2019am\u00e9liorer l\u2019engagement citoyen de la jeunesse malienne, le minist\u00e8re de la Jeunesse et des Sports, charg\u00e9 de l\u2019Instruction civique et de la Construction citoyenne a initi\u00e9 les \u201cBrigades citoyennes\u201d, compos\u00e9es essentiellement de jeunes. En ao\u00fbt 2023, le ministre de la Jeunesse et des Sports, charg\u00e9 de l\u2019Instruction civique et de la Construction citoyenne a lanc\u00e9 les activit\u00e9s des brigades citoyennes \u00e0 travers 1200 jeunes volontaires dans le district de Bamako, soit 200 jeunes par commune.<\/p><p style=\"box-sizing: border-box; margin-top: 0px; margin-bottom: 26px; overflow-wrap: break-word; color: rgb(25, 25, 25); font-family: Verdana, Geneva, sans-serif; font-size: 15px; white-space: normal;\">Le coordonnateur de JDH a tenu \u00e0 pr\u00e9senter bri\u00e8vement l\u2019organisation, ses objectifs, ses activit\u00e9s phares. Pour Moro Siaka Diallo, ce genre de cadre permet de faire prendre conscience aux participants et particuli\u00e8rement participantes de leurs droits, des orientations potentiellement importantes pour qu\u2019elles soient capables de se d\u00e9fendre ou qu\u2019elles aillent.<\/p><p style=\"box-sizing: border-box; margin-top: 0px; margin-bottom: 26px; overflow-wrap: break-word; color: rgb(25, 25, 25); font-family: Verdana, Geneva, sans-serif; font-size: 15px; white-space: normal;\">Cette activit\u00e9 s\u2019inscrit dans le cadre du projet \u201cAmplifier la voix des femmes \u00e0 travers les m\u00e9dias en contexte de transition et des r\u00e9formes\u201d. L\u2019une des raisons c\u2019est aussi de cr\u00e9er un lien entre les femmes des organisations de la soci\u00e9t\u00e9 civile et les journalistes form\u00e9s par JDH.<\/p><p style=\"box-sizing: border-box; margin-top: 0px; margin-bottom: 26px; overflow-wrap: break-word; color: rgb(25, 25, 25); font-family: Verdana, Geneva, sans-serif; font-size: 15px; white-space: normal;\">L\u2019objectif de la table ronde est de promouvoir l\u2019engagement citoyen \u00e0 travers l\u2019inclusion du genre et le leadership des jeunes filles au Mali autour du dialogue entre les \u201cBrigades citoyennes\u201d et les organisations f\u00e9minines du district de Bamako, pr\u00e9senter le projet \u201cAmplifier la voix des femmes \u00e0 travers les m\u00e9dias en contexte de Transition et des r\u00e9formes\u201d ; de pr\u00e9senter le programme des \u201cBrigades citoyennes\u201d, son fonctionnement, sa gestion et collaboration avec les organisations communautaires de base ; discuter de l\u2019inclusion du genre et du leadership des jeunes filles dans les structures et actions des \u201cBrigades citoyennes\u201d ; discuter des possibilit\u00e9s de collaboration entre \u201cBrigades citoyennes\u201d et organisations f\u00e9minines dans le district de Bamako; fournir des recommandations pour soutenir les \u201cBrigades citoyennes\u201d \u00e0 travers l\u2019inclusion du genre et le leadership f\u00e9minin au Mali.<\/p><p style=\"box-sizing: border-box; margin-top: 0px; margin-bottom: 26px; overflow-wrap: break-word; color: rgb(25, 25, 25); font-family: Verdana, Geneva, sans-serif; font-size: 15px; white-space: normal;\">Selon le directeur national de la jeunesse, Baba Arby,\u00a0<em style=\"box-sizing: border-box;\">\u201cc\u2019est \u00e0 partir de la jeunesse que l\u2019on peut cr\u00e9er de nouveaux citoyens. Cela se fait \u00e0 travers trois choses\u00a0: l\u2019engagement social et citoyen, la mobilisation ou encore la disponibilit\u00e9, l\u2019investissement. Ces choses d\u00e9terminent la contribution des citoyens au d\u00e9veloppement social\u201d<\/em>.<\/p><p style=\"box-sizing: border-box; margin-top: 0px; margin-bottom: 26px; overflow-wrap: break-word; color: rgb(25, 25, 25); font-family: Verdana, Geneva, sans-serif; font-size: 15px; white-space: normal;\">Pour lui, tout ce que l\u2019on entreprend commence par les enfants et chacun peut commencer \u00e0 t\u00e9moigner son engagement \u00e0 travers des actions que ce soit au niveau du quartier, de la commune, des collectivit\u00e9s. La mairie ou l\u2019Etat ne pouvant pas tout faire. D\u00e8s le bas \u00e2ge, il est important d\u2019apprendre des bonnes pratiques aux enfants et surtout quand il s\u2019agit de mettre les ordures \u00e0 la poubelle qui sont des reflexes qu\u2019il va garder, a-t-il sugg\u00e9r\u00e9.<\/p><p style=\"box-sizing: border-box; margin-top: 0px; margin-bottom: 26px; overflow-wrap: break-word; color: rgb(25, 25, 25); font-family: Verdana, Geneva, sans-serif; font-size: 15px; white-space: normal;\"><em style=\"box-sizing: border-box;\">\u201cQuant aux jeunes et aux parents, il est toujours recommand\u00e9 de payer ses redevances pour r\u00e9clamer des choses demain. Ce sont des petites habitudes comme \u00e7a qui feront le changement et qui fera les nouveaux citoyens et donc le Mali Kura\u201d<\/em>, a-t-il ajout\u00e9.<\/p><p style=\"box-sizing: border-box; margin-top: 0px; margin-bottom: 26px; overflow-wrap: break-word; color: rgb(25, 25, 25); font-family: Verdana, Geneva, sans-serif; font-size: 15px; white-space: normal;\"><span style=\"box-sizing: border-box; font-weight: 700;\">Aminata Agaly Yattara<\/span><\/p><\/p>\n","protected":false},"excerpt":{"rendered":"<p>Le 23 novembre 2023, la Maison de la presse a accueilli une table ronde d\u2019\u00e9changes entre les brigades citoyennes et organisations f\u00e9minines du district de Bamako pour promouvoir l\u2019engagement citoyen&hellip;<\/p>\n","protected":false},"author":1,"featured_media":15939,"comment_status":"open","ping_status":"open","sticky":false,"template":"","format":"standard","meta":{"content-type":"","_lmt_disableupdate":"","_lmt_disable":"","_jetpack_memberships_contains_paid_content":false,"footnotes":"","jetpack_publicize_message":"","jetpack_publicize_feature_enabled":true,"jetpack_social_post_already_shared":false,"jetpack_social_options":{"image_generator_settings":{"template":"highway","default_image_id":0,"font":"","enabled":false},"version":2}},"categories":[33,21],"tags":[],"class_list":["post-15938","post","type-post","status-publish","format-standard","has-post-thumbnail","hentry","category-mali-tribune","category-societe"],"jetpack_publicize_connections":[],"featured_image_urls":{"full":["https:\/\/nandi.info\/wp-content\/uploads\/2023\/11\/JHR.jpg",680,360,false],"thumbnail":["https:\/\/nandi.info\/wp-content\/uploads\/2023\/11\/JHR-150x150.jpg",150,150,true],"medium":["https:\/\/nandi.info\/wp-content\/uploads\/2023\/11\/JHR-300x159.jpg",300,159,true],"medium_large":["https:\/\/nandi.info\/wp-content\/uploads\/2023\/11\/JHR.jpg",680,360,false],"large":["https:\/\/nandi.info\/wp-content\/uploads\/2023\/11\/JHR.jpg",680,360,false],"1536x1536":["https:\/\/nandi.info\/wp-content\/uploads\/2023\/11\/JHR.jpg",680,360,false],"2048x2048":["https:\/\/nandi.info\/wp-content\/uploads\/2023\/11\/JHR.jpg",680,360,false],"penci-recipe-1200x1200":["https:\/\/nandi.info\/wp-content\/uploads\/2023\/11\/JHR.jpg",680,360,false],"penci-recipe-1200x900":["https:\/\/nandi.info\/wp-content\/uploads\/2023\/11\/JHR.jpg",680,360,false],"penci-recipe-1200x675":["https:\/\/nandi.info\/wp-content\/uploads\/2023\/11\/JHR.jpg",680,360,false],"penci-single-full":["https:\/\/nandi.info\/wp-content\/uploads\/2023\/11\/JHR.jpg",680,360,false],"penci-slider-full-thumb":["https:\/\/nandi.info\/wp-content\/uploads\/2023\/11\/JHR.jpg",680,360,false],"penci-full-thumb":["https:\/\/nandi.info\/wp-content\/uploads\/2023\/11\/JHR.jpg",680,360,false],"penci-slider-thumb":["https:\/\/nandi.info\/wp-content\/uploads\/2023\/11\/JHR.jpg",680,360,false],"penci-magazine-slider":["https:\/\/nandi.info\/wp-content\/uploads\/2023\/11\/JHR.jpg",680,360,false],"penci-thumb":["https:\/\/nandi.info\/wp-content\/uploads\/2023\/11\/JHR.jpg",585,310,false],"penci-masonry-thumb":["https:\/\/nandi.info\/wp-content\/uploads\/2023\/11\/JHR.jpg",585,310,false],"penci-thumb-square":["https:\/\/nandi.info\/wp-content\/uploads\/2023\/11\/JHR.jpg",585,310,false],"penci-thumb-vertical":["https:\/\/nandi.info\/wp-content\/uploads\/2023\/11\/JHR.jpg",480,254,false],"penci-thumb-small":["https:\/\/nandi.info\/wp-content\/uploads\/2023\/11\/JHR.jpg",263,139,false]},"author_info":{"display_name":"Nandi","author_link":"https:\/\/nandi.info\/?author=1"},"category_info":"<a href=\"https:\/\/nandi.info\/?cat=33\" rel=\"category\">Mali Tribune<\/a> <a href=\"https:\/\/nandi.info\/?cat=21\" rel=\"category\">Soci\u00e9t\u00e9<\/a>","tag_info":"Soci\u00e9t\u00e9","comment_count":"0","jetpack_featured_media_url":"https:\/\/nandi.info\/wp-content\/uploads\/2023\/11\/JHR.jpg","jetpack_sharing_enabled":true,"_links":{"self":[{"href":"https:\/\/nandi.info\/index.php?rest_route=\/wp\/v2\/posts\/15938","targetHints":{"allow":["GET"]}}],"collection":[{"href":"https:\/\/nandi.info\/index.php?rest_route=\/wp\/v2\/posts"}],"about":[{"href":"https:\/\/nandi.info\/index.php?rest_route=\/wp\/v2\/types\/post"}],"author":[{"embeddable":true,"href":"https:\/\/nandi.info\/index.php?rest_route=\/wp\/v2\/users\/1"}],"replies":[{"embeddable":true,"href":"https:\/\/nandi.info\/index.php?rest_route=%2Fwp%2Fv2%2Fcomments&post=15938"}],"version-history":[{"count":1,"href":"https:\/\/nandi.info\/index.php?rest_route=\/wp\/v2\/posts\/15938\/revisions"}],"predecessor-version":[{"id":15940,"href":"https:\/\/nandi.info\/index.php?rest_route=\/wp\/v2\/posts\/15938\/revisions\/15940"}],"wp:featuredmedia":[{"embeddable":true,"href":"https:\/\/nandi.info\/index.php?rest_route=\/wp\/v2\/media\/15939"}],"wp:attachment":[{"href":"https:\/\/nandi.info\/index.php?rest_route=%2Fwp%2Fv2%2Fmedia&parent=15938"}],"wp:term":[{"taxonomy":"category","embeddable":true,"href":"https:\/\/nandi.info\/index.php?rest_route=%2Fwp%2Fv2%2Fcategories&post=15938"},{"taxonomy":"post_tag","embeddable":true,"href":"https:\/\/nandi.info\/index.php?rest_route=%2Fwp%2Fv2%2Ftags&post=15938"}],"curies":[{"name":"wp","href":"https:\/\/api.w.org\/{rel}","templated":true}]}}