{"id":15856,"date":"2023-11-22T13:46:28","date_gmt":"2023-11-22T12:46:28","guid":{"rendered":"https:\/\/nandi.info\/?p=15856"},"modified":"2023-11-22T14:29:05","modified_gmt":"2023-11-22T13:29:05","slug":"accord-pour-la-paix-et-la-reconciliation-au-mali-lancien-premier-ministre-ahmed-mohamed-ag-hamani-denonce-la-duplicite-de-la-mediation-internationale","status":"publish","type":"post","link":"https:\/\/nandi.info\/?p=15856","title":{"rendered":"Accord pour la paix et la r\u00e9conciliation au Mali\u00a0: L\u2019ancien Premier ministre, Ahmed Mohamed Ag Hamani d\u00e9nonce la duplicit\u00e9 de la M\u00e9diation internationale\u2026"},"content":{"rendered":"\n<p><strong>Selon l\u2019ancien Premier ministre, Ahmed Mohamed Ag Hamani, l\u2019\u00e9chec de l\u2019Accord pour la paix issu du processus d\u2019Alger se r\u00e9sume essentiellement \u00e0 \u00ab<em>la m\u00e9fiance<\/em>\u00bb qui n\u2019a jamais \u00e9t\u00e9 r\u00e9sorb\u00e9e entre les signataires, la \u00ab<em>dimension internationale<\/em>\u00bb impos\u00e9e \u00e0 la crise, comme s\u2019il s\u2019agissait d\u2019un conflit entre deux Etats; l\u2019absence de caution politique nationale, car l\u2019Accord n\u2019a jamais \u00e9t\u00e9 soumis \u00e0 l\u2019approbation de l\u2019Assembl\u00e9e Nationale qui d\u00e9tient cependant la souverainet\u00e9 du peuple ; la non prise en compte effective de la soci\u00e9t\u00e9 civile, dont la pr\u00e9sence aux n\u00e9gociations d\u2019Alger n\u2019a \u00e9t\u00e9 que superficielle. Sans compter la duplicit\u00e9 de la M\u00e9diation internationale.<\/strong><\/p>\n\n\n\n<p>\u00abLa paix est-elle encore possible au Mali ?\u00bb&nbsp;! Tel \u00e9tait le th\u00e8me d\u2019une conf\u00e9rence-d\u00e9bat anim\u00e9e le 28 octobre 2023 par l\u2019ancien Premier ministre Ahmed Mohamed&nbsp; Ag Hamani \u00e0 l\u2019occasion du premier anniversaire de la d\u00e9dicace de son livre, \u00ab<em>Ahmed Mohamed Ag Hamani, Une Vie pour le Mali<\/em>\u00bb. Cette interrogation se justifie pleinement dans le contexte actuel. Et l\u2019\u00e9minence grive a presque fait la gen\u00e8se des crises majeures (coups d\u2019Etat, rebellions, rivalit\u00e9s politique, conflits communautaires, s\u00e9cheresse\u2026) auxquels notre pays a du faire face de l\u2019ind\u00e9pendance \u00e0 nos jours et dont la mauvaise gestion justifie l\u2019impasse actuelle dans laquelle il se trouve depuis plus d\u2019une d\u00e9cennie. Il s\u2019est aussi pench\u00e9 sur les raisons profondes de l\u2019\u00e9chec de l\u2019Accord pour la paix et la r\u00e9conciliation au Mali (APRM).&nbsp;<\/p>\n\n\n\n<p>\u00ab<em>Aujourd\u2019hui, ne nous voilons pas la face, nombreux sont ceux qui n\u2019ont pas int\u00e9r\u00eat \u00e0 ce qu\u2019une paix durable s\u2019installe au Mali pour des motivations diverses<\/em>\u00bb&nbsp;! C\u2019est la v\u00e9rit\u00e9 assen\u00e9e par l\u2019ancien Premier ministre Ahmed Mohamed Ag Hamani lors d\u2019une conf\u00e9r\u00e9nce-d\u00e9bat dont il a \u00e9t\u00e9 le principal animateur le 28 octobre 2023.&nbsp; \u00ab<em>Or, malheureusement, c\u2019est un euph\u00e9misme que de dire actuellement que la situation sociopolitique du Mali est de plus en plus volatile<\/em>\u00bb, a-t-il rappel\u00e9 dans sa communication essentiellement consacr\u00e9e aux obstacles \u00e0 la paix et \u00e0 la stabilit\u00e9 de notre pays, de l\u2019ind\u00e9pendance \u00e0 nos jours. Selon le conf\u00e9rencier, cet accord repr\u00e9sente, \u00e0 juste titre, un cadre formel et coh\u00e9rent pour relever les d\u00e9fis de la crise qui secoue le Mali depuis plusieurs d\u00e9cennies.&nbsp; Mais, h\u00e9las, il est rest\u00e9 toujours \u00e0 la tra\u00eene \u00e0 cause de nombreux facteurs, dont le non respect des engagements souscrits dans les accords pr\u00e9c\u00e9dents.<\/p>\n\n\n\n<p>Bien qu\u2019il ait \u00e9t\u00e9 rationnellement b\u00e2ti sur quatre piliers prenant en compte toutes les dimensions de la crise, il n\u2019a pas conduit aux objectifs recherch\u00e9s pour des raisons \u00e0 la fois endog\u00e8nes et exog\u00e8nes suffisamment analys\u00e9es dans les diff\u00e9rents rapports que la Coalition citoyenne de la soci\u00e9t\u00e9 civile pour la paix, l\u2019unit\u00e9 et la r\u00e9conciliation nationale au Mali (CCSC-PURN) \u00e9dite chaque ann\u00e9e depuis sa cr\u00e9ation en 2017. Des analyses souvent partag\u00e9es avec des associations et des organisations s\u2019int\u00e9ressant ou impliqu\u00e9es dans la crise malienne.<\/p>\n\n\n\n<p>L\u2019ancien Premier ministre, Ahmed Mohamed Ag Hamani a ainsi analys\u00e9 les raisons de l\u2019\u00e9chec de l\u2019Accord pour la paix et la r\u00e9conciliation au Mali (APRM), issu du processus d\u2019Alger. Un \u00e9chec qu\u2019il a li\u00e9 \u00e0 \u00ab<em>la m\u00e9fiance<\/em>\u00bb qui n\u2019a jamais \u00e9t\u00e9 r\u00e9sorb\u00e9e entre les signataires, la \u00ab<em>dimension internationale<\/em>\u00bb impos\u00e9e \u00e0 la crise, comme s\u2019il s\u2019agissait d\u2019un conflit entre deux Etats ; l\u2019absence de caution politique nationale, car l\u2019APRM n\u2019a jamais \u00e9t\u00e9 soumis \u00e0 l\u2019approbation de l\u2019Assembl\u00e9e Nationale qui d\u00e9tient cependant la souverainet\u00e9 du peuple ; la non prise en compte effective de la soci\u00e9t\u00e9 civile, dont la pr\u00e9sence aux n\u00e9gociations d\u2019Alger n\u2019a \u00e9t\u00e9 que superficielle.<\/p>\n\n\n\n<p><strong>Sans compter le caract\u00e8re contraignant de certaines dispositions<\/strong> qui ne prennent pas en compte les limites juridiques d\u00e9finies par le gouvernement ; la d\u00e9cision \u00e9quivoque du cantonnement des combattants non d\u00e9sarm\u00e9s dans leurs fiefs respectifs&nbsp;; les dispositions contraires aux lois et exigences d\u2019une v\u00e9ritable arm\u00e9e nationale telles que le processus de DDR aboutissant \u00e0 une arm\u00e9e composite voire communautaire ; le red\u00e9ploiement de 80 % de ces int\u00e9gr\u00e9s sur leur territoire d\u2019origine ; l\u2019int\u00e9gration syst\u00e9matique des combattants avec leurs grades acquis au sein de leurs groupes d\u2019origine, ignorant les r\u00e8gles qui r\u00e9gissent une arm\u00e9e nationale et r\u00e9publicaine&nbsp;; la mise en place des autorit\u00e9s int\u00e9rimaires, non pr\u00e9vue par l\u2019Accord affaiblissant sa mise en \u0153uvre.<\/p>\n\n\n\n<p>Le conf\u00e9rencier a aussi d\u00e9nonc\u00e9 la duplicit\u00e9 de la M\u00e9diation internationale, notamment les Nations unies qui imposent unilat\u00e9ralement des dispositions attentatoires \u00e0 l\u2019esprit et aux fondements de l\u2019APRM, \u00e0 l\u2019instar du \u00ab<em>Pacte pour le M<\/em>ali\u00bb, ou qui adoubent des acteurs tels le Comit\u00e9 strat\u00e9gique permanent, non signataire de l\u2019APRM, devenu apr\u00e8s le Cadre strat\u00e9gique permanent pour la paix, la s\u00e9curit\u00e9 et le d\u00e9veloppement (CSP-PSD) en s\u2019octroyant les missions de la Coordination des Mouvements de l\u2019Azawad (CMA).<\/p>\n\n\n\n<p>Pour Ag Hamani, les agendas particuliers de certains partenaires et le r\u00f4le du Chef de file de la M\u00e9diation (Alg\u00e9rie) qui parait ambigu pour certains, car il semble avoir au Mali des int\u00e9r\u00eats g\u00e9opolitiques et g\u00e9ostrat\u00e9giques qui peuvent alt\u00e9rer la neutralit\u00e9 de sa mission et l\u2019acc\u00e9l\u00e9ration de la mise en oeuvre de l\u2019APRM qui n\u2019a pas \u00e0 \u00ab<em>hauteur de souhait<\/em>\u00bb \u00e0 cause aussi de \u00abfacteurs essentiels\u00bb. Pour l\u2019homme d\u2019Etat et pr\u00e9sident fondateur de l\u2019Association pour la revalorisation de l\u2019expertise nationale (ARENA) \u00ab<em>les plus visibles<\/em>\u00bb de ces facteurs sont, entre autres, les r\u00e9sultats mitig\u00e9s de la force internationale militaire sur le terrain, pr\u00e8s de 15&nbsp;000 hommes de toutes les nationalit\u00e9s qui ne sont pas arriv\u00e9s \u00e0 endiguer le terrorisme.<\/p>\n\n\n\n<p>Pire, a d\u00e9plor\u00e9 l\u2019ancien diplomate (ambassadeur du Mali successivement aupr\u00e8s du Maroc, de la Belgique, du Grand-duch\u00e9 du Luxembourg et de l\u2019Union europ\u00e9enne) \u00ab<em>du nord du Mali o\u00f9 il \u00e9tait localis\u00e9, le terrorisme s\u2019est m\u00e9tastas\u00e9 sur presque l\u2019ensemble du pays, avant de se propager dans le Sahel, avec des vell\u00e9it\u00e9s d\u2019atteindre le Golfe de Guin\u00e9e<\/em>\u00bb.<\/p>\n\n\n\n<p><strong>Quand la paix devient un filon juteux pour les acteurs<\/strong><\/p>\n\n\n\n<p>&nbsp;\u00ab<em>La Mission Multidimensionnelle int\u00e9gr\u00e9e des Nations Unies pour la stabilisation du Mali<\/em> (MINUSMA) <em>n\u2019a \u00e9galement pas abouti aux r\u00e9sultats de paix et de r\u00e9conciliation, essentiellement par l\u2019inad\u00e9quation de ses missions onusiennes classiques avec les r\u00e9alit\u00e9s maliennes, car il ne s\u2019agit pas d\u2019interposition entre deux camps bellig\u00e9rants dans les principales villes du pays, mais plut\u00f4t de faire face \u00e0 une guerre asym\u00e9trique qui op\u00e8re sur le terrain<\/em>\u00bb, a aussi soulign\u00e9 Ahmed Mohamed Ag Hamani lors de sa conf\u00e9rence-d\u00e9bat du 28 octobre 2023.<\/p>\n\n\n\n<p>A son avis,&nbsp; l\u2019APRM a aussi souffert d\u2019autres d\u00e9fis non moins importants comme l\u2019int\u00e9r\u00eat g\u00e9opolitique et g\u00e9ostrat\u00e9gique que suscite Sahel, particuli\u00e8rement le Mali, non seulement en raison des immenses richesses de son sol et de son sous-sol, mais aussi, la recomposition actuelle du nouvel ordre politique et \u00e9conomique mondial. \u00ab<em>Je voudrais \u00e9voquer ensuite les int\u00e9r\u00eats personnels qui font que certaines parties \u00e0 l\u2019Accord se plaisent dans un statut scl\u00e9rosant qui arrange leurs ambitions politiques et mat\u00e9rielles<\/em>\u00bb, a d\u00e9nonc\u00e9 l\u2019ancien Premier ministre (du 9 juin 2002 jusqu&rsquo;au 28 avril 2004) de feu le pr\u00e9sident Amadou Toumani Tour\u00e9 dit ATT.<\/p>\n\n\n\n<p>Dans sa communication, l\u2019\u00e9minence grise a touch\u00e9 du doigt d\u2019autres ph\u00e9nom\u00e8nes qui emp\u00eachent toute possibilit\u00e9 de paix. Il s\u2019agir notamment du narcotrafic et de la criminalit\u00e9 transfrontali\u00e8re qui veulent \u00ab<em>sanctuarise<\/em>r\u00bb de larges zones sah\u00e9liennes pour une \u00e9conomie d\u00e9sormais florissante. \u00ab<em>Nul n\u2019ignore aujourd\u2019hui l\u2019infiltration des narcotrafiquants dans les instances de d\u00e9cisions, souvent \u00e0 des niveaux particuli\u00e8rement \u00e9lev\u00e9s, constituant des obstacles de poids pour tout contr\u00f4le des zones de passage pour leurs business<\/em>\u00bb, a d\u00e9plor\u00e9 Ag Hamani. \u00ab<em>Vous comprenez mieux pourquoi les efforts de paix n\u2019ont pratiquement pas \u00e9t\u00e9 concluants<\/em>\u00bb, a-t-il soulign\u00e9.<\/p>\n\n\n\n<p>\u00ab<em>L\u2019objectivit\u00e9 nous oblige d\u00e8s lors \u00e0 reconna\u00eetre que tous ces accords, initiatives, fora et conf\u00e9rences, qui font les m\u00eames analyses conduisent \u00e0 des solutions probablement erron\u00e9es<\/em>\u00bb, a \u00e9galement d\u00e9plor\u00e9 l\u2019ancien Haut-commissaire de l\u2019Organisation de mise en valeur du fleuve S\u00e9n\u00e9gal (OMVS). Il a notamment d\u00e9plor\u00e9 la non int\u00e9gration de \u00ab<em>la dimension culturelle, notamment religieuse<\/em>\u00bb, dans l\u2019analyse des crises. Ce qui a rendu difficile \u00ab<em>les vell\u00e9it\u00e9s de solutions p\u00e9rennes<\/em>\u00bb.<\/p>\n\n\n\n<p>En d\u00e9finitive, a d\u00e9plor\u00e9 l\u2019ing\u00e9nieur-statisticien de formation, \u00ab<em>la paix elle-m\u00eame est devenue un filon exploit\u00e9 maintes fois par des associations, personnes physiques et morales qui multiplient les activit\u00e9s lucratives, concertations, colloques, marches, activit\u00e9s culturelles et sportives pour la paix<\/em>\u00bb. Comme nous le conseille si bien l\u2019\u00e9minence grise, \u00ab<em>ouvrons les yeux sur la r\u00e9alit\u00e9 que l\u2019existence m\u00eame du pays devient pour chacun de nous la pr\u00e9occupation quotidienne fondamentale<\/em>\u00bb.<\/p>\n\n\n\n<p>Et de s\u2019interroger&nbsp;: <em>devons-nous, pour autant, baisser d\u00e9finitivement les bras ? Ne devons-nous pas puiser dans nos ressources intellectuelles et morales ultimes pour explorer la moindre piste, afin de nous engager dans la voie de survie du pays ?<\/em> Des questions pertinentes dont les r\u00e9ponses vont d\u00e9terminer la paix et la stabilit\u00e9 de notre pays voire du Sahel&nbsp;!<\/p>\n\n\n\n<p><strong>Moussa Bolly<\/strong><\/p>\n","protected":false},"excerpt":{"rendered":"<p>Selon l\u2019ancien Premier ministre, Ahmed Mohamed Ag Hamani, l\u2019\u00e9chec de l\u2019Accord pour la paix issu du processus d\u2019Alger se r\u00e9sume essentiellement \u00e0 \u00abla m\u00e9fiance\u00bb qui n\u2019a jamais \u00e9t\u00e9 r\u00e9sorb\u00e9e entre&hellip;<\/p>\n","protected":false},"author":1,"featured_media":15859,"comment_status":"open","ping_status":"open","sticky":false,"template":"","format":"standard","meta":{"content-type":"","_lmt_disableupdate":"","_lmt_disable":"","_jetpack_memberships_contains_paid_content":false,"footnotes":"","jetpack_publicize_message":"","jetpack_publicize_feature_enabled":true,"jetpack_social_post_already_shared":false,"jetpack_social_options":{"image_generator_settings":{"template":"highway","default_image_id":0,"font":"","enabled":false},"version":2}},"categories":[53,92,21],"tags":[],"class_list":["post-15856","post","type-post","status-publish","format-standard","has-post-thumbnail","hentry","category-le-matin","category-slider","category-societe"],"jetpack_publicize_connections":[],"featured_image_urls":{"full":["https:\/\/nandi.info\/wp-content\/uploads\/2023\/11\/Ahmed-Mohamed-Ag-Hamani-technocrate-et-homme-dEtat-tres-engage-pour-la-paix-et-la-stablite-du-Mali.jpg",1500,844,false],"thumbnail":["https:\/\/nandi.info\/wp-content\/uploads\/2023\/11\/Ahmed-Mohamed-Ag-Hamani-technocrate-et-homme-dEtat-tres-engage-pour-la-paix-et-la-stablite-du-Mali-150x150.jpg",150,150,true],"medium":["https:\/\/nandi.info\/wp-content\/uploads\/2023\/11\/Ahmed-Mohamed-Ag-Hamani-technocrate-et-homme-dEtat-tres-engage-pour-la-paix-et-la-stablite-du-Mali-300x169.jpg",300,169,true],"medium_large":["https:\/\/nandi.info\/wp-content\/uploads\/2023\/11\/Ahmed-Mohamed-Ag-Hamani-technocrate-et-homme-dEtat-tres-engage-pour-la-paix-et-la-stablite-du-Mali-768x432.jpg",768,432,true],"large":["https:\/\/nandi.info\/wp-content\/uploads\/2023\/11\/Ahmed-Mohamed-Ag-Hamani-technocrate-et-homme-dEtat-tres-engage-pour-la-paix-et-la-stablite-du-Mali-1024x576.jpg",1024,576,true],"1536x1536":["https:\/\/nandi.info\/wp-content\/uploads\/2023\/11\/Ahmed-Mohamed-Ag-Hamani-technocrate-et-homme-dEtat-tres-engage-pour-la-paix-et-la-stablite-du-Mali.jpg",1500,844,false],"2048x2048":["https:\/\/nandi.info\/wp-content\/uploads\/2023\/11\/Ahmed-Mohamed-Ag-Hamani-technocrate-et-homme-dEtat-tres-engage-pour-la-paix-et-la-stablite-du-Mali.jpg",1500,844,false],"penci-recipe-1200x1200":["https:\/\/nandi.info\/wp-content\/uploads\/2023\/11\/Ahmed-Mohamed-Ag-Hamani-technocrate-et-homme-dEtat-tres-engage-pour-la-paix-et-la-stablite-du-Mali.jpg",1200,675,false],"penci-recipe-1200x900":["https:\/\/nandi.info\/wp-content\/uploads\/2023\/11\/Ahmed-Mohamed-Ag-Hamani-technocrate-et-homme-dEtat-tres-engage-pour-la-paix-et-la-stablite-du-Mali.jpg",1200,675,false],"penci-recipe-1200x675":["https:\/\/nandi.info\/wp-content\/uploads\/2023\/11\/Ahmed-Mohamed-Ag-Hamani-technocrate-et-homme-dEtat-tres-engage-pour-la-paix-et-la-stablite-du-Mali.jpg",1200,675,false],"penci-single-full":["https:\/\/nandi.info\/wp-content\/uploads\/2023\/11\/Ahmed-Mohamed-Ag-Hamani-technocrate-et-homme-dEtat-tres-engage-pour-la-paix-et-la-stablite-du-Mali.jpg",1500,844,false],"penci-slider-full-thumb":["https:\/\/nandi.info\/wp-content\/uploads\/2023\/11\/Ahmed-Mohamed-Ag-Hamani-technocrate-et-homme-dEtat-tres-engage-pour-la-paix-et-la-stablite-du-Mali.jpg",1422,800,false],"penci-full-thumb":["https:\/\/nandi.info\/wp-content\/uploads\/2023\/11\/Ahmed-Mohamed-Ag-Hamani-technocrate-et-homme-dEtat-tres-engage-pour-la-paix-et-la-stablite-du-Mali.jpg",1170,658,false],"penci-slider-thumb":["https:\/\/nandi.info\/wp-content\/uploads\/2023\/11\/Ahmed-Mohamed-Ag-Hamani-technocrate-et-homme-dEtat-tres-engage-pour-la-paix-et-la-stablite-du-Mali.jpg",1170,658,false],"penci-magazine-slider":["https:\/\/nandi.info\/wp-content\/uploads\/2023\/11\/Ahmed-Mohamed-Ag-Hamani-technocrate-et-homme-dEtat-tres-engage-pour-la-paix-et-la-stablite-du-Mali.jpg",780,439,false],"penci-thumb":["https:\/\/nandi.info\/wp-content\/uploads\/2023\/11\/Ahmed-Mohamed-Ag-Hamani-technocrate-et-homme-dEtat-tres-engage-pour-la-paix-et-la-stablite-du-Mali.jpg",585,329,false],"penci-masonry-thumb":["https:\/\/nandi.info\/wp-content\/uploads\/2023\/11\/Ahmed-Mohamed-Ag-Hamani-technocrate-et-homme-dEtat-tres-engage-pour-la-paix-et-la-stablite-du-Mali.jpg",585,329,false],"penci-thumb-square":["https:\/\/nandi.info\/wp-content\/uploads\/2023\/11\/Ahmed-Mohamed-Ag-Hamani-technocrate-et-homme-dEtat-tres-engage-pour-la-paix-et-la-stablite-du-Mali.jpg",585,329,false],"penci-thumb-vertical":["https:\/\/nandi.info\/wp-content\/uploads\/2023\/11\/Ahmed-Mohamed-Ag-Hamani-technocrate-et-homme-dEtat-tres-engage-pour-la-paix-et-la-stablite-du-Mali.jpg",480,270,false],"penci-thumb-small":["https:\/\/nandi.info\/wp-content\/uploads\/2023\/11\/Ahmed-Mohamed-Ag-Hamani-technocrate-et-homme-dEtat-tres-engage-pour-la-paix-et-la-stablite-du-Mali.jpg",263,148,false]},"author_info":{"display_name":"Nandi","author_link":"https:\/\/nandi.info\/?author=1"},"category_info":"<a href=\"https:\/\/nandi.info\/?cat=53\" rel=\"category\">Le Matin<\/a> <a href=\"https:\/\/nandi.info\/?cat=92\" rel=\"category\">Slider<\/a> <a href=\"https:\/\/nandi.info\/?cat=21\" rel=\"category\">Soci\u00e9t\u00e9<\/a>","tag_info":"Soci\u00e9t\u00e9","comment_count":"0","jetpack_featured_media_url":"https:\/\/nandi.info\/wp-content\/uploads\/2023\/11\/Ahmed-Mohamed-Ag-Hamani-technocrate-et-homme-dEtat-tres-engage-pour-la-paix-et-la-stablite-du-Mali.jpg","jetpack_sharing_enabled":true,"_links":{"self":[{"href":"https:\/\/nandi.info\/index.php?rest_route=\/wp\/v2\/posts\/15856","targetHints":{"allow":["GET"]}}],"collection":[{"href":"https:\/\/nandi.info\/index.php?rest_route=\/wp\/v2\/posts"}],"about":[{"href":"https:\/\/nandi.info\/index.php?rest_route=\/wp\/v2\/types\/post"}],"author":[{"embeddable":true,"href":"https:\/\/nandi.info\/index.php?rest_route=\/wp\/v2\/users\/1"}],"replies":[{"embeddable":true,"href":"https:\/\/nandi.info\/index.php?rest_route=%2Fwp%2Fv2%2Fcomments&post=15856"}],"version-history":[{"count":1,"href":"https:\/\/nandi.info\/index.php?rest_route=\/wp\/v2\/posts\/15856\/revisions"}],"predecessor-version":[{"id":15860,"href":"https:\/\/nandi.info\/index.php?rest_route=\/wp\/v2\/posts\/15856\/revisions\/15860"}],"wp:featuredmedia":[{"embeddable":true,"href":"https:\/\/nandi.info\/index.php?rest_route=\/wp\/v2\/media\/15859"}],"wp:attachment":[{"href":"https:\/\/nandi.info\/index.php?rest_route=%2Fwp%2Fv2%2Fmedia&parent=15856"}],"wp:term":[{"taxonomy":"category","embeddable":true,"href":"https:\/\/nandi.info\/index.php?rest_route=%2Fwp%2Fv2%2Fcategories&post=15856"},{"taxonomy":"post_tag","embeddable":true,"href":"https:\/\/nandi.info\/index.php?rest_route=%2Fwp%2Fv2%2Ftags&post=15856"}],"curies":[{"name":"wp","href":"https:\/\/api.w.org\/{rel}","templated":true}]}}