{"id":15849,"date":"2023-11-22T12:52:32","date_gmt":"2023-11-22T11:52:32","guid":{"rendered":"https:\/\/nandi.info\/?p=15849"},"modified":"2023-11-22T12:52:34","modified_gmt":"2023-11-22T11:52:34","slug":"decouverte-dun-charnier-a-kidal-le-procureur-de-la-republique-ouvre-une-enquete","status":"publish","type":"post","link":"https:\/\/nandi.info\/?p=15849","title":{"rendered":"D\u00e9couverte d\u2019un charnier \u00e0 Kidal : Le Procureur de la R\u00e9publique ouvre une enqu\u00eate"},"content":{"rendered":"\n<p><strong>Le Procureur de la R\u00e9publique du P\u00f4le Judiciaire Sp\u00e9cialis\u00e9 en mati\u00e8re de Lutte contre le Terrorisme et la Criminalit\u00e9 Transnationale Organis\u00e9e a annonc\u00e9, hier lundi 20 novembre 2023,l\u2019ouverture d\u2019une enqu\u00eate \u00e0 la suite de la d\u00e9couverte d\u2019un charnier \u00e0 Kidal par l\u2019arm\u00e9e malienne. Il s\u2019agit, selon le Procureur, de faire, \u00ab la lumi\u00e8re sur ces faits, d\u2019identifier et d\u2019interpeller les auteurs, coauteurs et complices pour qu\u2019ils r\u00e9pondent de leurs actes devant la justice\u2026 \u00bb<\/strong><\/p>\n\n\n\n<p>\u00ab Le Procureur de la R\u00e9publique du P\u00f4le Judiciaire Sp\u00e9cialis\u00e9 en mati\u00e8re de Lutte contre le Terrorisme et la Criminalit\u00e9 Transnationale Organis\u00e9e rappelle \u00e0 l\u2019opinion publique nationale et internationale qu\u2019il ressort du communiqu\u00e9 en date du jeudi 16 novembre 2023 de la DIRPA que les Forces de D\u00e9fense et de S\u00e9curit\u00e9 maliennes ont d\u00e9couvert, lors de leurs op\u00e9rations de s\u00e9curisation, un charnier \u00e0 Kidal \u00bb, indique-t-on dans un communiqu\u00e9.<\/p>\n\n\n\n<p>Selon le document, eu \u00e9gard \u00e0 la gravit\u00e9 des faits r\u00e9v\u00e9l\u00e9s et susceptibles de constituer des infractions pr\u00e9sum\u00e9es d\u2019actes de terrorisme et de violations des droits humains, notamment de crimes de guerre et de crimes contre l\u2019humanit\u00e9, le Procureur de la R\u00e9publique du P\u00f4le Judiciaire Sp\u00e9cialis\u00e9 en mati\u00e8re de Lutte contre le Terrorisme et la Criminalit\u00e9 Transnationale Organis\u00e9e rassure l\u2019ensemble de la population, qu\u2019une enqu\u00eate a \u00e9t\u00e9 ouverte en vue de faire la lumi\u00e8re sur ces faits, d\u2019identifier et d\u2019interpeller les auteurs, coauteurs et complices pour qu\u2019ils r\u00e9pondent de leurs actes devant la justice.<\/p>\n\n\n\n<p>La m\u00eame source pr\u00e9cise que que le Procureur de la R\u00e9publique du P\u00f4le Judiciaire Sp\u00e9cialis\u00e9 en mati\u00e8re de Lutte contre le Terrorisme et la Criminalit\u00e9 Transnationale Organis\u00e9e tiendra inform\u00e9 l\u2019opinion en temps opportun des diligences accomplies et en appelle \u00e0 la collaboration de la population afin d\u2019apporter toutes informations utiles \u00e0 ses services en lien avec les autres services comp\u00e9tents de l\u2019Etat.<\/p>\n\n\n\n<p>Pour rappel, l\u2019arm\u00e9e malienne avait annonc\u00e9, le samedi dernier, que \u00able jeudi 16 novembre, les FaMa (forces arm\u00e9es maliennes) ont d\u00e9couvert, lors de leurs op\u00e9rations de s\u00e9curisation, un charnier \u00e0 Kidal\u00bb. Elle a ajout\u00e9 que ce charnier \u00abrappelle les atrocit\u00e9s commises par les terroristes sans foi ni loi.\u00bb<\/p>\n\n\n\n<p>Un jour avant, le vendredi le 17 novembre 2023, le minist\u00e8re de la r\u00e9conciliation, de la Paix et de la coh\u00e9sion nationale, charg\u00e9 de l\u2019Accord pour la paix et la r\u00e9conciliation nationale, a invit\u00e9 les populations de Kidal ayant fui la ville par crainte des cons\u00e9quences d\u2019un affrontement entre les Forces arm\u00e9es maliennes (FAMa) et les groupes arm\u00e9s terroristes, \u00e0 revenir chez elles.<\/p>\n\n\n\n<p>\u00ab Le minist\u00e8re de la r\u00e9conciliation, de la Paix et de la coh\u00e9sion nationale, charg\u00e9 de l\u2019Accord pour la paix et la r\u00e9conciliation nationale invite les populations de Kidal ayant d\u00e9sert\u00e9 la ville par crainte des cons\u00e9quences d\u2019\u00e9ventuels affrontements entre FAMa et les groupes terroristes, \u00e0 y retourner \u00bb, lit-on dans le communiqu\u00e9 du d\u00e9partement en charge de la r\u00e9conciliation, tout en rassurant que l\u2019accompagnement de l\u2019arm\u00e9e dans sa mission r\u00e9galienne de protection et s\u00e9curisation des personnes et de leurs biens ne fera pas d\u00e9faut. Aussi un couvre-feu de 30 jours reconductible (20h\/6 heures du matin) avait \u00e9t\u00e9 instaur\u00e9 dans la ville depuis le 15 novembre 2023.<\/p>\n\n\n\n<p>L\u2019arm\u00e9e malienne a repris le contr\u00f4le de Kidal le 14 novembre apr\u00e8s 11 ans d\u2019absence.<\/p>\n\n\n\n<p><strong>M. K. Diakit\u00e9<\/strong><\/p>\n","protected":false},"excerpt":{"rendered":"<p>Le Procureur de la R\u00e9publique du P\u00f4le Judiciaire Sp\u00e9cialis\u00e9 en mati\u00e8re de Lutte contre le Terrorisme et la Criminalit\u00e9 Transnationale Organis\u00e9e a annonc\u00e9, hier lundi 20 novembre 2023,l\u2019ouverture d\u2019une enqu\u00eate&hellip;<\/p>\n","protected":false},"author":1,"featured_media":15853,"comment_status":"open","ping_status":"open","sticky":false,"template":"","format":"standard","meta":{"content-type":"","_lmt_disableupdate":"","_lmt_disable":"","_jetpack_memberships_contains_paid_content":false,"footnotes":"","jetpack_publicize_message":"","jetpack_publicize_feature_enabled":true,"jetpack_social_post_already_shared":false,"jetpack_social_options":{"image_generator_settings":{"template":"highway","default_image_id":0,"font":"","enabled":false},"version":2}},"categories":[35,69],"tags":[],"class_list":["post-15849","post","type-post","status-publish","format-standard","has-post-thumbnail","hentry","category-communique","category-le-republicain-mali"],"jetpack_publicize_connections":[],"featured_image_urls":{"full":["https:\/\/nandi.info\/wp-content\/uploads\/2023\/11\/Souleymane-Dembele-dirpa-4-840x420-1.jpg",840,420,false],"thumbnail":["https:\/\/nandi.info\/wp-content\/uploads\/2023\/11\/Souleymane-Dembele-dirpa-4-840x420-1-150x150.jpg",150,150,true],"medium":["https:\/\/nandi.info\/wp-content\/uploads\/2023\/11\/Souleymane-Dembele-dirpa-4-840x420-1-300x150.jpg",300,150,true],"medium_large":["https:\/\/nandi.info\/wp-content\/uploads\/2023\/11\/Souleymane-Dembele-dirpa-4-840x420-1-768x384.jpg",768,384,true],"large":["https:\/\/nandi.info\/wp-content\/uploads\/2023\/11\/Souleymane-Dembele-dirpa-4-840x420-1.jpg",840,420,false],"1536x1536":["https:\/\/nandi.info\/wp-content\/uploads\/2023\/11\/Souleymane-Dembele-dirpa-4-840x420-1.jpg",840,420,false],"2048x2048":["https:\/\/nandi.info\/wp-content\/uploads\/2023\/11\/Souleymane-Dembele-dirpa-4-840x420-1.jpg",840,420,false],"penci-recipe-1200x1200":["https:\/\/nandi.info\/wp-content\/uploads\/2023\/11\/Souleymane-Dembele-dirpa-4-840x420-1.jpg",840,420,false],"penci-recipe-1200x900":["https:\/\/nandi.info\/wp-content\/uploads\/2023\/11\/Souleymane-Dembele-dirpa-4-840x420-1.jpg",840,420,false],"penci-recipe-1200x675":["https:\/\/nandi.info\/wp-content\/uploads\/2023\/11\/Souleymane-Dembele-dirpa-4-840x420-1.jpg",840,420,false],"penci-single-full":["https:\/\/nandi.info\/wp-content\/uploads\/2023\/11\/Souleymane-Dembele-dirpa-4-840x420-1.jpg",840,420,false],"penci-slider-full-thumb":["https:\/\/nandi.info\/wp-content\/uploads\/2023\/11\/Souleymane-Dembele-dirpa-4-840x420-1.jpg",840,420,false],"penci-full-thumb":["https:\/\/nandi.info\/wp-content\/uploads\/2023\/11\/Souleymane-Dembele-dirpa-4-840x420-1.jpg",840,420,false],"penci-slider-thumb":["https:\/\/nandi.info\/wp-content\/uploads\/2023\/11\/Souleymane-Dembele-dirpa-4-840x420-1.jpg",840,420,false],"penci-magazine-slider":["https:\/\/nandi.info\/wp-content\/uploads\/2023\/11\/Souleymane-Dembele-dirpa-4-840x420-1.jpg",780,390,false],"penci-thumb":["https:\/\/nandi.info\/wp-content\/uploads\/2023\/11\/Souleymane-Dembele-dirpa-4-840x420-1.jpg",585,293,false],"penci-masonry-thumb":["https:\/\/nandi.info\/wp-content\/uploads\/2023\/11\/Souleymane-Dembele-dirpa-4-840x420-1.jpg",585,293,false],"penci-thumb-square":["https:\/\/nandi.info\/wp-content\/uploads\/2023\/11\/Souleymane-Dembele-dirpa-4-840x420-1.jpg",585,293,false],"penci-thumb-vertical":["https:\/\/nandi.info\/wp-content\/uploads\/2023\/11\/Souleymane-Dembele-dirpa-4-840x420-1.jpg",480,240,false],"penci-thumb-small":["https:\/\/nandi.info\/wp-content\/uploads\/2023\/11\/Souleymane-Dembele-dirpa-4-840x420-1.jpg",263,132,false]},"author_info":{"display_name":"Nandi","author_link":"https:\/\/nandi.info\/?author=1"},"category_info":"<a href=\"https:\/\/nandi.info\/?cat=35\" rel=\"category\">Communiqu\u00e9<\/a> <a href=\"https:\/\/nandi.info\/?cat=69\" rel=\"category\">Le R\u00e9publicain Mali<\/a>","tag_info":"Le R\u00e9publicain Mali","comment_count":"0","jetpack_featured_media_url":"https:\/\/nandi.info\/wp-content\/uploads\/2023\/11\/Souleymane-Dembele-dirpa-4-840x420-1.jpg","jetpack_sharing_enabled":true,"_links":{"self":[{"href":"https:\/\/nandi.info\/index.php?rest_route=\/wp\/v2\/posts\/15849","targetHints":{"allow":["GET"]}}],"collection":[{"href":"https:\/\/nandi.info\/index.php?rest_route=\/wp\/v2\/posts"}],"about":[{"href":"https:\/\/nandi.info\/index.php?rest_route=\/wp\/v2\/types\/post"}],"author":[{"embeddable":true,"href":"https:\/\/nandi.info\/index.php?rest_route=\/wp\/v2\/users\/1"}],"replies":[{"embeddable":true,"href":"https:\/\/nandi.info\/index.php?rest_route=%2Fwp%2Fv2%2Fcomments&post=15849"}],"version-history":[{"count":1,"href":"https:\/\/nandi.info\/index.php?rest_route=\/wp\/v2\/posts\/15849\/revisions"}],"predecessor-version":[{"id":15854,"href":"https:\/\/nandi.info\/index.php?rest_route=\/wp\/v2\/posts\/15849\/revisions\/15854"}],"wp:featuredmedia":[{"embeddable":true,"href":"https:\/\/nandi.info\/index.php?rest_route=\/wp\/v2\/media\/15853"}],"wp:attachment":[{"href":"https:\/\/nandi.info\/index.php?rest_route=%2Fwp%2Fv2%2Fmedia&parent=15849"}],"wp:term":[{"taxonomy":"category","embeddable":true,"href":"https:\/\/nandi.info\/index.php?rest_route=%2Fwp%2Fv2%2Fcategories&post=15849"},{"taxonomy":"post_tag","embeddable":true,"href":"https:\/\/nandi.info\/index.php?rest_route=%2Fwp%2Fv2%2Ftags&post=15849"}],"curies":[{"name":"wp","href":"https:\/\/api.w.org\/{rel}","templated":true}]}}