{"id":15837,"date":"2023-11-20T11:59:28","date_gmt":"2023-11-20T10:59:28","guid":{"rendered":"https:\/\/nandi.info\/?p=15837"},"modified":"2023-11-20T11:59:32","modified_gmt":"2023-11-20T10:59:32","slug":"kidal-le-noeud-gordien-coupe-place-maintenant-a-la-gestion-du-difficile-quotidien-des-maliens","status":"publish","type":"post","link":"https:\/\/nandi.info\/?p=15837","title":{"rendered":"Kidal le n\u0153ud gordien coupe\u00a0: Place maintenant \u00e0 la gestion du difficile quotidien des maliens"},"content":{"rendered":"\n<p><strong>Tous les regards \u00e9taient riv\u00e9s sur Kidal, rel\u00e9guant souvent au second plan tous les d\u00e9boires que les maliens dans leur \u00e9crasante majorit\u00e9 subissent au quotidien. De la coupure intempestive d\u2019\u00e9lectricit\u00e9, \u00e0 la pauvret\u00e9 ambiante en passant par la paralysie de l\u2019\u00e9conomie, les maliens ont \u00e9t\u00e9 on ne peut plus r\u00e9silients \u00e0 tous \u00e9gards. Ils se sont priv\u00e9s de leurs droits les plus \u00e9l\u00e9mentaires pourvu que Kidal revienne dans le giron de l\u2019Etat malien, ce qui est une r\u00e9alit\u00e9 depuis le mardi 14 novembre 2023. L\u2019euphorie, voire l\u2019hyst\u00e9rie populaire a atteint son comble de Kayes \u00e0 Kidal en passant par Koulikoro, Sikasso, S\u00e9gou, Mopti, Tombouctou et Gao. Jamais une nouvelle n\u2019a \u00e9t\u00e9 accueillie dans la plus grande ferveur que la reprise de Kidal, faisant ainsi du Pr\u00e9sident de la Transition un h\u00e9ros. Les autorit\u00e9s de la transition vont-elles faire face aux \u00e9normes d\u00e9fis qui assaillent le Mali et son r\u00e9silient peuple&nbsp;? Quelle pourrait \u00eatre la suite de la reprise de Kidal par les autorit\u00e9s de la transition&nbsp;?&nbsp; &nbsp;<\/strong><\/p>\n\n\n\n<p class=\"has-drop-cap\">Pendant plus de 72 heures les maliens dans leur \u00e9crasante majorit\u00e9 ont f\u00eat\u00e9 avec enthousiasme et fiert\u00e9 la reprise que d\u2019aucuns qualifient de lib\u00e9ration de la ville de Kidal. Cette pr\u00e9cieuse victoire qui a \u00e9t\u00e9 pendant plus de 11 ans un r\u00eave, voire une illusion, est- \u00e0 l\u2019actif du r\u00e9silient peuple d\u2019abord, qui dans un \u00e9lan patriotique a consenti d\u2019\u00e9normes sacrifices pour soutenir les autorit\u00e9s, ensuite aux autorit\u00e9s elles-m\u00eames qui y ont cru et enfin \u00e0 la vaillance des forces de d\u00e9fense et de s\u00e9curit\u00e9 qui ont tenu en d\u00e9pit d\u2019un environnement hostile. L\u2019affaire est d\u00e9sormais dans le sac, sans triomphalisme, le Mali a retrouv\u00e9 une partie de son territoire, place maintenant \u00e0 la gestion du difficile quotidien. Les maliens attendent qu\u2019on leur fasse des propositions de solutions \u00e0 leurs nombreuses difficult\u00e9s, bref \u00e0 leur train-train quotidien qui commence \u00e0 \u00eatre insupportable. L\u2019euphorie de la victoire du 14 novembre est, sans nul doute, en train de s\u2019\u00e9teindre \u00e0 petit feu dans&nbsp; l\u2019angoisse du quotidien des citoyens qui ne savent plus o\u00f9 mettre la t\u00eate. Les autorit\u00e9s de la transition vont-elles rapidement comprendre que derri\u00e8re cette accalmie apparente se cache une temp\u00eate&nbsp;? Elles doivent prendre le taureau par ses cornes en parant au plus press\u00e9<\/p>\n\n\n\n<p>&nbsp;<strong>Les autorit\u00e9s de la transition vont-elles faire face aux \u00e9normes d\u00e9fis qui assaillent le Mali et son r\u00e9silient peuple&nbsp;?<\/strong><\/p>\n\n\n\n<p>En effet, le Colonel Assimi Goita, le h\u00e9ros du 14 novembre doit \u00e9galement comprendre que le soutien du peuple malien n\u2019aura de sens que lorsque ce r\u00e9silient peuple verra ses conditions sociales et \u00e9conomiques s\u2019am\u00e9liorer, or la situation socio\u00e9conomique va de mal en pire. Les autorit\u00e9s doivent &nbsp;faire face au difficile combat pour l\u2019am\u00e9lioration des conditions sociales&nbsp;et \u00e9conomiques afin de consolider les acquis militaires sur le terrain. La reprise de Kidal, loin d\u2019\u00eatre une fin en soi, ne doit \u00eatre que le d\u00e9but d\u2019un long processus d\u2019unification, de pacification et de coh\u00e9sion donc elle ne saurait \u00eatre ni un fonds de commerce politique, encore moins la victoire d\u2019un malien sur une autre. Il urge aujourd\u2019hui pour les autorit\u00e9s de trouver des solutions idoines aux \u00e9normes d\u00e9fis qui plombent la vie socio\u00e9conomique des citoyens. L\u2019\u00e9lectricit\u00e9, sources de revenus de la majeure partie des populations, est devenue une denr\u00e9e rare, annihilant tous les efforts que fournissent les citoyens pour la r\u00e9solution du quotidien. Tous ceux dont l\u2019activit\u00e9 est li\u00e9e \u00e0 l\u2019\u00e9lectricit\u00e9 ont vu leurs revenus chuter drastiquement, aggravant la pauvret\u00e9. Que dire du secteur industriel, qui vivote faute d\u2019\u00e9lectricit\u00e9 et m\u00eame ceux qui ont acquis des groupes \u00e9lectrog\u00e8nes ont vu leurs chiffres d\u2019affaires chut\u00e9 \u00e0 cause des charges li\u00e9es au carburant. Il n y a malheureusement pas le secteur \u00e9nerg\u00e9tique seul qui fait souffrir les maliens, mais c\u2019est la situation \u00e9conomique de fa\u00e7on g\u00e9n\u00e9rale qui est chaotique. Aucune perspective, aucune alternative, car l\u2019argent qui est le nerf de la guerre est devenu une denr\u00e9e rare. Il y a comme un embargo financier qui continue de s\u2019abattre sur le Mali. Le constat est que les partenaires financiers se m\u00e9fient du Mali \u00e0 cause de sa situation politico-s\u00e9curitaire, voire des choix des partenaires que les autorit\u00e9s ont faits. Les finances ne tiennent que par les imp\u00f4ts et les douanes. Ces deux vaches laiti\u00e8res pour renflouer les caisses de l\u2019Etat proc\u00e8dent souvent par harc\u00e8lement et pression fiscale, poussant souvent certaines entreprises \u00e0 mettre la cl\u00e9 sous le paillasson<\/p>\n\n\n\n<p>&nbsp;<strong>Quelle pourrait \u00eatre la suite de la reprise de Kidal par les autorit\u00e9s de la transition&nbsp;?<\/strong><\/p>\n\n\n\n<p>La suite apr\u00e8s la reprise de Kidal, c\u2019est d\u2019abord la consolidation des acquis, ensuite l\u2019am\u00e9lioration des conditions de vie des maliens et cela de Kayes \u00e0 Kidal et enfin&nbsp; le rassemblement des maliens afin de convenir d\u2019un minimum de programme qui indiquera la voix \u00e0 suivre pour sortir de cet imbroglio qu\u2019est la transition. Les autorit\u00e9s doivent rapidement prendre conscience de l\u2019\u00e9normit\u00e9, voire de la gravit\u00e9 de la crise multidimensionnelle \u00e0 laquelle le Mali est confront\u00e9 et parer au plus press\u00e9 pour non seulement \u00e9viter que la crise ne s\u2019aggrave, mais aussi et surtout que le r\u00e9veil du peuple ne soit pas brutal.<\/p>\n\n\n\n<p><strong>Youssouf Sissoko<\/strong><\/p>\n","protected":false},"excerpt":{"rendered":"<p>Tous les regards \u00e9taient riv\u00e9s sur Kidal, rel\u00e9guant souvent au second plan tous les d\u00e9boires que les maliens dans leur \u00e9crasante majorit\u00e9 subissent au quotidien. De la coupure intempestive d\u2019\u00e9lectricit\u00e9,&hellip;<\/p>\n","protected":false},"author":1,"featured_media":15836,"comment_status":"open","ping_status":"open","sticky":false,"template":"","format":"standard","meta":{"content-type":"","_lmt_disableupdate":"","_lmt_disable":"","_jetpack_memberships_contains_paid_content":false,"footnotes":"","jetpack_publicize_message":"","jetpack_publicize_feature_enabled":true,"jetpack_social_post_already_shared":false,"jetpack_social_options":{"image_generator_settings":{"template":"highway","default_image_id":0,"font":"","enabled":false},"version":2}},"categories":[71,21],"tags":[],"class_list":["post-15837","post","type-post","status-publish","format-standard","has-post-thumbnail","hentry","category-le-pays","category-societe"],"jetpack_publicize_connections":[],"featured_image_urls":{"full":["https:\/\/nandi.info\/wp-content\/uploads\/2023\/11\/Kidal.jpg",720,480,false],"thumbnail":["https:\/\/nandi.info\/wp-content\/uploads\/2023\/11\/Kidal-150x150.jpg",150,150,true],"medium":["https:\/\/nandi.info\/wp-content\/uploads\/2023\/11\/Kidal-300x200.jpg",300,200,true],"medium_large":["https:\/\/nandi.info\/wp-content\/uploads\/2023\/11\/Kidal.jpg",720,480,false],"large":["https:\/\/nandi.info\/wp-content\/uploads\/2023\/11\/Kidal.jpg",720,480,false],"1536x1536":["https:\/\/nandi.info\/wp-content\/uploads\/2023\/11\/Kidal.jpg",720,480,false],"2048x2048":["https:\/\/nandi.info\/wp-content\/uploads\/2023\/11\/Kidal.jpg",720,480,false],"penci-recipe-1200x1200":["https:\/\/nandi.info\/wp-content\/uploads\/2023\/11\/Kidal.jpg",720,480,false],"penci-recipe-1200x900":["https:\/\/nandi.info\/wp-content\/uploads\/2023\/11\/Kidal.jpg",720,480,false],"penci-recipe-1200x675":["https:\/\/nandi.info\/wp-content\/uploads\/2023\/11\/Kidal.jpg",720,480,false],"penci-single-full":["https:\/\/nandi.info\/wp-content\/uploads\/2023\/11\/Kidal.jpg",720,480,false],"penci-slider-full-thumb":["https:\/\/nandi.info\/wp-content\/uploads\/2023\/11\/Kidal.jpg",720,480,false],"penci-full-thumb":["https:\/\/nandi.info\/wp-content\/uploads\/2023\/11\/Kidal.jpg",720,480,false],"penci-slider-thumb":["https:\/\/nandi.info\/wp-content\/uploads\/2023\/11\/Kidal.jpg",720,480,false],"penci-magazine-slider":["https:\/\/nandi.info\/wp-content\/uploads\/2023\/11\/Kidal.jpg",720,480,false],"penci-thumb":["https:\/\/nandi.info\/wp-content\/uploads\/2023\/11\/Kidal.jpg",585,390,false],"penci-masonry-thumb":["https:\/\/nandi.info\/wp-content\/uploads\/2023\/11\/Kidal.jpg",585,390,false],"penci-thumb-square":["https:\/\/nandi.info\/wp-content\/uploads\/2023\/11\/Kidal.jpg",585,390,false],"penci-thumb-vertical":["https:\/\/nandi.info\/wp-content\/uploads\/2023\/11\/Kidal.jpg",480,320,false],"penci-thumb-small":["https:\/\/nandi.info\/wp-content\/uploads\/2023\/11\/Kidal.jpg",263,175,false]},"author_info":{"display_name":"Nandi","author_link":"https:\/\/nandi.info\/?author=1"},"category_info":"<a href=\"https:\/\/nandi.info\/?cat=71\" rel=\"category\">Le Pays<\/a> <a href=\"https:\/\/nandi.info\/?cat=21\" rel=\"category\">Soci\u00e9t\u00e9<\/a>","tag_info":"Soci\u00e9t\u00e9","comment_count":"0","jetpack_featured_media_url":"https:\/\/nandi.info\/wp-content\/uploads\/2023\/11\/Kidal.jpg","jetpack_sharing_enabled":true,"_links":{"self":[{"href":"https:\/\/nandi.info\/index.php?rest_route=\/wp\/v2\/posts\/15837","targetHints":{"allow":["GET"]}}],"collection":[{"href":"https:\/\/nandi.info\/index.php?rest_route=\/wp\/v2\/posts"}],"about":[{"href":"https:\/\/nandi.info\/index.php?rest_route=\/wp\/v2\/types\/post"}],"author":[{"embeddable":true,"href":"https:\/\/nandi.info\/index.php?rest_route=\/wp\/v2\/users\/1"}],"replies":[{"embeddable":true,"href":"https:\/\/nandi.info\/index.php?rest_route=%2Fwp%2Fv2%2Fcomments&post=15837"}],"version-history":[{"count":1,"href":"https:\/\/nandi.info\/index.php?rest_route=\/wp\/v2\/posts\/15837\/revisions"}],"predecessor-version":[{"id":15838,"href":"https:\/\/nandi.info\/index.php?rest_route=\/wp\/v2\/posts\/15837\/revisions\/15838"}],"wp:featuredmedia":[{"embeddable":true,"href":"https:\/\/nandi.info\/index.php?rest_route=\/wp\/v2\/media\/15836"}],"wp:attachment":[{"href":"https:\/\/nandi.info\/index.php?rest_route=%2Fwp%2Fv2%2Fmedia&parent=15837"}],"wp:term":[{"taxonomy":"category","embeddable":true,"href":"https:\/\/nandi.info\/index.php?rest_route=%2Fwp%2Fv2%2Fcategories&post=15837"},{"taxonomy":"post_tag","embeddable":true,"href":"https:\/\/nandi.info\/index.php?rest_route=%2Fwp%2Fv2%2Ftags&post=15837"}],"curies":[{"name":"wp","href":"https:\/\/api.w.org\/{rel}","templated":true}]}}