{"id":15818,"date":"2023-11-20T11:39:27","date_gmt":"2023-11-20T10:39:27","guid":{"rendered":"https:\/\/nandi.info\/?p=15818"},"modified":"2023-11-20T11:50:55","modified_gmt":"2023-11-20T10:50:55","slug":"kidal-le-gouvernement-invite-la-population-a-revenir-chez-elle","status":"publish","type":"post","link":"https:\/\/nandi.info\/?p=15818","title":{"rendered":"Kidal : le gouvernement invite la population \u00e0 revenir chez elle"},"content":{"rendered":"\n<p><strong>Dans un communiqu\u00e9 publi\u00e9, le vendredi le 17 novembre 2023, le minist\u00e8re de la r\u00e9conciliation, de la Paix et de la coh\u00e9sion nationale, charg\u00e9 de l\u2019Accord pour la paix et la r\u00e9conciliation nationale invite les populations de Kidal ayant fui la ville par crainte des cons\u00e9quences d\u2019un affrontement entre les Forces arm\u00e9es maliennes (FAMa) et les groupes arm\u00e9s terroristes \u00e0 revenir chez eux.<\/strong><\/p>\n\n\n\n<p class=\"has-drop-cap\">72 heures \u00e0 peine apr\u00e8s la reprise et le contr\u00f4le total de la r\u00e9gion de Kidal, le gouvernement de transition du Mali invite tous les habitants de la ville ayant d\u00e9sert\u00e9 par crainte des cons\u00e9quences d\u2019\u00e9ventuels affrontements entre les Forces arm\u00e9es maliennes (FAMa) et les terroristes \u00e0 revenir chez eux.<\/p>\n\n\n\n<p>\u00ab Le minist\u00e8re de la r\u00e9conciliation, de la Paix et de la coh\u00e9sion nationale, charg\u00e9 de l\u2019Accord pour la paix et la r\u00e9conciliation nationale invite les populations de Kidal ayant d\u00e9sert\u00e9 la ville par crainte des cons\u00e9quences d\u2019\u00e9ventuels affrontements entre FAMa et les groupes terroristes, \u00e0 y retourner&nbsp;\u00bb, note express\u00e9ment ce communiqu\u00e9 du d\u00e9partement en charge de la r\u00e9conciliation tout en rassurant que l\u2019accompagnement de l\u2019arm\u00e9e dans sa mission r\u00e9galienne de protection et s\u00e9curisation des personnes et de leurs biens ne fera pas d\u00e9faut.<\/p>\n\n\n\n<p>Aussi rassure le gouvernement, \u00e0 travers le d\u00e9partement d\u2019Isma\u00ebl Wagu\u00e9 a rassur\u00e9 avoir mis en place de nombreuses dispositions pour \u00e9viter de l\u2019amalgame au sein des communaut\u00e9s r\u00e9sidentes de cette r\u00e9gion de Kidal. \u00ab Le minist\u00e8re de la r\u00e9conciliation rassure les populations que toutes les dispositions sont prises afin d\u2019\u00e9viter tout amalgame et des mesures d\u2019accompagnement sont aussi mises en place pour faciliter leur retour et leur (populations) installation dans leur localit\u00e9 \u00bb cite le communiqu\u00e9.<\/p>\n\n\n\n<p>Il faut noter qu\u2019un couvre-feu de 30 jours reconductibles (20h\/6 heure du matin) avait \u00e9t\u00e9 instaur\u00e9 dans la ville d\u00e8s le 15 novembre 2023. Un dispositif s\u00e9curitaire qui est venu s\u2019ajout\u00e9 \u00e0 la r\u00e9ouverture et au renforcement en personnels de deux commissariats de la ville de Kidal afin de mieux assurer la protection des personnes et de leurs biens.<\/p>\n\n\n\n<p><strong>Issa Djiguiba<\/strong><\/p>\n","protected":false},"excerpt":{"rendered":"<p>Dans un communiqu\u00e9 publi\u00e9, le vendredi le 17 novembre 2023, le minist\u00e8re de la r\u00e9conciliation, de la Paix et de la coh\u00e9sion nationale, charg\u00e9 de l\u2019Accord pour la paix et&hellip;<\/p>\n","protected":false},"author":1,"featured_media":0,"comment_status":"open","ping_status":"open","sticky":false,"template":"","format":"standard","meta":{"content-type":"","_lmt_disableupdate":"","_lmt_disable":"","_jetpack_memberships_contains_paid_content":false,"footnotes":"","jetpack_publicize_message":"","jetpack_publicize_feature_enabled":true,"jetpack_social_post_already_shared":false,"jetpack_social_options":{"image_generator_settings":{"template":"highway","default_image_id":0,"font":"","enabled":false},"version":2}},"categories":[71,74],"tags":[],"class_list":["post-15818","post","type-post","status-publish","format-standard","hentry","category-le-pays","category-nation"],"jetpack_publicize_connections":[],"featured_image_urls":{"full":"","thumbnail":"","medium":"","medium_large":"","large":"","1536x1536":"","2048x2048":"","penci-recipe-1200x1200":"","penci-recipe-1200x900":"","penci-recipe-1200x675":"","penci-single-full":"","penci-slider-full-thumb":"","penci-full-thumb":"","penci-slider-thumb":"","penci-magazine-slider":"","penci-thumb":"","penci-masonry-thumb":"","penci-thumb-square":"","penci-thumb-vertical":"","penci-thumb-small":""},"author_info":{"display_name":"Nandi","author_link":"https:\/\/nandi.info\/?author=1"},"category_info":"<a href=\"https:\/\/nandi.info\/?cat=71\" rel=\"category\">Le Pays<\/a> <a href=\"https:\/\/nandi.info\/?cat=74\" rel=\"category\">Nation<\/a>","tag_info":"Nation","comment_count":"0","jetpack_featured_media_url":"","jetpack_sharing_enabled":true,"_links":{"self":[{"href":"https:\/\/nandi.info\/index.php?rest_route=\/wp\/v2\/posts\/15818","targetHints":{"allow":["GET"]}}],"collection":[{"href":"https:\/\/nandi.info\/index.php?rest_route=\/wp\/v2\/posts"}],"about":[{"href":"https:\/\/nandi.info\/index.php?rest_route=\/wp\/v2\/types\/post"}],"author":[{"embeddable":true,"href":"https:\/\/nandi.info\/index.php?rest_route=\/wp\/v2\/users\/1"}],"replies":[{"embeddable":true,"href":"https:\/\/nandi.info\/index.php?rest_route=%2Fwp%2Fv2%2Fcomments&post=15818"}],"version-history":[{"count":3,"href":"https:\/\/nandi.info\/index.php?rest_route=\/wp\/v2\/posts\/15818\/revisions"}],"predecessor-version":[{"id":15833,"href":"https:\/\/nandi.info\/index.php?rest_route=\/wp\/v2\/posts\/15818\/revisions\/15833"}],"wp:attachment":[{"href":"https:\/\/nandi.info\/index.php?rest_route=%2Fwp%2Fv2%2Fmedia&parent=15818"}],"wp:term":[{"taxonomy":"category","embeddable":true,"href":"https:\/\/nandi.info\/index.php?rest_route=%2Fwp%2Fv2%2Fcategories&post=15818"},{"taxonomy":"post_tag","embeddable":true,"href":"https:\/\/nandi.info\/index.php?rest_route=%2Fwp%2Fv2%2Ftags&post=15818"}],"curies":[{"name":"wp","href":"https:\/\/api.w.org\/{rel}","templated":true}]}}