{"id":15812,"date":"2023-11-20T11:12:15","date_gmt":"2023-11-20T10:12:15","guid":{"rendered":"https:\/\/nandi.info\/?p=15812"},"modified":"2023-11-20T11:12:17","modified_gmt":"2023-11-20T10:12:17","slug":"edito-la-ferveur-de-la-reprise-de-kidal-cache-mal-la-torpeur-des-citoyens","status":"publish","type":"post","link":"https:\/\/nandi.info\/?p=15812","title":{"rendered":"Edito\u00a0: La ferveur de la reprise de Kidal cache mal la torpeur des citoyens"},"content":{"rendered":"\n<p class=\"has-drop-cap\">Si la f\u00eate de la reprise de Kidal a eu un go\u00fbt d\u2019inachev\u00e9, c\u2019est \u00e0 cause de l\u2019angoisse qui vit le peuple. La ferveur patriotique a c\u00e9d\u00e9 la place \u00e0 l\u2019inqui\u00e9tude du comment r\u00e9soudre le quotidien du lendemain. Sinon tous les observateurs de la sc\u00e8ne politique malienne \u00e9taient unanimes \u00e0 dire que le Colonel Assimi Goita devrait tirer les dividendes politiques de cette victoire tant attendue qui est celle de la reprise de Kidal aux mains des rebelles. La date est certes historique compte tenu du myst\u00e8re qui entourait cette ville et cette r\u00e9gion en g\u00e9n\u00e9rale, mais la mobilisation qui aurait d\u00fb \u00eatre la plus importante, n\u2019a malheureusement pas \u00e9t\u00e9 \u00e0 la hauteur de l\u2019esp\u00e9rance, non pas par inimiti\u00e9 aux autorit\u00e9s actuelles, encore moins par une indiff\u00e9rence, mais par anxi\u00e9t\u00e9, par crainte. Le 14 novembre 2023 est d\u00e9sormais inscrit en lettres d\u2019or dans les annales de l\u2019histoire r\u00e9cente du Mali, car elle consacre l\u2019int\u00e9grit\u00e9 retrouv\u00e9e. S les maliens sont incontestablement sortis de Kayes \u00e0 Kidal m\u00eame, la mobilisation a \u00e9t\u00e9 moindre. Rien qu\u2019en la comparant \u00e0 celle du 14 Janvier 2022 apr\u00e8s les sanctions de la CEDEAO. Et pourtant la reprise de Kidal passe largement pour \u00eatre un \u00e9v\u00e9nement plus important qu\u2019une marche contre la CEDEAO, car Kidal symbolisait l\u2019insoumission, la r\u00e9bellion contre l\u2019Etat central, bref cette r\u00e9gion, en g\u00e9n\u00e9ral et la ville en particulier, \u00e9tait devenue un myst\u00e8re pour une \u00e9crasante majorit\u00e9 du peuple malien. Sa reprise des mains des insurg\u00e9s devrait mobiliser tous les maliens et permettre \u00e0 coup s\u00fbr au Pr\u00e9sident de la transition d\u2019en tirer les dividendes politiques. En tout cas la mobilisation n\u2019a pas \u00e9t\u00e9 celle des grands \u00e9v\u00e9nements, donc les retomb\u00e9es politiques pour le Pr\u00e9sident de la transition, Assimi Goita\u00a0 vont-elles au rendez-vous\u00a0? L\u2019avenir nous le dira, mais d\u2019ores et d\u00e9j\u00e0 nous pouvons affirmer sans risque de se tromper que la crise socio\u00e9conomique en est pour beaucoup dans l\u2019indiff\u00e9rence, voir le d\u00e9sint\u00e9r\u00eat que les maliens ont manifest\u00e9 apr\u00e8s la reprise de Kidal.<\/p>\n\n\n\n<p>Le Colonel Assimi Goita doit d\u00e9sormais int\u00e9grer cette nouvelle donne avant de se lancer dans une quelconque aventure politique. Des sources bien inform\u00e9es certains opportunistes ont l\u2019intention de faire de la reprise de Kidal un tremplin et une occasion r\u00eav\u00e9e&nbsp; pouvant permettre au Pr\u00e9sident de la transition de laisser la tenue militaire pour \u00eatre candidat \u00e0 la prochaine \u00e9lection Pr\u00e9sidentielle. Il est rentr\u00e9 par la grande porte de l\u2019histoire du Mali, donc il doit \u00e9viter d\u2019en sortir par la fen\u00eatre. Les laudateurs, les z\u00e9lateurs et autres opportunistes sont \u00e0 la man\u0153uvre pour convaincre Assimi Goita \u00e0 troquer sa tenue contre le costume du palais. Qu\u2019il comprenne que ces gens ont \u00e9t\u00e9 avec tous les r\u00e9gimes qui se sont succ\u00e9d\u00e9s au pouvoir, donc ils sont sans foi, ni loi, sans &nbsp;dignit\u00e9, ce qui compte pour eux c\u2019est le profit qu\u2019ils pourraient tirer d\u2019une situation. En effet, s\u2019il est ind\u00e9niable que les conditions s\u00e9curitaires ont connu une am\u00e9lioration, il est sans conteste \u00e9galement que les conditions socio\u00e9conomiques se sont fortement d\u00e9grad\u00e9es au point qu\u2019une \u00e9crasante majorit\u00e9 des maliens souhaitent aujourd\u2019hui voir mettre un terme \u00e0 la transition pour que le Mali puisse retrouver sa normalit\u00e9 constitutionnelle et renouer des relations avec ses partenaires.<\/p>\n\n\n\n<p>En somme, si la reprise de Kidal a \u00e9t\u00e9 accueillie avec joie, enthousiasme et ferveur patriotique, elle a \u00e9t\u00e9 de courte dur\u00e9e car les maliens sont confront\u00e9s \u00e0 la gestion du difficile quotidien. Donc il revient aux autorit\u00e9s de prendre les mesures idoines pour att\u00e9nuer la souffrance des maliens qui aujourd\u2019hui broient du noir<\/p>\n\n\n\n<p><strong>Youssouf Sissoko<\/strong><\/p>\n","protected":false},"excerpt":{"rendered":"<p>Si la f\u00eate de la reprise de Kidal a eu un go\u00fbt d\u2019inachev\u00e9, c\u2019est \u00e0 cause de l\u2019angoisse qui vit le peuple. La ferveur patriotique a c\u00e9d\u00e9 la place \u00e0&hellip;<\/p>\n","protected":false},"author":1,"featured_media":15813,"comment_status":"open","ping_status":"open","sticky":false,"template":"","format":"standard","meta":{"content-type":"","_lmt_disableupdate":"","_lmt_disable":"","_jetpack_memberships_contains_paid_content":false,"footnotes":"","jetpack_publicize_message":"","jetpack_publicize_feature_enabled":true,"jetpack_social_post_already_shared":false,"jetpack_social_options":{"image_generator_settings":{"template":"highway","default_image_id":0,"font":"","enabled":false},"version":2}},"categories":[34,68],"tags":[],"class_list":["post-15812","post","type-post","status-publish","format-standard","has-post-thumbnail","hentry","category-editorial","category-lalternance"],"jetpack_publicize_connections":[],"featured_image_urls":{"full":["https:\/\/nandi.info\/wp-content\/uploads\/2023\/11\/editorial-2.jpg",301,426,false],"thumbnail":["https:\/\/nandi.info\/wp-content\/uploads\/2023\/11\/editorial-2-150x150.jpg",150,150,true],"medium":["https:\/\/nandi.info\/wp-content\/uploads\/2023\/11\/editorial-2-212x300.jpg",212,300,true],"medium_large":["https:\/\/nandi.info\/wp-content\/uploads\/2023\/11\/editorial-2.jpg",301,426,false],"large":["https:\/\/nandi.info\/wp-content\/uploads\/2023\/11\/editorial-2.jpg",301,426,false],"1536x1536":["https:\/\/nandi.info\/wp-content\/uploads\/2023\/11\/editorial-2.jpg",301,426,false],"2048x2048":["https:\/\/nandi.info\/wp-content\/uploads\/2023\/11\/editorial-2.jpg",301,426,false],"penci-recipe-1200x1200":["https:\/\/nandi.info\/wp-content\/uploads\/2023\/11\/editorial-2.jpg",301,426,false],"penci-recipe-1200x900":["https:\/\/nandi.info\/wp-content\/uploads\/2023\/11\/editorial-2.jpg",301,426,false],"penci-recipe-1200x675":["https:\/\/nandi.info\/wp-content\/uploads\/2023\/11\/editorial-2.jpg",301,426,false],"penci-single-full":["https:\/\/nandi.info\/wp-content\/uploads\/2023\/11\/editorial-2.jpg",301,426,false],"penci-slider-full-thumb":["https:\/\/nandi.info\/wp-content\/uploads\/2023\/11\/editorial-2.jpg",301,426,false],"penci-full-thumb":["https:\/\/nandi.info\/wp-content\/uploads\/2023\/11\/editorial-2.jpg",301,426,false],"penci-slider-thumb":["https:\/\/nandi.info\/wp-content\/uploads\/2023\/11\/editorial-2.jpg",301,426,false],"penci-magazine-slider":["https:\/\/nandi.info\/wp-content\/uploads\/2023\/11\/editorial-2.jpg",301,426,false],"penci-thumb":["https:\/\/nandi.info\/wp-content\/uploads\/2023\/11\/editorial-2.jpg",276,390,false],"penci-masonry-thumb":["https:\/\/nandi.info\/wp-content\/uploads\/2023\/11\/editorial-2.jpg",301,426,false],"penci-thumb-square":["https:\/\/nandi.info\/wp-content\/uploads\/2023\/11\/editorial-2.jpg",301,426,false],"penci-thumb-vertical":["https:\/\/nandi.info\/wp-content\/uploads\/2023\/11\/editorial-2.jpg",301,426,false],"penci-thumb-small":["https:\/\/nandi.info\/wp-content\/uploads\/2023\/11\/editorial-2.jpg",124,175,false]},"author_info":{"display_name":"Nandi","author_link":"https:\/\/nandi.info\/?author=1"},"category_info":"<a href=\"https:\/\/nandi.info\/?cat=34\" rel=\"category\">Editorial<\/a> <a href=\"https:\/\/nandi.info\/?cat=68\" rel=\"category\">L'alternance<\/a>","tag_info":"L'alternance","comment_count":"0","jetpack_featured_media_url":"https:\/\/nandi.info\/wp-content\/uploads\/2023\/11\/editorial-2.jpg","jetpack_sharing_enabled":true,"_links":{"self":[{"href":"https:\/\/nandi.info\/index.php?rest_route=\/wp\/v2\/posts\/15812","targetHints":{"allow":["GET"]}}],"collection":[{"href":"https:\/\/nandi.info\/index.php?rest_route=\/wp\/v2\/posts"}],"about":[{"href":"https:\/\/nandi.info\/index.php?rest_route=\/wp\/v2\/types\/post"}],"author":[{"embeddable":true,"href":"https:\/\/nandi.info\/index.php?rest_route=\/wp\/v2\/users\/1"}],"replies":[{"embeddable":true,"href":"https:\/\/nandi.info\/index.php?rest_route=%2Fwp%2Fv2%2Fcomments&post=15812"}],"version-history":[{"count":1,"href":"https:\/\/nandi.info\/index.php?rest_route=\/wp\/v2\/posts\/15812\/revisions"}],"predecessor-version":[{"id":15814,"href":"https:\/\/nandi.info\/index.php?rest_route=\/wp\/v2\/posts\/15812\/revisions\/15814"}],"wp:featuredmedia":[{"embeddable":true,"href":"https:\/\/nandi.info\/index.php?rest_route=\/wp\/v2\/media\/15813"}],"wp:attachment":[{"href":"https:\/\/nandi.info\/index.php?rest_route=%2Fwp%2Fv2%2Fmedia&parent=15812"}],"wp:term":[{"taxonomy":"category","embeddable":true,"href":"https:\/\/nandi.info\/index.php?rest_route=%2Fwp%2Fv2%2Fcategories&post=15812"},{"taxonomy":"post_tag","embeddable":true,"href":"https:\/\/nandi.info\/index.php?rest_route=%2Fwp%2Fv2%2Ftags&post=15812"}],"curies":[{"name":"wp","href":"https:\/\/api.w.org\/{rel}","templated":true}]}}