{"id":15800,"date":"2023-11-20T06:45:00","date_gmt":"2023-11-20T05:45:00","guid":{"rendered":"https:\/\/nandi.info\/?p=15800"},"modified":"2023-11-19T21:47:36","modified_gmt":"2023-11-19T20:47:36","slug":"20-novembre-2023-le-monde-celebre-la-journee-internationale-des-droits-de-lenfant","status":"publish","type":"post","link":"https:\/\/nandi.info\/?p=15800","title":{"rendered":"20 novembre 2023\u00a0: Le monde c\u00e9l\u00e8bre la journ\u00e9e internationale des droits de l&rsquo;enfant\u00a0!"},"content":{"rendered":"\n<p><strong><em>Le 20 novembre est la date d\u00e9di\u00e9e \u00e0 la promotion et \u00e0 la protection des droits fondamentaux des enfants partout dans le monde depuis 1989. En effet, il s\u2019agit d\u2019une journ\u00e9e qui rappelle l&rsquo;importance de garantir \u00e0 chaque enfant, une enfance heureuse, saine et \u00e9panouissante, ainsi que l&rsquo;obligation pour tout un chacun \u00e0 respecter et \u00e0 promouvoir ces droits pour les tous petits.<\/em><\/strong><\/p>\n\n\n\n<p class=\"has-drop-cap\">Faut-il le rappeler<strong>,<\/strong> l&rsquo;historique de cette journ\u00e9e remonte de 1959, lorsque l&rsquo;Assembl\u00e9e G\u00e9n\u00e9rale des Nations Unies a adopt\u00e9 la D\u00e9claration des droits de l&rsquo;enfant. Un texte r\u00e9volutionnaire \u00e9non\u00e7ant les droits inali\u00e9nables de chaque enfant, tels que le droit \u00e0 la vie, \u00e0 la survie, au d\u00e9veloppement, \u00e0 l&rsquo;\u00e9ducation, \u00e0 la protection contre la violence, \u00e0 la libert\u00e9 d&rsquo;expression et \u00e0 la participation.<\/p>\n\n\n\n<p>Ainsi<strong>, <\/strong>depuis l&rsquo;adoption de la Convention internationale des droits de l&rsquo;enfant par l&rsquo;ONU en 1989, la date du 20 novembre&nbsp; symbolise la journ\u00e9e mondiale des droits de l&rsquo;enfant qui est l&rsquo;occasion de sensibiliser le public, de rappeler aux gouvernements et aux individus leurs responsabilit\u00e9s envers les enfants et de plaider en faveur de leur bien-\u00eatre et de leur protection.<\/p>\n\n\n\n<p>\u00abPartout dans le monde, des activit\u00e9s et des \u00e9v\u00e9nements sont organis\u00e9s pour marquer cette journ\u00e9e. Des conf\u00e9rences, des expositions, des marches et des ateliers sont autant d&rsquo;occasions d\u2019informer et d&rsquo;engager les personnes dans la d\u00e9fense des droits de l&rsquo;enfant. C&rsquo;est \u00e9galement un moment privil\u00e9gi\u00e9 pour plaider en faveur de l&rsquo;acc\u00e8s \u00e0 l&rsquo;\u00e9ducation, de la lutte contre la pauvret\u00e9 infantile et de la pr\u00e9vention de toutes les formes de violence et de discrimination \u00e0 l&rsquo;encontre des enfants&nbsp;\u00bb affirme Mariam Aldianabangou, coordinatrice nationale de l&rsquo;Action pour la promotion des enfants et jeunes communicateurs du Mali.<\/p>\n\n\n\n<p>En effet, le Mali \u00e0 l&rsquo;instar d\u2019autres pays au monde ne reste en marge de la c\u00e9l\u00e9bration&nbsp; de ladite journ\u00e9e. Car, certaines organisations pour enfants et jeunes comme APJEC, la comm\u00e9morent dans plusieurs localit\u00e9s du pays notamment \u00e0 Fana, \u00e0 Do\u00efla, \u00e0 Ouelessebougou, \u00e0 Bamako etc. Cela, \u00e0 travers des remises symboliques de kits de nettoyage, et&nbsp; des notes de plaidoyer aux autorit\u00e9s, le tout formul\u00e9 par les enfants.<\/p>\n\n\n\n<p>Pour Boubacar Keita, Coordinateur National du conseil consultatif national des enfants et jeunes du Mali, la c\u00e9l\u00e9bration de cette journ\u00e9e est pleine de symboles au Mali. Pour la simple raison, dira-t-il, qu\u2019 elle offre une occasion pr\u00e9cieuse de sensibiliser la population malienne aux droits et au bien-\u00eatre des enfants, de promouvoir leur protection, et de mettre en \u00e9vidence les d\u00e9fis et les enjeux auxquels ils font face dans le pays. Au Mali, pr\u00e9cise-t-il, il existe encore de nombreuses probl\u00e9matiques auxquelles les enfants sont confront\u00e9s, notamment la pauvret\u00e9, l&rsquo;acc\u00e8s limit\u00e9 \u00e0 l&rsquo;\u00e9ducation, la malnutrition, le travail des enfants et la violence. \u00ab&nbsp;C\u00e9l\u00e9brer la Journ\u00e9e du 20 novembre permet de mettre en lumi\u00e8re ces probl\u00e8mes et d&rsquo;encourager les efforts visant \u00e0 les r\u00e9soudre&nbsp;\u00bba indiqu\u00e9 M. Ke\u00efta.<\/p>\n\n\n\n<p>Au Mali, sa c\u00e9l\u00e9bration est aussi l&rsquo;opportunit\u00e9 de renforcer les actions en faveur des droits de l&rsquo;enfant, de sensibiliser les citoyens sur ces questions, et de mobiliser les acteurs cl\u00e9s tels que le Gouvernement, les Organisations de la soci\u00e9t\u00e9 civile et le Secteur priv\u00e9, pour travailler ensemble pour le bien-\u00eatre des enfants.<\/p>\n\n\n\n<p><strong>Par A\u00efchata Tind\u00e9 (Stagiaire)<\/strong><\/p>\n","protected":false},"excerpt":{"rendered":"<p>Le 20 novembre est la date d\u00e9di\u00e9e \u00e0 la promotion et \u00e0 la protection des droits fondamentaux des enfants partout dans le monde depuis 1989. En effet, il s\u2019agit d\u2019une&hellip;<\/p>\n","protected":false},"author":1,"featured_media":15801,"comment_status":"open","ping_status":"open","sticky":false,"template":"","format":"standard","meta":{"content-type":"","_lmt_disableupdate":"","_lmt_disable":"","_jetpack_memberships_contains_paid_content":false,"footnotes":"","jetpack_publicize_message":"","jetpack_publicize_feature_enabled":true,"jetpack_social_post_already_shared":false,"jetpack_social_options":{"image_generator_settings":{"template":"highway","default_image_id":0,"font":"","enabled":false},"version":2}},"categories":[67,92,21],"tags":[],"class_list":["post-15800","post","type-post","status-publish","format-standard","has-post-thumbnail","hentry","category-le-sursaut","category-slider","category-societe"],"jetpack_publicize_connections":[],"featured_image_urls":{"full":["https:\/\/nandi.info\/wp-content\/uploads\/2023\/11\/droits-de-l-enfant-paix-unicef-senegal.jpg.webp",1500,500,false],"thumbnail":["https:\/\/nandi.info\/wp-content\/uploads\/2023\/11\/droits-de-l-enfant-paix-unicef-senegal.jpg-150x150.webp",150,150,true],"medium":["https:\/\/nandi.info\/wp-content\/uploads\/2023\/11\/droits-de-l-enfant-paix-unicef-senegal.jpg-300x100.webp",300,100,true],"medium_large":["https:\/\/nandi.info\/wp-content\/uploads\/2023\/11\/droits-de-l-enfant-paix-unicef-senegal.jpg-768x256.webp",768,256,true],"large":["https:\/\/nandi.info\/wp-content\/uploads\/2023\/11\/droits-de-l-enfant-paix-unicef-senegal.jpg-1024x341.webp",1024,341,true],"1536x1536":["https:\/\/nandi.info\/wp-content\/uploads\/2023\/11\/droits-de-l-enfant-paix-unicef-senegal.jpg.webp",1500,500,false],"2048x2048":["https:\/\/nandi.info\/wp-content\/uploads\/2023\/11\/droits-de-l-enfant-paix-unicef-senegal.jpg.webp",1500,500,false],"penci-recipe-1200x1200":["https:\/\/nandi.info\/wp-content\/uploads\/2023\/11\/droits-de-l-enfant-paix-unicef-senegal.jpg.webp",1200,400,false],"penci-recipe-1200x900":["https:\/\/nandi.info\/wp-content\/uploads\/2023\/11\/droits-de-l-enfant-paix-unicef-senegal.jpg.webp",1200,400,false],"penci-recipe-1200x675":["https:\/\/nandi.info\/wp-content\/uploads\/2023\/11\/droits-de-l-enfant-paix-unicef-senegal.jpg.webp",1200,400,false],"penci-single-full":["https:\/\/nandi.info\/wp-content\/uploads\/2023\/11\/droits-de-l-enfant-paix-unicef-senegal.jpg.webp",1500,500,false],"penci-slider-full-thumb":["https:\/\/nandi.info\/wp-content\/uploads\/2023\/11\/droits-de-l-enfant-paix-unicef-senegal.jpg.webp",1500,500,false],"penci-full-thumb":["https:\/\/nandi.info\/wp-content\/uploads\/2023\/11\/droits-de-l-enfant-paix-unicef-senegal.jpg.webp",1170,390,false],"penci-slider-thumb":["https:\/\/nandi.info\/wp-content\/uploads\/2023\/11\/droits-de-l-enfant-paix-unicef-senegal.jpg.webp",1170,390,false],"penci-magazine-slider":["https:\/\/nandi.info\/wp-content\/uploads\/2023\/11\/droits-de-l-enfant-paix-unicef-senegal.jpg.webp",780,260,false],"penci-thumb":["https:\/\/nandi.info\/wp-content\/uploads\/2023\/11\/droits-de-l-enfant-paix-unicef-senegal.jpg.webp",585,195,false],"penci-masonry-thumb":["https:\/\/nandi.info\/wp-content\/uploads\/2023\/11\/droits-de-l-enfant-paix-unicef-senegal.jpg.webp",585,195,false],"penci-thumb-square":["https:\/\/nandi.info\/wp-content\/uploads\/2023\/11\/droits-de-l-enfant-paix-unicef-senegal.jpg.webp",585,195,false],"penci-thumb-vertical":["https:\/\/nandi.info\/wp-content\/uploads\/2023\/11\/droits-de-l-enfant-paix-unicef-senegal.jpg.webp",480,160,false],"penci-thumb-small":["https:\/\/nandi.info\/wp-content\/uploads\/2023\/11\/droits-de-l-enfant-paix-unicef-senegal.jpg.webp",263,88,false]},"author_info":{"display_name":"Nandi","author_link":"https:\/\/nandi.info\/?author=1"},"category_info":"<a href=\"https:\/\/nandi.info\/?cat=67\" rel=\"category\">Le Sursaut<\/a> <a href=\"https:\/\/nandi.info\/?cat=92\" rel=\"category\">Slider<\/a> <a href=\"https:\/\/nandi.info\/?cat=21\" rel=\"category\">Soci\u00e9t\u00e9<\/a>","tag_info":"Soci\u00e9t\u00e9","comment_count":"0","jetpack_featured_media_url":"https:\/\/nandi.info\/wp-content\/uploads\/2023\/11\/droits-de-l-enfant-paix-unicef-senegal.jpg.webp","jetpack_sharing_enabled":true,"_links":{"self":[{"href":"https:\/\/nandi.info\/index.php?rest_route=\/wp\/v2\/posts\/15800","targetHints":{"allow":["GET"]}}],"collection":[{"href":"https:\/\/nandi.info\/index.php?rest_route=\/wp\/v2\/posts"}],"about":[{"href":"https:\/\/nandi.info\/index.php?rest_route=\/wp\/v2\/types\/post"}],"author":[{"embeddable":true,"href":"https:\/\/nandi.info\/index.php?rest_route=\/wp\/v2\/users\/1"}],"replies":[{"embeddable":true,"href":"https:\/\/nandi.info\/index.php?rest_route=%2Fwp%2Fv2%2Fcomments&post=15800"}],"version-history":[{"count":1,"href":"https:\/\/nandi.info\/index.php?rest_route=\/wp\/v2\/posts\/15800\/revisions"}],"predecessor-version":[{"id":15802,"href":"https:\/\/nandi.info\/index.php?rest_route=\/wp\/v2\/posts\/15800\/revisions\/15802"}],"wp:featuredmedia":[{"embeddable":true,"href":"https:\/\/nandi.info\/index.php?rest_route=\/wp\/v2\/media\/15801"}],"wp:attachment":[{"href":"https:\/\/nandi.info\/index.php?rest_route=%2Fwp%2Fv2%2Fmedia&parent=15800"}],"wp:term":[{"taxonomy":"category","embeddable":true,"href":"https:\/\/nandi.info\/index.php?rest_route=%2Fwp%2Fv2%2Fcategories&post=15800"},{"taxonomy":"post_tag","embeddable":true,"href":"https:\/\/nandi.info\/index.php?rest_route=%2Fwp%2Fv2%2Ftags&post=15800"}],"curies":[{"name":"wp","href":"https:\/\/api.w.org\/{rel}","templated":true}]}}