{"id":15792,"date":"2023-11-20T06:29:00","date_gmt":"2023-11-20T05:29:00","guid":{"rendered":"https:\/\/nandi.info\/?p=15792"},"modified":"2023-11-19T21:37:41","modified_gmt":"2023-11-19T20:37:41","slug":"lecole-les-pingouins-se-rend-a-la-garde-nationale-pour-rendre-hommage-aux-fama","status":"publish","type":"post","link":"https:\/\/nandi.info\/?p=15792","title":{"rendered":"L\u2019Ecole \u2018\u2019Les Pingouins\u2019\u2019 se rend \u00e0 la Garde Nationale pour rendre hommage aux FAMa\u00a0!"},"content":{"rendered":"\n<p><strong><em>Ils ont \u00e9t\u00e9 re\u00e7us par le Chef d\u2019Etat-major de la Garde Nationale du Mali (CEM), Colonel Famouk\u00e9 Camara le vendredi 17 novembre dernier \u00e0 la Place d\u2019Armes de l\u2019Etat-major de la Garde Nationale, sis \u00e0 N\u2019Tomikorobougou. Il s\u2019agit des responsables et \u00e9l\u00e8ves de l\u2019Ecole de Base Priv\u00e9e \u2018\u2019Les Pingouins\u2019\u2019 de Badialan et le Jardin d\u2019enfant de la Garde Nationale pour apporter leur soutien ind\u00e9fectible et reconnaissance aux FAMa suite \u00e0 la lib\u00e9ration de Kidal le 14 Novembre 2023.<\/em><\/strong><\/p>\n\n\n\n<p>Ce sont les mots de reconnaissance et de soutien des \u00e9l\u00e8ves de l\u2019Ecole \u2018\u2019Les Pingouins\u2019\u2019 envers les FAMa, les interventions des officiels et les prestations de la Fanfare et l\u2019Orchestre de la Garde Nationale qui ont \u00e9t\u00e9 les temps forts de cet \u00e9v\u00e8nement&nbsp; plein de sens. Cette c\u00e9r\u00e9monie si symbolique, a enregistr\u00e9, outre le CEM, Colonel Famouk\u00e9 Camara, la pr\u00e9sence de la Promotrice de l\u2019Ecole \u2018\u2019Les Pingouins\u2019\u2019, Mme Demb\u00e9l\u00e9 Astan Berth\u00e9 et une forte mobilisation des \u00e9l\u00e8ves.<\/p>\n\n\n\n<p>Occasion pour la promotrice Astan Berth\u00e9 au nom de tout le personnel enseignant de son \u00e9tablissement, les \u00e9l\u00e8ves et parents d\u2019\u00e9l\u00e8ves d\u2019exprimer leur fiert\u00e9, reconnaissance et soutien \u00e0 nos Forces Arm\u00e9es pour l\u2019exploit de la reconqu\u00eate de Kidal, qui \u00e9tait sous l\u2019emprise des s\u00e9paratistes de CMA et des GAT depuis plus d\u2019une d\u00e9cennie. Selon elle, \u00e9tant des citoyens maliens, c\u2019est tout \u00e0 fait logique d\u2019ext\u00e9rioriser leur satisfaction&nbsp; au regard de cette victoire des FAMa. \u00ab&nbsp;On est l\u00e0 pour remercier les FAMa et de leur dire de continuer sur cette lanc\u00e9e\u2026Ce n\u2019est pas la victoire du Mardi 14 qui est suffisante, cela est un pas. Il y a beaucoup de choses \u00e0 faire encore\u00bb a-t-elle soulign\u00e9, avant d\u2019encourager les enfants du Mali de prendre l\u2019exemple sur la bravoure de nos Forces Arm\u00e9es et S\u00e9curit\u00e9 pour travailler et lib\u00e9rer la Patrie.&nbsp;<\/p>\n\n\n\n<p>Le Colonel Famouk\u00e9 Camara n\u2019a pas cach\u00e9 pour sa part, ses \u00e9motions de joie envers ses h\u00f4tes&nbsp; pour leurs actes de reconnaissance et de soutien. A l\u2019entame de son propos, il a fait observer une minute de silence en la m\u00e9moire de tous ceux ou celles qui nous ont quitt\u00e9 dans le cadre de la lutte contre le terrorisme et pour la souverainet\u00e9 du pays. Il a ensuite adress\u00e9 ses f\u00e9licitations et remerciements au nom des plus Hautes Autorit\u00e9s Militaires de la Transition aux \u00e9tablissements scolaires concern\u00e9s. \u00ab&nbsp;Votre pr\u00e9sence ici nous honore et nous oblige davantage \u00e0 donner de notre vie pour \u00eatre toujours d\u00e9bout sur les remparts afin que les champs fleurissent d\u2019esp\u00e9rance et que les c\u0153urs vibrent de confiance\u2026 Nous continuerons \u00e0 demander les b\u00e9n\u00e9dictions et serons toujours l\u00e0 pour sauver le Mali notre Patrimoine, notre h\u00e9ritage commun\u2026&nbsp;\u00bba-t-il rassur\u00e9. S\u2019adressant aux enfants, il leurs \u00e0 indiquer qu\u2019ils sont l\u2019espoir du Mali d\u2019aujourd\u2019hui et de demain et doivent l\u2019aimer et travailler pour un avenir meilleur.<\/p>\n\n\n\n<p>La c\u00e9r\u00e9monie a pris fin par la prise des photos de famille et une collation.<\/p>\n\n\n\n<p><strong>Par Mariam Sissoko<\/strong><\/p>\n","protected":false},"excerpt":{"rendered":"<p>Ils ont \u00e9t\u00e9 re\u00e7us par le Chef d\u2019Etat-major de la Garde Nationale du Mali (CEM), Colonel Famouk\u00e9 Camara le vendredi 17 novembre dernier \u00e0 la Place d\u2019Armes de l\u2019Etat-major de&hellip;<\/p>\n","protected":false},"author":1,"featured_media":15796,"comment_status":"open","ping_status":"open","sticky":false,"template":"","format":"standard","meta":{"content-type":"","_lmt_disableupdate":"","_lmt_disable":"","_jetpack_memberships_contains_paid_content":false,"footnotes":"","jetpack_publicize_message":"","jetpack_publicize_feature_enabled":true,"jetpack_social_post_already_shared":false,"jetpack_social_options":{"image_generator_settings":{"template":"highway","default_image_id":0,"font":"","enabled":false},"version":2}},"categories":[65,67],"tags":[],"class_list":["post-15792","post","type-post","status-publish","format-standard","has-post-thumbnail","hentry","category-armee","category-le-sursaut"],"jetpack_publicize_connections":[],"featured_image_urls":{"full":["https:\/\/nandi.info\/wp-content\/uploads\/2023\/11\/intro_logo_famas-110117.jpg",819,537,false],"thumbnail":["https:\/\/nandi.info\/wp-content\/uploads\/2023\/11\/intro_logo_famas-110117-150x150.jpg",150,150,true],"medium":["https:\/\/nandi.info\/wp-content\/uploads\/2023\/11\/intro_logo_famas-110117-300x197.jpg",300,197,true],"medium_large":["https:\/\/nandi.info\/wp-content\/uploads\/2023\/11\/intro_logo_famas-110117-768x504.jpg",768,504,true],"large":["https:\/\/nandi.info\/wp-content\/uploads\/2023\/11\/intro_logo_famas-110117.jpg",819,537,false],"1536x1536":["https:\/\/nandi.info\/wp-content\/uploads\/2023\/11\/intro_logo_famas-110117.jpg",819,537,false],"2048x2048":["https:\/\/nandi.info\/wp-content\/uploads\/2023\/11\/intro_logo_famas-110117.jpg",819,537,false],"penci-recipe-1200x1200":["https:\/\/nandi.info\/wp-content\/uploads\/2023\/11\/intro_logo_famas-110117.jpg",819,537,false],"penci-recipe-1200x900":["https:\/\/nandi.info\/wp-content\/uploads\/2023\/11\/intro_logo_famas-110117.jpg",819,537,false],"penci-recipe-1200x675":["https:\/\/nandi.info\/wp-content\/uploads\/2023\/11\/intro_logo_famas-110117.jpg",819,537,false],"penci-single-full":["https:\/\/nandi.info\/wp-content\/uploads\/2023\/11\/intro_logo_famas-110117.jpg",819,537,false],"penci-slider-full-thumb":["https:\/\/nandi.info\/wp-content\/uploads\/2023\/11\/intro_logo_famas-110117.jpg",819,537,false],"penci-full-thumb":["https:\/\/nandi.info\/wp-content\/uploads\/2023\/11\/intro_logo_famas-110117.jpg",819,537,false],"penci-slider-thumb":["https:\/\/nandi.info\/wp-content\/uploads\/2023\/11\/intro_logo_famas-110117.jpg",819,537,false],"penci-magazine-slider":["https:\/\/nandi.info\/wp-content\/uploads\/2023\/11\/intro_logo_famas-110117.jpg",780,511,false],"penci-thumb":["https:\/\/nandi.info\/wp-content\/uploads\/2023\/11\/intro_logo_famas-110117.jpg",585,384,false],"penci-masonry-thumb":["https:\/\/nandi.info\/wp-content\/uploads\/2023\/11\/intro_logo_famas-110117.jpg",585,384,false],"penci-thumb-square":["https:\/\/nandi.info\/wp-content\/uploads\/2023\/11\/intro_logo_famas-110117.jpg",585,384,false],"penci-thumb-vertical":["https:\/\/nandi.info\/wp-content\/uploads\/2023\/11\/intro_logo_famas-110117.jpg",480,315,false],"penci-thumb-small":["https:\/\/nandi.info\/wp-content\/uploads\/2023\/11\/intro_logo_famas-110117.jpg",263,172,false]},"author_info":{"display_name":"Nandi","author_link":"https:\/\/nandi.info\/?author=1"},"category_info":"<a href=\"https:\/\/nandi.info\/?cat=65\" rel=\"category\">Arm\u00e9e<\/a> <a href=\"https:\/\/nandi.info\/?cat=67\" rel=\"category\">Le Sursaut<\/a>","tag_info":"Le Sursaut","comment_count":"0","jetpack_featured_media_url":"https:\/\/nandi.info\/wp-content\/uploads\/2023\/11\/intro_logo_famas-110117.jpg","jetpack_sharing_enabled":true,"_links":{"self":[{"href":"https:\/\/nandi.info\/index.php?rest_route=\/wp\/v2\/posts\/15792","targetHints":{"allow":["GET"]}}],"collection":[{"href":"https:\/\/nandi.info\/index.php?rest_route=\/wp\/v2\/posts"}],"about":[{"href":"https:\/\/nandi.info\/index.php?rest_route=\/wp\/v2\/types\/post"}],"author":[{"embeddable":true,"href":"https:\/\/nandi.info\/index.php?rest_route=\/wp\/v2\/users\/1"}],"replies":[{"embeddable":true,"href":"https:\/\/nandi.info\/index.php?rest_route=%2Fwp%2Fv2%2Fcomments&post=15792"}],"version-history":[{"count":1,"href":"https:\/\/nandi.info\/index.php?rest_route=\/wp\/v2\/posts\/15792\/revisions"}],"predecessor-version":[{"id":15797,"href":"https:\/\/nandi.info\/index.php?rest_route=\/wp\/v2\/posts\/15792\/revisions\/15797"}],"wp:featuredmedia":[{"embeddable":true,"href":"https:\/\/nandi.info\/index.php?rest_route=\/wp\/v2\/media\/15796"}],"wp:attachment":[{"href":"https:\/\/nandi.info\/index.php?rest_route=%2Fwp%2Fv2%2Fmedia&parent=15792"}],"wp:term":[{"taxonomy":"category","embeddable":true,"href":"https:\/\/nandi.info\/index.php?rest_route=%2Fwp%2Fv2%2Fcategories&post=15792"},{"taxonomy":"post_tag","embeddable":true,"href":"https:\/\/nandi.info\/index.php?rest_route=%2Fwp%2Fv2%2Ftags&post=15792"}],"curies":[{"name":"wp","href":"https:\/\/api.w.org\/{rel}","templated":true}]}}