{"id":15777,"date":"2023-11-19T18:00:48","date_gmt":"2023-11-19T17:00:48","guid":{"rendered":"https:\/\/nandi.info\/?p=15777"},"modified":"2023-11-19T18:00:56","modified_gmt":"2023-11-19T17:00:56","slug":"rapport-de-human-rights-watch-sur-le-mali-le-gouvernement-malien-denonce-une-procedure-biaisee-et-sensationnaliste","status":"publish","type":"post","link":"https:\/\/nandi.info\/?p=15777","title":{"rendered":"Rapport de Human Rights watch sur le Mali : Le gouvernement malien d\u00e9nonce une proc\u00e9dure \u201cbiais\u00e9e et sensationnaliste\u201d"},"content":{"rendered":"\n<p><strong><em>En r\u00e9action aux all\u00e9gations contenues dans le rapport de l\u2019organisation non gouvernementale Human Rights Watch intitul\u00e9 \u201cMali : Les groupes islamistes arm\u00e9s et l\u2019arm\u00e9e prennent les civils pour cible\u201d et publi\u00e9 le 1er novembre 2023, le gouvernement malien, \u00e0 travers un communiqu\u00e9 dont nous avons pu nous procurer une copie, a \u00e9mis quelques observations sur la proc\u00e9dure qu\u2019il qualifie de biais\u00e9e et sensationnaliste.&nbsp;&nbsp;<\/em><\/strong><\/p>\n\n\n\n<p class=\"has-drop-cap\">Pour le gouvernement, la publication du rapport a \u00e9t\u00e9 pr\u00e9c\u00e9d\u00e9e de lettres en date du 10 octobre 2023 envoy\u00e9es au ministre de la D\u00e9fense et des Anciens combattants et au ministre de la Justice et des Droits de l\u2019Homme, garde des Sceaux.<\/p>\n\n\n\n<p>En observations g\u00e9n\u00e9rales sur la proc\u00e9dure, le gouvernement du Mali indique que les correspondances adress\u00e9es aux ministres susmentionn\u00e9s, pour une r\u00e9action avant le 22 octobre 2023, ne sont parvenues aux services comp\u00e9tents charg\u00e9s de leur acheminement que le 20 octobre 2023. L\u2019extension de quelques jours suppl\u00e9mentaires accord\u00e9e n\u2019a pas permis de r\u00e9agir aux all\u00e9gations contenues dans les correspondances, compte tenu de leur gravit\u00e9. En observation pr\u00e9liminaire, le gouvernement rappelle que l\u2019Etat du Mali est profond\u00e9ment attach\u00e9 au respect des droits humains consacr\u00e9s dans toutes ses Constitutions, de l\u2019Ind\u00e9pendance \u00e0 nos jours qui garantissent les droits fondamentaux de chaque citoyen et mettent l\u2019accent sur la forme r\u00e9publicaine et la\u00efque de l\u2019Etat.<\/p>\n\n\n\n<p>Par ailleurs, rappelle le communiqu\u00e9, le Mali a souscrit \u00e0 la D\u00e9claration universelle des droits de l\u2019Homme du 10 d\u00e9cembre 1948 et \u00e0 la Charte africaine des Droits de l\u2019Homme et des peuples du 27 juin 1981. Ainsi, les valeurs de respect, de promotion et de protection des droits humains sont en outre inscrites dans l\u2019identit\u00e9 du Mali, qui, depuis l\u2019Empire du Mali, au XIIIe si\u00e8cle, a adopt\u00e9 la Charte du Mand\u00e9, appel\u00e9e Charte du Kurukanfuga.<\/p>\n\n\n\n<p>A cet \u00e9gard, le gouvernement du Mali est d\u00e9termin\u00e9 \u00e0 d\u00e9fendre les droits de l\u2019homme en g\u00e9n\u00e9ral, les droits de la femme et de l\u2019enfant ainsi que la diversit\u00e9 culturelle et linguistique de la communaut\u00e9 nationale, en particulier.<\/p>\n\n\n\n<p><strong>Doutes s\u00e9rieux sur l\u2019objectivit\u00e9 de l\u2019analyse et sur<\/strong><\/p>\n\n\n\n<p><strong>&nbsp;la cr\u00e9dibilit\u00e9 de tous les faits all\u00e9gu\u00e9s<\/strong><\/p>\n\n\n\n<p>Selon le communiqu\u00e9, le respect de la vie humaine est une valeur cardinale \u00e0 laquelle adh\u00e8rent toutes les structures nationales, particuli\u00e8rement celles, \u00e0 l\u2019instar des Forces arm\u00e9es maliennes, dont le devoir r\u00e9galien est la protection des personnes.<\/p>\n\n\n\n<p>A ce titre, le Mali coop\u00e8re avec la quasi-totalit\u00e9 des organisations de d\u00e9fense des droits de l\u2019Homme nationales et internationales. Quant aux observations sp\u00e9cifiques, le gouvernement laisse entendre que l\u2019examen du rapport de Human Rights Watch appelle de la part du gouvernement du Mali les observations et commentaires ci-apr\u00e8s : tout d\u2019abord, le gouvernement d\u00e9nonce avec force l\u2019approche biais\u00e9e et sensationnaliste du communiqu\u00e9 de Human Rights Watch, qui, d\u00e8s le titre de sa publication, met l\u2019Arm\u00e9e malienne au m\u00eame rang que les&nbsp;<em>\u201cgroupes islamistes arm\u00e9s\u201d.<\/em><\/p>\n\n\n\n<p>A en croire le gouvernement, cette d\u00e9marche de l\u2019ONG pose des doutes s\u00e9rieux, non seulement sur l\u2019objectivit\u00e9 de son analyse mais \u00e9galement sur la cr\u00e9dibilit\u00e9 de tous les faits all\u00e9gu\u00e9s car ceux-ci ne tendraient qu\u2019\u00e0 \u00e9tayer une ligne \u00e9ditoriale clairement affich\u00e9e d\u2019embl\u00e9e.&nbsp; Le gouvernement regrette, avec la m\u00eame vigueur, que HRW ait pris le parti assum\u00e9 de faire croire que l\u2019Arm\u00e9e malienne<strong>&nbsp;\u201cprenne les civils pour cible\u201d.<\/strong>&nbsp;Ce narratif, qui reprend des \u00e9l\u00e9ments de langage de certains acteurs internationaux dont l\u2019hostilit\u00e9 vis-\u00e0-vis du Mali n\u2019est pas un secret, cache mal la d\u00e9marche, enti\u00e8rement \u00e0 charge, suivie par l\u2019ONG.<\/p>\n\n\n\n<p>En r\u00e9action, le gouvernement du Mali souligne tout d\u2019abord que toutes les all\u00e9gations de violations graves des droits humains port\u00e9es \u00e0 la connaissance des autorit\u00e9s judiciaires de l\u2019ordre civil ou militaire, conduisent \u00e0 des enqu\u00eates en vue d\u2019en rechercher leurs auteurs et de les poursuivre.<\/p>\n\n\n\n<p><strong>Plusieurs proc\u00e9dures judiciaires initi\u00e9es contre des \u00e9l\u00e9ments<\/strong><\/p>\n\n\n\n<p><strong>&nbsp;des forces arm\u00e9es et de s\u00e9curit\u00e9<\/strong><\/p>\n\n\n\n<p>Toutefois, il importe de signaler les contraintes et les d\u00e9fis li\u00e9s \u00e0 la conduite des enqu\u00eates dans le contexte d\u2019ins\u00e9curit\u00e9 que connait le pays depuis 2012. Nonobstant cet \u00e9tat de fait, la justice malienne a initi\u00e9 plusieurs proc\u00e9dures contre les membres des forces arm\u00e9es et de s\u00e9curit\u00e9 ou les groupes arm\u00e9s, dont certaines ont fait l\u2019objet de jugement et d\u2019autres en cours d\u2019instruction pr\u00e9paratoire devant les juridictions civiles ou militaires.<\/p>\n\n\n\n<p>Le gouvernement regrette la m\u00e9thode de collecte d\u2019informations utilis\u00e9e par Human Rights Watch, notamment les t\u00e9moignages recueillis en utilisant des appels t\u00e9l\u00e9phoniques, aupr\u00e8s de&nbsp;<strong>\u201cpersonnes au courant des incidents\u201d<\/strong>, sans autre pr\u00e9caution minimum de recoupement d\u2019informations. Il est tout aussi regrettable et en se fondant sur les commentaires faits par des m\u00e9dias instrumentalis\u00e9s, sans v\u00e9rification sur site, enl\u00e8ve toute cr\u00e9dibilit\u00e9 aux conclusions du rapport.<\/p>\n\n\n\n<p>Aussi, aucun des cas de violations pr\u00e9sum\u00e9es des Droits de l\u2019Homme contenus dans les pr\u00e9sentes conclusions pr\u00e9liminaires de Human Rights Watch n\u2019avait \u00e9t\u00e9, jusqu\u2019\u00e0 ce jour, port\u00e9 \u00e0 la connaissance des autorit\u00e9s judiciaires comp\u00e9tentes. Cela renforce les doutes sur la cr\u00e9dibilit\u00e9 des all\u00e9gations port\u00e9es par Human Rights Watch et qui ne refl\u00e8tent aucunement la r\u00e9alit\u00e9 sur le terrain. En effet, les op\u00e9rations men\u00e9es par les Forces Arm\u00e9es maliennes (FAMa) dans la r\u00e9gion de Nara ont toutes cibl\u00e9 les groupes arm\u00e9s terroristes et en cons\u00e9quence, sans aucun incident sur les populations civiles.<\/p>\n\n\n\n<p>A ce titre, l\u2019opportunit\u00e9 d\u2019une enqu\u00eate ne s\u2019\u00e9tait pas pr\u00e9sent\u00e9e. S\u2019agissant des mesures prises pour accorder des r\u00e9parations aux victimes de violations des droits humains ou \u00e0 leurs familles dans le contexte du conflit au Mali depuis 2022, le gouvernement rappelle la mise en place de l\u2019Autorit\u00e9 de gestion des r\u00e9parations pour les victimes devant succ\u00e9der \u00e0 la Commission v\u00e9rit\u00e9 justice et r\u00e9conciliation (CVJR), ainsi que l\u2019organe charg\u00e9 de la conservation des m\u00e9moires des crises.<\/p>\n\n\n\n<p><strong>El\u00e9ments de langage distill\u00e9s par des Etats hostiles au Mali<\/strong><\/p>\n\n\n\n<p>Dans ce cadre, le gouvernement a adopt\u00e9 la loi n\u00b02022-041 du 15 novembre 2022 fixant les r\u00e8gles g\u00e9n\u00e9rales relatives \u00e0 la r\u00e9paration des pr\u00e9judices caus\u00e9s par les violations graves des droits de l\u2019Homme et de son d\u00e9cret d\u2019application n\u00b02022-0730\/PT-RM du 23 novembre 2022.&nbsp; En de nombreux passages, poursuit le communiqu\u00e9, le rapport de HRW cite nomm\u00e9ment un groupe de s\u00e9curit\u00e9 priv\u00e9 russe, en sous-entendant, sans aucune nuance, que le Gouvernement entretiendrait des relations avec celui-ci. Il est regrettable, une fois de plus, que des \u00e9l\u00e9ments de langage distill\u00e9s par des Etats hostiles au Mali soient repris et pr\u00e9sent\u00e9s comme des faits r\u00e9els par une organisation dont la cr\u00e9dibilit\u00e9 repose, en grande partie, sur la neutralit\u00e9 et l\u2019ind\u00e9pendance politique et technique vis-\u00e0-vis des Etats. Le Gouvernement du Mali rappelle que la diversification des partenariats du Mali s\u2019entend en termes de partenariat d\u2019Etat \u00e0 Etat. Ainsi, il semble utile de souligner que les relations entre le Mali et la Russie remontent \u00e0 l\u2019ind\u00e9pendance de la R\u00e9publique du Mali, en 1960 et depuis cette date, le Mali entretient une coop\u00e9ration riche et vari\u00e9e avec la Russie.&nbsp;<strong><em>\u201cComme il l\u2019a d\u00e9j\u00e0 pr\u00e9cis\u00e9 dans ses observations pr\u00e9c\u00e9dentes aux publications de HRW, les Forces Arm\u00e9es et de s\u00e9curit\u00e9 maliennes op\u00e8rent en toute autonomie\u201d<\/em><\/strong>, mentionne le communiqu\u00e9.<\/p>\n\n\n\n<p>A en le gouvernement, les all\u00e9gations concernant les pr\u00e9sum\u00e9es de violations des droits de l\u2019Homme adress\u00e9es au ministre de la Justice et des Droits de l\u2019Homme par l\u2019ONG Human Rights Watch, dans son pr\u00e9c\u00e9dent rapport, et qui seraient intervenues dans les localit\u00e9s de Ouenkoro, S\u00e9guelal, Sossob\u00e9 et les r\u00e9gions de Thioffol, Mopti et S\u00e9gou entre d\u00e9cembre 2022 et mars 2023, sont en cours d\u2019instruction pr\u00e9paratoire au niveau de cabinet du Pole Judiciaire Sp\u00e9cialis\u00e9. Pour certains cas comme celui de Sossob\u00e9, des d\u00e9l\u00e9gations judiciaires \u00e9mises par le juge d\u2019instruction sont en ex\u00e9cution.<\/p>\n\n\n\n<p><strong>Caract\u00e8re tendancieux des all\u00e9gations infond\u00e9es<\/strong><\/p>\n\n\n\n<p>En conclusion, le gouvernement dira que de l\u2019analyse des all\u00e9gations contenues dans le rapport de HRW, il ressort le caract\u00e8re tendancieux des all\u00e9gations infond\u00e9es, des affirmations gratuites, des t\u00e9moignages recueillis \u00e0 distance et orient\u00e9s, des conclusions erron\u00e9es tendant \u00e0 incriminer les autorit\u00e9s maliennes et les FAMa.<\/p>\n\n\n\n<p><strong><em>\u201cLes violations graves cit\u00e9es dans ce rapport sont l\u2019\u0153uvre des groupes terroristes. Les civils, les militaires et les forces internationales payent un lourd tribut de cette barbarie. L\u2019arm\u00e9e est dans sa mission r\u00e9galienne de protection du territoire, des populations et des biens. Dans ce cadre, elle op\u00e8re en toute autonomie et ne fait appel \u00e0 aucun suppl\u00e9tif \u00e9tranger\u201d<\/em><\/strong>, peut-on lire dans le communiqu\u00e9 du gouvernement.<\/p>\n\n\n\n<p>Gr\u00e2ce \u00e0 sa mont\u00e9e en puissance, mentionne le communiqu\u00e9, des dizaines de milliers de personnes ont pu regagner leur lieu de r\u00e9sidence, l\u2019administration et les services sociaux de base se red\u00e9ployent progressivement.<\/p>\n\n\n\n<p>Et de poursuivre que les FAMa sont une arm\u00e9e r\u00e9publicaine, form\u00e9e au respect des dispositions pertinentes des droits de l\u2019homme et du droit international humanitaire. C\u2019est une arm\u00e9e nationale dans laquelle toutes les communaut\u00e9s sont repr\u00e9sent\u00e9es, \u00e0 tous les niveaux, y compris au plus haut niveau du commandement.&nbsp;<strong><em>\u201cLes Forces arm\u00e9es maliennes accomplissent leur r\u00f4le dans le strict respect des droits de l\u2019Homme et du droit international humanitaire auxquels elles sont form\u00e9es et sensibilis\u00e9es en permanence\u201d<\/em><\/strong>, pr\u00e9cise le gouvernement.<\/p>\n\n\n\n<p>Il importe \u00e9galement de rappeler que la pr\u00e9v\u00f4t\u00e9 est pr\u00e9sente au sein de chaque d\u00e9tachement op\u00e9rationnel pour garantir le respect des droits de l\u2019Homme et du droit international humanitaire sur les diff\u00e9rents th\u00e9\u00e2tres d\u2019op\u00e9rations militaires.<\/p>\n\n\n\n<p>En termes de perspectives, le gouvernement recommande une meilleure lecture des \u00e9v\u00e8nements de la part de Human Rights Watch, qui gagnerait notamment \u00e0 rester dans une stricte neutralit\u00e9 et \u00e0 inscrire davantage sa d\u00e9marche dans une approche constructive.<\/p>\n\n\n\n<p><strong>Boubacar Pa\u00eftao<\/strong><\/p>\n","protected":false},"excerpt":{"rendered":"<p>En r\u00e9action aux all\u00e9gations contenues dans le rapport de l\u2019organisation non gouvernementale Human Rights Watch intitul\u00e9 \u201cMali : Les groupes islamistes arm\u00e9s et l\u2019arm\u00e9e prennent les civils pour cible\u201d et&hellip;<\/p>\n","protected":false},"author":1,"featured_media":15781,"comment_status":"open","ping_status":"open","sticky":false,"template":"","format":"standard","meta":{"content-type":"","_lmt_disableupdate":"","_lmt_disable":"","_jetpack_memberships_contains_paid_content":false,"footnotes":"","jetpack_publicize_message":"","jetpack_publicize_feature_enabled":true,"jetpack_social_post_already_shared":false,"jetpack_social_options":{"image_generator_settings":{"template":"highway","default_image_id":0,"font":"","enabled":false},"version":2}},"categories":[19,49,92],"tags":[],"class_list":["post-15777","post","type-post","status-publish","format-standard","has-post-thumbnail","hentry","category-aujourdhui-mali","category-insecurite","category-slider"],"jetpack_publicize_connections":[],"featured_image_urls":{"full":["https:\/\/nandi.info\/wp-content\/uploads\/2023\/11\/Col-Abdoulaye-Maiga-696x464-1.jpg",696,464,false],"thumbnail":["https:\/\/nandi.info\/wp-content\/uploads\/2023\/11\/Col-Abdoulaye-Maiga-696x464-1-150x150.jpg",150,150,true],"medium":["https:\/\/nandi.info\/wp-content\/uploads\/2023\/11\/Col-Abdoulaye-Maiga-696x464-1-300x200.jpg",300,200,true],"medium_large":["https:\/\/nandi.info\/wp-content\/uploads\/2023\/11\/Col-Abdoulaye-Maiga-696x464-1.jpg",696,464,false],"large":["https:\/\/nandi.info\/wp-content\/uploads\/2023\/11\/Col-Abdoulaye-Maiga-696x464-1.jpg",696,464,false],"1536x1536":["https:\/\/nandi.info\/wp-content\/uploads\/2023\/11\/Col-Abdoulaye-Maiga-696x464-1.jpg",696,464,false],"2048x2048":["https:\/\/nandi.info\/wp-content\/uploads\/2023\/11\/Col-Abdoulaye-Maiga-696x464-1.jpg",696,464,false],"penci-recipe-1200x1200":["https:\/\/nandi.info\/wp-content\/uploads\/2023\/11\/Col-Abdoulaye-Maiga-696x464-1.jpg",696,464,false],"penci-recipe-1200x900":["https:\/\/nandi.info\/wp-content\/uploads\/2023\/11\/Col-Abdoulaye-Maiga-696x464-1.jpg",696,464,false],"penci-recipe-1200x675":["https:\/\/nandi.info\/wp-content\/uploads\/2023\/11\/Col-Abdoulaye-Maiga-696x464-1.jpg",696,464,false],"penci-single-full":["https:\/\/nandi.info\/wp-content\/uploads\/2023\/11\/Col-Abdoulaye-Maiga-696x464-1.jpg",696,464,false],"penci-slider-full-thumb":["https:\/\/nandi.info\/wp-content\/uploads\/2023\/11\/Col-Abdoulaye-Maiga-696x464-1.jpg",696,464,false],"penci-full-thumb":["https:\/\/nandi.info\/wp-content\/uploads\/2023\/11\/Col-Abdoulaye-Maiga-696x464-1.jpg",696,464,false],"penci-slider-thumb":["https:\/\/nandi.info\/wp-content\/uploads\/2023\/11\/Col-Abdoulaye-Maiga-696x464-1.jpg",696,464,false],"penci-magazine-slider":["https:\/\/nandi.info\/wp-content\/uploads\/2023\/11\/Col-Abdoulaye-Maiga-696x464-1.jpg",696,464,false],"penci-thumb":["https:\/\/nandi.info\/wp-content\/uploads\/2023\/11\/Col-Abdoulaye-Maiga-696x464-1.jpg",585,390,false],"penci-masonry-thumb":["https:\/\/nandi.info\/wp-content\/uploads\/2023\/11\/Col-Abdoulaye-Maiga-696x464-1.jpg",585,390,false],"penci-thumb-square":["https:\/\/nandi.info\/wp-content\/uploads\/2023\/11\/Col-Abdoulaye-Maiga-696x464-1.jpg",585,390,false],"penci-thumb-vertical":["https:\/\/nandi.info\/wp-content\/uploads\/2023\/11\/Col-Abdoulaye-Maiga-696x464-1.jpg",480,320,false],"penci-thumb-small":["https:\/\/nandi.info\/wp-content\/uploads\/2023\/11\/Col-Abdoulaye-Maiga-696x464-1.jpg",263,175,false]},"author_info":{"display_name":"Nandi","author_link":"https:\/\/nandi.info\/?author=1"},"category_info":"<a href=\"https:\/\/nandi.info\/?cat=19\" rel=\"category\">Aujourd\u2019hui Mali<\/a> <a href=\"https:\/\/nandi.info\/?cat=49\" rel=\"category\">Ins\u00e9curit\u00e9<\/a> <a href=\"https:\/\/nandi.info\/?cat=92\" rel=\"category\">Slider<\/a>","tag_info":"Slider","comment_count":"0","jetpack_featured_media_url":"https:\/\/nandi.info\/wp-content\/uploads\/2023\/11\/Col-Abdoulaye-Maiga-696x464-1.jpg","jetpack_sharing_enabled":true,"_links":{"self":[{"href":"https:\/\/nandi.info\/index.php?rest_route=\/wp\/v2\/posts\/15777","targetHints":{"allow":["GET"]}}],"collection":[{"href":"https:\/\/nandi.info\/index.php?rest_route=\/wp\/v2\/posts"}],"about":[{"href":"https:\/\/nandi.info\/index.php?rest_route=\/wp\/v2\/types\/post"}],"author":[{"embeddable":true,"href":"https:\/\/nandi.info\/index.php?rest_route=\/wp\/v2\/users\/1"}],"replies":[{"embeddable":true,"href":"https:\/\/nandi.info\/index.php?rest_route=%2Fwp%2Fv2%2Fcomments&post=15777"}],"version-history":[{"count":1,"href":"https:\/\/nandi.info\/index.php?rest_route=\/wp\/v2\/posts\/15777\/revisions"}],"predecessor-version":[{"id":15782,"href":"https:\/\/nandi.info\/index.php?rest_route=\/wp\/v2\/posts\/15777\/revisions\/15782"}],"wp:featuredmedia":[{"embeddable":true,"href":"https:\/\/nandi.info\/index.php?rest_route=\/wp\/v2\/media\/15781"}],"wp:attachment":[{"href":"https:\/\/nandi.info\/index.php?rest_route=%2Fwp%2Fv2%2Fmedia&parent=15777"}],"wp:term":[{"taxonomy":"category","embeddable":true,"href":"https:\/\/nandi.info\/index.php?rest_route=%2Fwp%2Fv2%2Fcategories&post=15777"},{"taxonomy":"post_tag","embeddable":true,"href":"https:\/\/nandi.info\/index.php?rest_route=%2Fwp%2Fv2%2Ftags&post=15777"}],"curies":[{"name":"wp","href":"https:\/\/api.w.org\/{rel}","templated":true}]}}