{"id":15616,"date":"2023-11-12T00:09:36","date_gmt":"2023-11-11T23:09:36","guid":{"rendered":"https:\/\/nandi.info\/?p=15616"},"modified":"2023-11-12T00:09:37","modified_gmt":"2023-11-11T23:09:37","slug":"defense-de-lintegrite-du-territoire-lutte-contre-les-groupes-terroristes-et-separatistes-pourquoi-il-faut-soutenir-les-famas","status":"publish","type":"post","link":"https:\/\/nandi.info\/?p=15616","title":{"rendered":"D\u00e9fense de l\u2019int\u00e9grit\u00e9 du territoire, lutte contre les groupes terroristes et s\u00e9paratistes : Pourquoi il faut soutenir les Famas"},"content":{"rendered":"\n<p><em><strong>Dans le cadre de la d\u00e9fense de l\u2019int\u00e9grit\u00e9 du territoire national de la protection des personnes et de leurs biens, aujourd\u2019hui les Forces arm\u00e9es maliennes sont sur tous les fronts. En plus des offensives militaires, des actions civilo-militaires sont aussi entrepris par nos forces arm\u00e9es&nbsp; renfor\u00e7ant&nbsp;ainsi la confiance et la collaboration avec les populations dans la lutte contre les groupes terroristes et s\u00e9paratistes.<\/strong><\/em><\/p>\n\n\n\n<p class=\"has-drop-cap\">Si de nos jours un soutien&nbsp; fait l\u2019unanimit\u00e9, c\u2019est celui accord\u00e9 par les populations maliennes \u00e0 nos Fama. Chose qui n\u2019est pas surprenante pour la simple raison qu\u2019elle s\u2019est v\u00e9ritablement renforc\u00e9e en hommes et \u00e9quipements. Aussi, sa vision de reconqu\u00eate du territoire a renou\u00e9 la fibre patriotique en chaque malien surtout que les Famas sont l\u2019une des rares institutions&nbsp; de notre pays, voire de notre&nbsp; sous-r\u00e9gion \u00e0 ne pas \u00eatre politis\u00e9e, communautariste, sectaire.&nbsp; \u00c9galement, l\u2019offensive militaire pour la r\u00e9cup\u00e9ration des anciennes emprises de la Minusma est suivie avec beaucoup d\u2019int\u00e9r\u00eat et d\u2019attention par le peuple malien. Car, \u00e0 chaque frappe de drones ou des avions sur des cibles ennemies, ces nouvelles&nbsp; sont relay\u00e9es avec joie et fiert\u00e9 sur les r\u00e9seaux sociaux. L\u2019acquisition des \u00e9quipements militaires pour les Famas y compris de nombreux vecteurs a\u00e9riens a \u00e9t\u00e9 d\u00e9cisive dans la mont\u00e9e en puissance de nos arm\u00e9es engag\u00e9es sur plusieurs fronts contre les groupes terroristes mais aussi contre des s\u00e9paratistes du CSP. Toutes choses qui prouvent \u00e0 suffisance que cette arm\u00e9e doit \u00eatre soutenue par les populations car elle veille sur l\u2019int\u00e9grit\u00e9 du territoire national, sur l\u2019existence m\u00eame du Mali. Aussi, il est difficile de trouver une famille qui n\u2019a pas un fils, un proche au sein des forces arm\u00e9es et de s\u00e9curit\u00e9. En clair, l\u2019arm\u00e9e c\u2019est nous-m\u00eames, ne pas la soutenir ou aider les autorit\u00e9s \u00e0 la soutenir, c\u2019est contribuer \u00e0 affaiblir le pays, ce qui n\u2019est pas une bonne chose en cette p\u00e9riode de situation s\u00e9curitaire pr\u00e9caire au Sahel, voire dans le monde. En clair les autorit\u00e9s actuelles de la Transition sont \u00e0 pied d\u2019\u0153uvre pour donner \u00e0 notre pays sa puissance de feu d\u2019antan.<\/p>\n\n\n\n<p><strong>&nbsp;&nbsp;&nbsp;&nbsp;&nbsp;&nbsp;&nbsp;&nbsp;&nbsp;&nbsp;&nbsp;&nbsp;&nbsp;&nbsp;&nbsp;&nbsp;&nbsp;&nbsp;&nbsp;&nbsp;&nbsp;&nbsp;&nbsp;&nbsp;&nbsp;&nbsp;&nbsp;<\/strong><strong>&nbsp; Kassoum THERA<\/strong><\/p>\n","protected":false},"excerpt":{"rendered":"<p>Dans le cadre de la d\u00e9fense de l\u2019int\u00e9grit\u00e9 du territoire national de la protection des personnes et de leurs biens, aujourd\u2019hui les Forces arm\u00e9es maliennes sont sur tous les fronts.&hellip;<\/p>\n","protected":false},"author":1,"featured_media":15617,"comment_status":"open","ping_status":"open","sticky":false,"template":"","format":"standard","meta":{"content-type":"","_lmt_disableupdate":"","_lmt_disable":"","_jetpack_memberships_contains_paid_content":false,"footnotes":"","jetpack_publicize_message":"","jetpack_publicize_feature_enabled":true,"jetpack_social_post_already_shared":false,"jetpack_social_options":{"image_generator_settings":{"template":"highway","default_image_id":0,"font":"","enabled":false},"version":2}},"categories":[65,19],"tags":[],"class_list":["post-15616","post","type-post","status-publish","format-standard","has-post-thumbnail","hentry","category-armee","category-aujourdhui-mali"],"jetpack_publicize_connections":[],"featured_image_urls":{"full":["https:\/\/nandi.info\/wp-content\/uploads\/2023\/11\/Colonel-Sadio-Camara-ministre.jpg",650,433,false],"thumbnail":["https:\/\/nandi.info\/wp-content\/uploads\/2023\/11\/Colonel-Sadio-Camara-ministre-150x150.jpg",150,150,true],"medium":["https:\/\/nandi.info\/wp-content\/uploads\/2023\/11\/Colonel-Sadio-Camara-ministre-300x200.jpg",300,200,true],"medium_large":["https:\/\/nandi.info\/wp-content\/uploads\/2023\/11\/Colonel-Sadio-Camara-ministre.jpg",650,433,false],"large":["https:\/\/nandi.info\/wp-content\/uploads\/2023\/11\/Colonel-Sadio-Camara-ministre.jpg",650,433,false],"1536x1536":["https:\/\/nandi.info\/wp-content\/uploads\/2023\/11\/Colonel-Sadio-Camara-ministre.jpg",650,433,false],"2048x2048":["https:\/\/nandi.info\/wp-content\/uploads\/2023\/11\/Colonel-Sadio-Camara-ministre.jpg",650,433,false],"penci-recipe-1200x1200":["https:\/\/nandi.info\/wp-content\/uploads\/2023\/11\/Colonel-Sadio-Camara-ministre.jpg",650,433,false],"penci-recipe-1200x900":["https:\/\/nandi.info\/wp-content\/uploads\/2023\/11\/Colonel-Sadio-Camara-ministre.jpg",650,433,false],"penci-recipe-1200x675":["https:\/\/nandi.info\/wp-content\/uploads\/2023\/11\/Colonel-Sadio-Camara-ministre.jpg",650,433,false],"penci-single-full":["https:\/\/nandi.info\/wp-content\/uploads\/2023\/11\/Colonel-Sadio-Camara-ministre.jpg",650,433,false],"penci-slider-full-thumb":["https:\/\/nandi.info\/wp-content\/uploads\/2023\/11\/Colonel-Sadio-Camara-ministre.jpg",650,433,false],"penci-full-thumb":["https:\/\/nandi.info\/wp-content\/uploads\/2023\/11\/Colonel-Sadio-Camara-ministre.jpg",650,433,false],"penci-slider-thumb":["https:\/\/nandi.info\/wp-content\/uploads\/2023\/11\/Colonel-Sadio-Camara-ministre.jpg",650,433,false],"penci-magazine-slider":["https:\/\/nandi.info\/wp-content\/uploads\/2023\/11\/Colonel-Sadio-Camara-ministre.jpg",650,433,false],"penci-thumb":["https:\/\/nandi.info\/wp-content\/uploads\/2023\/11\/Colonel-Sadio-Camara-ministre.jpg",585,390,false],"penci-masonry-thumb":["https:\/\/nandi.info\/wp-content\/uploads\/2023\/11\/Colonel-Sadio-Camara-ministre.jpg",585,390,false],"penci-thumb-square":["https:\/\/nandi.info\/wp-content\/uploads\/2023\/11\/Colonel-Sadio-Camara-ministre.jpg",585,390,false],"penci-thumb-vertical":["https:\/\/nandi.info\/wp-content\/uploads\/2023\/11\/Colonel-Sadio-Camara-ministre.jpg",480,320,false],"penci-thumb-small":["https:\/\/nandi.info\/wp-content\/uploads\/2023\/11\/Colonel-Sadio-Camara-ministre.jpg",263,175,false]},"author_info":{"display_name":"Nandi","author_link":"https:\/\/nandi.info\/?author=1"},"category_info":"<a href=\"https:\/\/nandi.info\/?cat=65\" rel=\"category\">Arm\u00e9e<\/a> <a href=\"https:\/\/nandi.info\/?cat=19\" rel=\"category\">Aujourd\u2019hui Mali<\/a>","tag_info":"Aujourd\u2019hui Mali","comment_count":"0","jetpack_featured_media_url":"https:\/\/nandi.info\/wp-content\/uploads\/2023\/11\/Colonel-Sadio-Camara-ministre.jpg","jetpack_sharing_enabled":true,"_links":{"self":[{"href":"https:\/\/nandi.info\/index.php?rest_route=\/wp\/v2\/posts\/15616","targetHints":{"allow":["GET"]}}],"collection":[{"href":"https:\/\/nandi.info\/index.php?rest_route=\/wp\/v2\/posts"}],"about":[{"href":"https:\/\/nandi.info\/index.php?rest_route=\/wp\/v2\/types\/post"}],"author":[{"embeddable":true,"href":"https:\/\/nandi.info\/index.php?rest_route=\/wp\/v2\/users\/1"}],"replies":[{"embeddable":true,"href":"https:\/\/nandi.info\/index.php?rest_route=%2Fwp%2Fv2%2Fcomments&post=15616"}],"version-history":[{"count":1,"href":"https:\/\/nandi.info\/index.php?rest_route=\/wp\/v2\/posts\/15616\/revisions"}],"predecessor-version":[{"id":15618,"href":"https:\/\/nandi.info\/index.php?rest_route=\/wp\/v2\/posts\/15616\/revisions\/15618"}],"wp:featuredmedia":[{"embeddable":true,"href":"https:\/\/nandi.info\/index.php?rest_route=\/wp\/v2\/media\/15617"}],"wp:attachment":[{"href":"https:\/\/nandi.info\/index.php?rest_route=%2Fwp%2Fv2%2Fmedia&parent=15616"}],"wp:term":[{"taxonomy":"category","embeddable":true,"href":"https:\/\/nandi.info\/index.php?rest_route=%2Fwp%2Fv2%2Fcategories&post=15616"},{"taxonomy":"post_tag","embeddable":true,"href":"https:\/\/nandi.info\/index.php?rest_route=%2Fwp%2Fv2%2Ftags&post=15616"}],"curies":[{"name":"wp","href":"https:\/\/api.w.org\/{rel}","templated":true}]}}