{"id":15611,"date":"2023-11-12T00:02:06","date_gmt":"2023-11-11T23:02:06","guid":{"rendered":"https:\/\/nandi.info\/?p=15611"},"modified":"2023-11-12T00:02:07","modified_gmt":"2023-11-11T23:02:07","slug":"10-novembre-2020-le-jour-ou-nous-quittait-le-soldat-de-la-democratie-malienne-ce-quamadou-toumani-toure-a-legue-a-la-posterite","status":"publish","type":"post","link":"https:\/\/nandi.info\/?p=15611","title":{"rendered":"10 novembre 2020 : Le jour o\u00f9 nous quittait le soldat de la d\u00e9mocratie malienne : Ce qu\u2019Amadou Toumani Tour\u00e9 a l\u00e9gu\u00e9 \u00e0 la post\u00e9rit\u00e9"},"content":{"rendered":"\n<p><strong><em>Si la date du 19 novembre est marqu\u00e9e d\u2019une pierre noire dans l\u2019histoire politique du Mali avec le premier coup d\u2019Etat qui a renvers\u00e9 le p\u00e8re de la Nation et premier pr\u00e9sident du Mali ind\u00e9pendant, Modibo K\u00e9ita, en 1968, celle du 10 novembre restera aussi \u00e0 jamais un rep\u00e8re sombre de la vie politique du pays de Soundiata K\u00e9ita avec le d\u00e9c\u00e8s, en 2010, d\u2019Amadou Toumani Tour\u00e9, quatri\u00e8me pr\u00e9sident de la R\u00e9publique du Mali, p\u00e8re, chantre et soldat de la d\u00e9mocratie malienne. En ce vendredi saint 10 novembre 2023, jour anniversaire de sa disparition, rendre un hommage \u00e0 ATT est un devoir citoyen ; rappeler son v\u00e9cu d\u2019homme d\u2019Etat est un acte r\u00e9publicain auquel nous sacrifions.<\/em><\/strong><\/p>\n\n\n\n<p><strong>Mardi 10 novembre 2020<\/strong>, peu apr\u00e8s la pri\u00e8re du Fajr&nbsp;<strong>(5 h 30-6 h)<\/strong>, la nation malienne se r\u00e9veillait avec la triste nouvelle du d\u00e9c\u00e8s, \u00e0 Istanbul, en Turquie, de son ancien pr\u00e9sident, Amadou Toumani Tour\u00e9 dit ATT, six jours apr\u00e8s son 72e anniversaire de naissance. Terrible sc\u00e9nario pour un pays qui avait perdu, moins de deux mois plus t\u00f4t, le 15 septembre, cet autre ancien pr\u00e9sident, en la personne du g\u00e9n\u00e9ral Moussa Traor\u00e9.<\/p>\n\n\n\n<p><strong>10 novembre 2023 : Journ\u00e9e&nbsp;<\/strong><strong>du souvenir<\/strong><\/p>\n\n\n\n<figure class=\"wp-block-image alignright is-resized\"><img decoding=\"async\" src=\"https:\/\/www.maliweb.net\/wp-content\/news\/images\/2023\/11\/ATT-Alpha.jpg\" alt=\"\" class=\"wp-image-3042800\" style=\"width:439px;height:auto\"\/><\/figure>\n\n\n\n<p>Deuil, tristesse, compassion et signature du livre de condol\u00e9ances au plan national, messages de condol\u00e9ances \u00e0 l\u2019\u00e9chelle mondiale. Le ballet au domicile du d\u00e9funt aura dur\u00e9 une semaine au bout de laquelle le Mali tout entier dit adieu \u00e0 ATT \u00e0 travers des obs\u00e8ques nationales organis\u00e9es le mardi 17 novembre 2020 au G\u00e9nie militaire Base A. Y ont pris part le pr\u00e9sident de la Transition de l\u2019\u00e9poque, Bah N\u2019Daw et le vice-pr\u00e9sident, le colonel Assimi Go\u00efta. Plusieurs autres autorit\u00e9s nationales, dont le Premier ministre Moctar Ouane, \u00e9taient pr\u00e9sentes aux obs\u00e8ques nationales. L\u2019on notait aussi la pr\u00e9sence de la famille de l\u2019illustre disparu, dont son \u00e9pouse Mme Tour\u00e9 Lobbo Traor\u00e9, ancienne premi\u00e8re Dame du Mali, ainsi que deux anciens chefs d\u2019Etat du Mali : Alpha Oumar Konar\u00e9 et Dioncounda Traor\u00e9.<\/p>\n\n\n\n<p>La c\u00e9r\u00e9monie a \u00e9t\u00e9 marqu\u00e9e, entre autres, par la lecture de l\u2019oraison fun\u00e8bre, la pr\u00e9sentation des condol\u00e9ances du chef de l\u2019Etat, Bah N\u2019Daw, pr\u00e9sent\u00e9es par le Grand chancelier des ordres nationaux, le g\u00e9n\u00e9ral Amadou Sagafourou Gu\u00e8ye, les d\u00e9fil\u00e9s des troupes terrestres, le t\u00e9moignage de la famille et des proches du d\u00e9funt et la pri\u00e8re fun\u00e9raire. Amadou Toumani Tour\u00e9 repose pour l\u2019\u00e9ternit\u00e9 au cimeti\u00e8re de Hamdallaye.<\/p>\n\n\n\n<figure class=\"wp-block-image aligncenter is-resized\"><img decoding=\"async\" src=\"https:\/\/www.maliweb.net\/wp-content\/news\/images\/2023\/11\/funerailles-ATT.jpg\" alt=\"\" class=\"wp-image-3042803\" style=\"width:906px;height:auto\"\/><\/figure>\n\n\n\n<p>Pour ce vendredi 10 novembre 2023, 3e anniversaire de la disparition d\u2019ATT, sa famille a voulu juste sacrifier au rituel par une s\u00e9ance de lecture de Coran au domicile du d\u00e9funt en milieu d\u2019apr\u00e8s-midi. Dans la journ\u00e9e, il est pr\u00e9vu l\u2019inauguration du lyc\u00e9e Public Amadou Toumani Tour\u00e9 de Mopti, en pr\u00e9sence du repr\u00e9sentant de Mme Tour\u00e9 Lobbo Traor\u00e9, en la personne de Mangal Traor\u00e9, ancien secr\u00e9taire particulier du pr\u00e9sident ATT. Mais d\u00e9j\u00e0, ces deux activit\u00e9s ont \u00e9t\u00e9 pr\u00e9c\u00e9d\u00e9es, avant-hier mercredi 8 novembre \u00e0 10 h, par une c\u00e9r\u00e9monie de remise de dons \u00e0 la Fondation Amadou Toumani Tour\u00e9 pour l\u2019Enfance (lire notre article).<\/p>\n\n\n\n<p><strong>Les traits d\u2019un homme d\u2019Etat&nbsp;&nbsp;<\/strong><strong>qui a marqu\u00e9 son temps<\/strong><\/p>\n\n\n\n<p>Apr\u00e8s avoir pass\u00e9 11 ans \u00e0 la t\u00eate du Mali, soit 132 mois ou encore 528 semaines, en qualit\u00e9 de&nbsp; chef d\u2019Etat (26 mars 1991-8 juin 1992), puis de pr\u00e9sident de la R\u00e9publique du Mali (8 juin 2002-8 avril 2012), Amadou Toumani Tour\u00e9 fut ce grand homme d\u2019Etat inoubliable et qui restera \u00e0 jamais grav\u00e9 dans la m\u00e9moire et le c\u0153ur de ses compatriotes. Les raisons ? La gestion imprim\u00e9e au pouvoir, le mod\u00e8le de gestion politique con\u00e7u et impos\u00e9, les actes pos\u00e9s qui ont impact\u00e9 la vie des populations, les acquis de tous genres l\u00e9gu\u00e9s \u00e0 la post\u00e9rit\u00e9. Autres atouts favorables : son sens du patriotisme, sa gestion concert\u00e9e du pouvoir et sa gestion pacifique des conflits, mais aussi et surtout, la recherche perp\u00e9tuelle de la paix par le dialogue, le compromis, les concessions et tous moyens pacifiques.<\/p>\n\n\n\n<p>La transition d\u00e9mocratique malienne est indissociable de la vie d\u2019ATT, mais l\u2019enfant de Mopti fut aussi un vaillant soldat, un humaniste, un m\u00e9diateur et un politique qui a fait ses preuves dans la gestion des affaires de l\u2019Etat. Son premier contact avec le pouvoir supr\u00eame date du 26 mars 1991 avec la d\u00e9position du g\u00e9n\u00e9ral Moussa Traor\u00e9, acte qui parachevait une r\u00e9volution d\u00e9clench\u00e9e par les associations du Mouvement d\u00e9mocratique. D\u00e9sign\u00e9 pr\u00e9sident du Comit\u00e9 de r\u00e9conciliation nationale (CRN, 26 mars) et du Comit\u00e9 de transition pour le salut du peuple (CTSP, 29 mars), Amadou Toumani Tour\u00e9 conduit la Transition malienne jusqu\u2019au 8 juin 1992.<\/p>\n\n\n\n<p>Cette p\u00e9riode a \u00e9t\u00e9 d\u2019abord marqu\u00e9e par la tenue, du 29 juillet au 12 ao\u00fbt 1991, de la Conf\u00e9rence nationale qui produira la Constitution du 25 f\u00e9vrier 1992, le code \u00e9lectoral, la charte des partis, l\u2019Etat de la nation.<\/p>\n\n\n\n<p>Ensuite, le calendrier des \u00e9ch\u00e9ances \u00e9lectorales pour la mise en place des institutions de la IIIe R\u00e9publique a \u00e9t\u00e9 respect\u00e9 comme arr\u00eat\u00e9 : le 12 janvier 1992, r\u00e9f\u00e9rendum constitutionnel ; le 19 janvier 1992, \u00e9lections municipales ; le 23 f\u00e9vrier 1992 et le 8 mars 1992, 1er et 2\u00e8 tours des \u00e9lections l\u00e9gislatives, et les 12 et 26 avril 1992, 1er et 2e tours de l\u2019\u00e9lection pr\u00e9sidentielle.<\/p>\n\n\n\n<p>Enfin, la signature, le 11 avril 1992 \u00e0 Bamako, du Pacte national, consacrant le r\u00e8glement du conflit du Nord du Mali (d\u00e9clench\u00e9 en juin 1990), occupe une place de choix parmi les acquis de la Transition de 1991, au terme de laquelle le chef de l\u2019Etat, Amadou Toumani Tour\u00e9, remet le pouvoir aux civils, plus pr\u00e9cis\u00e9ment \u00e0 Alpha Oumar Konar\u00e9, conform\u00e9ment \u00e0 ses engagements pris le 26 mars 1991.<\/p>\n\n\n\n<p><strong>Retour aux affaires\u2026par les urnes<\/strong><\/p>\n\n\n\n<p>Apr\u00e8s une dizaine d\u2019ann\u00e9es (1992-2001) pass\u00e9es \u00e0 lutter contre la dracunculose (ver de Guin\u00e9e) au Mali et \u00e0 sillonner l\u2019Afrique \u00e0 la recherche de la paix, Amadou Toumani Tour\u00e9 se lance dans la politique pour briguer la magistrature supr\u00eame.<\/p>\n\n\n\n<p>Le 1er septembre 2001, il demande et obtient sa mise \u00e0 la retraite anticip\u00e9e de l\u2019Arm\u00e9e pour se lancer dans la politique. Candidat ind\u00e9pendant, il d\u00e9clare sa candidature le 10 mars 2002 \u00e0 Sikasso et est \u00e9lu pr\u00e9sident de la R\u00e9publique le 24 mai 2002, avec 64,35 % des voix au second tour, pour un premier mandat de cinq ans. Il est investi le 8 juin. Et r\u00e9\u00e9lu d\u00e8s le premier tour le 29 avril 2007 avec 71,20 %.<\/p>\n\n\n\n<p>C\u2019est dans sa vie d\u2019homme politique que le pr\u00e9sident Amadou Toumani Tour\u00e9 a le plus \u00e9tonn\u00e9, avec ses id\u00e9es, ses concepts, ses m\u00e9thodes et, bien s\u00fbr, ses r\u00e9alisations.<\/p>\n\n\n\n<p>Enum\u00e9rer les initiatives et r\u00e9alisations du pr\u00e9sident Tour\u00e9 rel\u00e8ve de la gageure, mais durant ses mandats, le quatri\u00e8me pr\u00e9sident du Mali a pos\u00e9 des actes forts dont certains m\u00e9ritent une attention de nos fid\u00e8les lecteurs.<\/p>\n\n\n\n<p>Le consensus politique, la consolidation de la d\u00e9mocratie avec l\u2019engagement des r\u00e9formes institutionnelles, le respect des libert\u00e9s individuelles, la gestion pacifique de la crise du Nord, etc. sont autant d\u2019actes politiques qui ont \u00e9t\u00e9 extr\u00eamement d\u00e9terminants dans la vie de la nation, la paix et la qui\u00e9tude sociales au Mali.<\/p>\n\n\n\n<p>Le plus grand acquis des mandats du pr\u00e9sident de la R\u00e9publique Amadou Toumani Tour\u00e9, c\u2019est, sans doute, sa m\u00e9thode atypique de gestion politique du pouvoir ; une m\u00e9thode qui a permis au peuple malien de retrouver son unit\u00e9 et sa coh\u00e9sion interne indispensables pour pouvoir faire face aux d\u00e9fis du d\u00e9veloppement.<\/p>\n\n\n\n<p>Arriv\u00e9 au pouvoir en 2002 sous aucune couverture de parti, Amadou Toumani Tour\u00e9 a \u00e9t\u00e9 d\u2019embl\u00e9e inspir\u00e9 de&nbsp;<strong>\u201cpartager le pouvoir\u201d<\/strong>&nbsp;dans un cadre de gestion concert\u00e9e et consensuelle, c\u2019est-\u00e0-dire impliquer toutes les sensibilit\u00e9s aux affaires. Son slogan de campagne de 2002 :&nbsp;<strong>\u201cRetrouvons ce qui nous unit\u201d&nbsp;<\/strong>a profond\u00e9ment touch\u00e9 le peuple malien, qui l\u2019a \u00e9lu sur la base de ce message. Une fois \u00e9lu, le pr\u00e9sident de la R\u00e9publique a mis en pratique cette vision qui lui a permis de r\u00e9unir, autour de sa personne et de son projet, toutes les composantes et forces politiques et sociales que compte le Mali.<\/p>\n\n\n\n<p>Il a fait en sorte que chaque Malien se sente citoyen \u00e0 part enti\u00e8re, avec les m\u00eames droits et obligations. Il a mis autour d\u2019une m\u00eame table, autour de sa personne, des hommes et des formations politiques qui, quelques mois seulement avant son \u00e9lection, ne parlaient pas le m\u00eame langage, ni ne regardaient dans la m\u00eame direction.<\/p>\n\n\n\n<p>Par rapport \u00e0 la crise du Nord, le pr\u00e9sident ATT a toujours mis en avant le dialogue, parce qu\u2019\u00e9tant un g\u00e9n\u00e9ral d\u2019arm\u00e9e, rompu au m\u00e9tier de la guerre, il connaissait plus que quiconque les cons\u00e9quences (sociales, militaires, \u00e9conomiques\u2026) de la gestion d\u2019un conflit d\u00e9j\u00e0 enclench\u00e9. Il fallait donc, co\u00fbte que co\u00fbte, \u00e9viter d\u2019entra\u00eener le Mali dans un engrenage.<\/p>\n\n\n\n<p><strong>Kyrielle d\u2019acquis solides<\/strong><\/p>\n\n\n\n<p>Durant ses dix ans de r\u00e8gne d\u00e9mocratique, ATT a pos\u00e9 d\u2019autres actes et actions qui marquent encore la vie nationale. La cr\u00e9ation, le 25 ao\u00fbt 2003, du Bureau du V\u00e9rificateur g\u00e9n\u00e9ral, mod\u00e8le canadien, est l\u2019un de ceux-ci. Aussit\u00f4t intronis\u00e9, ATT a initi\u00e9 le Programme des logements sociaux afin de permettre aux Maliens aux revenus faibles d\u2019avoir leur propre toit.<\/p>\n\n\n\n<p>Le 4 d\u00e9cembre 2005, la Loi d\u2019orientation agricole (Loa) est lanc\u00e9e par ATT. Le 6 f\u00e9vrier 2010, Amadou Toumani Tour\u00e9 proc\u00e8de au lancement des travaux du barrage de Taoussa d\u2019un co\u00fbt global de 130 milliards de F CFA. 139 000 hectares de p\u00e9rim\u00e8tres agricoles devaient \u00eatre am\u00e9nag\u00e9s en vue d\u2019augmenter les revenus des populations, et d\u2019assurer l\u2019autosuffisance et la s\u00e9curit\u00e9 alimentaires.<\/p>\n\n\n\n<p>Le 25 octobre 2010, ATT lance les travaux de construction de l\u2019autoroute Bamako-S\u00e9gou d\u2019un co\u00fbt global de 182 milliards de F CFA. Ces deux projets constituent les plus importants jamais r\u00e9alis\u00e9s dans les secteurs agricole et routier au Mali.<\/p>\n\n\n\n<p>Citons \u00e9galement l\u2019Echangeur multiple de Bamako, le Pont de l\u2019Amiti\u00e9 Mali-Chine ou 3e pont de Bamako et la r\u00e9alisation de plusieurs routes, ponts et chauss\u00e9es \u00e0 l\u2019int\u00e9rieur du pays.<\/p>\n\n\n\n<p>Aussi, nous retenons d\u2019Amadou Toumani Tour\u00e9 qu\u2019il est le p\u00e8re de l\u2019Assurance maladie obligatoire (Amo), r\u00e9gime dont lui-m\u00eame confiait \u00e0 qui veut l\u2019entendre qu\u2019il est sa plus grande satisfaction.<\/p>\n\n\n\n<p>Enfin, au lendemain du coup d\u2019Etat de mars 2012, sa d\u00e9mission de ses fonctions de pr\u00e9sident de la R\u00e9publique pour permettre le retour \u00e0 l\u2019ordre constitutionnel exig\u00e9 par la C\u00e9d\u00e9ao. Un acte fort !<\/p>\n\n\n\n<p><strong><em>\u201cMon devoir, comme je l\u2019ai dit lorsque je m\u2019impliquais il y a vingt-deux ans, jeune officier, c\u2019est le Mali que je voulais aider. En me pr\u00e9sentant en 2002, comme candidat \u00e0 l\u2019\u00e9lection pr\u00e9sidentielle, c\u2019est encore le Mali qui a inspir\u00e9 ma d\u00e9cision. Je pensais que la petite exp\u00e9rience que j\u2019ai v\u00e9cue pouvait aider \u00e0 soutenir ce pays.<\/em><\/strong><\/p>\n\n\n\n<p><strong><em>Dans le cadre de la recherche de solution, je pense que la d\u00e9cision prise par la C\u00e9d\u00e9ao et la communaut\u00e9 internationale est la meilleure. J\u2019ai d\u00e9cid\u00e9 de vous remettre ma lettre de d\u00e9mission, que vous allez remettre aux autorit\u00e9s comp\u00e9tentes pour permettre l\u2019exercice plein et entier des dispositions de notre article 36. Il faut que le Mali reste dans les dispositions de sa Constitution de f\u00e9vrier 1992. Je pense que c\u2019est tout \u00e0 fait normal, je le fais sans pression, (\u2026) de bonne foi (\u2026), surtout pour l\u2019amour que j\u2019ai pour ce pays\u201d,<\/em><\/strong>&nbsp;avait \u00e9crit ATT, le d\u00e9mocrate, pour marquer la fin de son \u00e8re et faire ses adieux aux Maliens.<\/p>\n\n\n\n<p><strong>De Mopti \u00e0 l\u2019EN Sec, de l\u2019Emia \u00e0 Riazan, de Paris \u00e0 Koulouba<\/strong><\/p>\n\n\n\n<p>Amadou Toumani Tour\u00e9 est n\u00e9 le 4 novembre 1948 \u00e0 Mopti o\u00f9 il grandit dans le quartier Wayinkor\u00e9. Il confie aux biographes qu\u2019il garde de la Venise malienne le souvenir de tous ces petits m\u00e9tiers auxquels il s\u2019adonnait : couture, \u00e9levage, p\u00eache (au filet et \u00e0 la ligne), labour, n\u00e9goce. Et football. Il fit son cycle fondamental \u00e0 Mopti, Tombouctou, Bandiagara ; avant de poursuivre ses \u00e9tudes \u00e0 l\u2019Ecole normale secondaire de Badalabougou (EN Sec), \u00e0 Bamako, d\u2019o\u00f9 il d\u00e9croche, en 1969, son dipl\u00f4me en lettres histoire-g\u00e9ographie qui le destine tout droit \u00e0 la profession d\u2019enseignant \u00e0 l\u2019instar de beaucoup de ses camarades de promotion qui sont aujourd\u2019hui des professeurs d\u2019enseignement sup\u00e9rieur. Mais, la m\u00eame ann\u00e9e, sa carri\u00e8re professionnelle va conna\u00eetre un virage \u00e0 90\u00b0 vers le m\u00e9tier des armes. En effet, quand un jour, il apprend qu\u2019on recrute pour l\u2019Ecole militaire interarmes (Emia) de Kati, il se pr\u00e9sente et fut admis.<\/p>\n\n\n\n<p>Le nouvel \u00e9l\u00e8ve officier de l\u2019Emia de Kati commence sa formation en 1969. Il sort en 1972 avec le grade de sous-lieutenant. Avide de connaissances, il suivra toute une s\u00e9rie d\u2019\u00e9tudes et de formations durant sa carri\u00e8re. Notamment \u00e0 l\u2019Ecole sup\u00e9rieure des troupes a\u00e9roport\u00e9es \u00e0 Riazan en URSS (1974-1975), au Centre national d\u2019entra\u00eenement commando (CNEC) \u00e0 Mont Louis en France (1978), \u00e0 l\u2019Ecole sup\u00e9rieure de guerre interarmes (17e promotion) \u00e0 Paris en France (1989-1990) et au Cours sup\u00e9rieur interarmes (42e promotion) \u00e0 Paris en France (1990).<\/p>\n\n\n\n<p>De toutes ces \u00e9tapes, Amadou Toumani Tour\u00e9 aimait laisser entendre qu\u2019il garde des souvenirs m\u00e9morables de son s\u00e9jour \u00e0 Riazan qui fut une \u00e9tape importante dans sa formation militaire. Car, c\u2019est une des plus grandes \u00e9coles de parachutisme au monde, d\u2019o\u00f9 sont sortis le g\u00e9n\u00e9ral Lebed et la plupart des g\u00e9n\u00e9raux sovi\u00e9tiques sont des produits de Riazan. ATT y a fait un cours sup\u00e9rieur de commandant de compagnie, de chef de bataillon et de saut en parachute.<\/p>\n\n\n\n<p>Au titre des promotions en grades, apr\u00e8s celui de sous-lieutenant, Amadou Toumani Tour\u00e9 est successivement promu lieutenant le 1er octobre 1974, capitaine le 1er octobre 1978, chef de bataillon le 1er janvier 1984, lieutenant-colonel le 1er octobre 1988, g\u00e9n\u00e9ral de brigade le 8 juin 1992, et g\u00e9n\u00e9ral d\u2019arm\u00e9e le 1er octobre 1996.<\/p>\n\n\n\n<p>Il est nomm\u00e9 commandant de la garde pr\u00e9sidentielle, du 28 avril 1981 au 30 mars 1984. Le commandement du bataillon des paras commandos lui est confi\u00e9 par deux fois, en janvier 1984, puis le 14 mars 1991. Le 26 mars 1991\u2026, vous connaissez la suite !<\/p>\n\n\n\n<p><strong>&nbsp;&nbsp;&nbsp;&nbsp;&nbsp;&nbsp;&nbsp;&nbsp;&nbsp;&nbsp;&nbsp;&nbsp;&nbsp;&nbsp;&nbsp;&nbsp;&nbsp;&nbsp;&nbsp;&nbsp; El Hadj A.B. HAIDARA<\/strong><\/p>\n","protected":false},"excerpt":{"rendered":"<p>Si la date du 19 novembre est marqu\u00e9e d\u2019une pierre noire dans l\u2019histoire politique du Mali avec le premier coup d\u2019Etat qui a renvers\u00e9 le p\u00e8re de la Nation et&hellip;<\/p>\n","protected":false},"author":1,"featured_media":15612,"comment_status":"open","ping_status":"open","sticky":false,"template":"","format":"standard","meta":{"content-type":"","_lmt_disableupdate":"","_lmt_disable":"","_jetpack_memberships_contains_paid_content":false,"footnotes":"","jetpack_publicize_message":"","jetpack_publicize_feature_enabled":true,"jetpack_social_post_already_shared":false,"jetpack_social_options":{"image_generator_settings":{"template":"highway","default_image_id":0,"font":"","enabled":false},"version":2}},"categories":[19,117,23],"tags":[],"class_list":["post-15611","post","type-post","status-publish","format-standard","has-post-thumbnail","hentry","category-aujourdhui-mali","category-histoire","category-politique"],"jetpack_publicize_connections":[],"featured_image_urls":{"full":["https:\/\/nandi.info\/wp-content\/uploads\/2023\/11\/ATT-26-mars.jpg",650,892,false],"thumbnail":["https:\/\/nandi.info\/wp-content\/uploads\/2023\/11\/ATT-26-mars-150x150.jpg",150,150,true],"medium":["https:\/\/nandi.info\/wp-content\/uploads\/2023\/11\/ATT-26-mars-219x300.jpg",219,300,true],"medium_large":["https:\/\/nandi.info\/wp-content\/uploads\/2023\/11\/ATT-26-mars.jpg",650,892,false],"large":["https:\/\/nandi.info\/wp-content\/uploads\/2023\/11\/ATT-26-mars.jpg",650,892,false],"1536x1536":["https:\/\/nandi.info\/wp-content\/uploads\/2023\/11\/ATT-26-mars.jpg",650,892,false],"2048x2048":["https:\/\/nandi.info\/wp-content\/uploads\/2023\/11\/ATT-26-mars.jpg",650,892,false],"penci-recipe-1200x1200":["https:\/\/nandi.info\/wp-content\/uploads\/2023\/11\/ATT-26-mars.jpg",650,892,false],"penci-recipe-1200x900":["https:\/\/nandi.info\/wp-content\/uploads\/2023\/11\/ATT-26-mars.jpg",650,892,false],"penci-recipe-1200x675":["https:\/\/nandi.info\/wp-content\/uploads\/2023\/11\/ATT-26-mars.jpg",492,675,false],"penci-single-full":["https:\/\/nandi.info\/wp-content\/uploads\/2023\/11\/ATT-26-mars.jpg",650,892,false],"penci-slider-full-thumb":["https:\/\/nandi.info\/wp-content\/uploads\/2023\/11\/ATT-26-mars.jpg",583,800,false],"penci-full-thumb":["https:\/\/nandi.info\/wp-content\/uploads\/2023\/11\/ATT-26-mars.jpg",650,892,false],"penci-slider-thumb":["https:\/\/nandi.info\/wp-content\/uploads\/2023\/11\/ATT-26-mars.jpg",483,663,false],"penci-magazine-slider":["https:\/\/nandi.info\/wp-content\/uploads\/2023\/11\/ATT-26-mars.jpg",376,516,false],"penci-thumb":["https:\/\/nandi.info\/wp-content\/uploads\/2023\/11\/ATT-26-mars.jpg",284,390,false],"penci-masonry-thumb":["https:\/\/nandi.info\/wp-content\/uploads\/2023\/11\/ATT-26-mars.jpg",585,803,false],"penci-thumb-square":["https:\/\/nandi.info\/wp-content\/uploads\/2023\/11\/ATT-26-mars.jpg",426,585,false],"penci-thumb-vertical":["https:\/\/nandi.info\/wp-content\/uploads\/2023\/11\/ATT-26-mars.jpg",474,650,false],"penci-thumb-small":["https:\/\/nandi.info\/wp-content\/uploads\/2023\/11\/ATT-26-mars.jpg",128,175,false]},"author_info":{"display_name":"Nandi","author_link":"https:\/\/nandi.info\/?author=1"},"category_info":"<a href=\"https:\/\/nandi.info\/?cat=19\" rel=\"category\">Aujourd\u2019hui Mali<\/a> <a href=\"https:\/\/nandi.info\/?cat=117\" rel=\"category\">Histoire<\/a> <a href=\"https:\/\/nandi.info\/?cat=23\" rel=\"category\">Politique<\/a>","tag_info":"Politique","comment_count":"0","jetpack_featured_media_url":"https:\/\/nandi.info\/wp-content\/uploads\/2023\/11\/ATT-26-mars.jpg","jetpack_sharing_enabled":true,"_links":{"self":[{"href":"https:\/\/nandi.info\/index.php?rest_route=\/wp\/v2\/posts\/15611","targetHints":{"allow":["GET"]}}],"collection":[{"href":"https:\/\/nandi.info\/index.php?rest_route=\/wp\/v2\/posts"}],"about":[{"href":"https:\/\/nandi.info\/index.php?rest_route=\/wp\/v2\/types\/post"}],"author":[{"embeddable":true,"href":"https:\/\/nandi.info\/index.php?rest_route=\/wp\/v2\/users\/1"}],"replies":[{"embeddable":true,"href":"https:\/\/nandi.info\/index.php?rest_route=%2Fwp%2Fv2%2Fcomments&post=15611"}],"version-history":[{"count":1,"href":"https:\/\/nandi.info\/index.php?rest_route=\/wp\/v2\/posts\/15611\/revisions"}],"predecessor-version":[{"id":15613,"href":"https:\/\/nandi.info\/index.php?rest_route=\/wp\/v2\/posts\/15611\/revisions\/15613"}],"wp:featuredmedia":[{"embeddable":true,"href":"https:\/\/nandi.info\/index.php?rest_route=\/wp\/v2\/media\/15612"}],"wp:attachment":[{"href":"https:\/\/nandi.info\/index.php?rest_route=%2Fwp%2Fv2%2Fmedia&parent=15611"}],"wp:term":[{"taxonomy":"category","embeddable":true,"href":"https:\/\/nandi.info\/index.php?rest_route=%2Fwp%2Fv2%2Fcategories&post=15611"},{"taxonomy":"post_tag","embeddable":true,"href":"https:\/\/nandi.info\/index.php?rest_route=%2Fwp%2Fv2%2Ftags&post=15611"}],"curies":[{"name":"wp","href":"https:\/\/api.w.org\/{rel}","templated":true}]}}