{"id":15606,"date":"2023-11-11T23:56:16","date_gmt":"2023-11-11T22:56:16","guid":{"rendered":"https:\/\/nandi.info\/?p=15606"},"modified":"2023-11-11T23:56:17","modified_gmt":"2023-11-11T22:56:17","slug":"andogoly-guindo-lors-de-lhommage-aux-acteurs-des-secteurs-de-la-culture-cette-initiative-vise-a-mettre-a-lhonneur-les-fils-les-plus-meritants-de-la-republique","status":"publish","type":"post","link":"https:\/\/nandi.info\/?p=15606","title":{"rendered":"Andogoly Guindo lors de l\u2019hommage aux acteurs des secteurs de la culture : \u201cCette initiative vise \u00e0 mettre \u00e0 l\u2019honneur les fils les plus m\u00e9ritants de la R\u00e9publique\u201d"},"content":{"rendered":"\n<p>Le ministre de l\u2019Artisanat, de la Culture, de l\u2019Industrie h\u00f4teli\u00e8re et du Tourisme, Andogoly Guindo, a pr\u00e9sid\u00e9 le vendredi 3 novembre dernier, au M\u00e9morial Modibo K\u00e9ita, la c\u00e9r\u00e9monie d\u2019hommage aux acteurs des secteurs de la culture, de l\u2019artisanat et du tourisme ayant obtenu des troph\u00e9es et des distinctions \u00e0 l\u2019international pour leurs \u0153uvres. Au cours de la c\u00e9r\u00e9monie, le ministre Guindo a pr\u00e9cis\u00e9 que cette initiative vise \u00e0 mettre \u00e0 l\u2019honneur les fils les plus m\u00e9ritants de la R\u00e9publique ayant rehauss\u00e9 le drapeau du Mali \u00e0 l\u2019international.<\/p>\n\n\n\n<p class=\"has-drop-cap\">La c\u00e9r\u00e9monie s\u2019est d\u00e9roul\u00e9e en pr\u00e9sence de Mamadou Minkoro Traor\u00e9, pr\u00e9sident de l\u2019Assembl\u00e9e permanente des chambres de m\u00e9tiers du Mali (Apcam), du cin\u00e9aste Souleymane Ciss\u00e9, Mme Traor\u00e9 Oumou Traor\u00e9, pr\u00e9sidente de l\u2019Afpromer, ainsi que plusieurs acteurs de la culture.<\/p>\n\n\n\n<p>Au total, ils \u00e9taient plus d\u2019une trentaine d\u2019artistes \u00e0 \u00eatre c\u00e9l\u00e9br\u00e9s par le ministre de l\u2019Artisanat, de la Culture, de l\u2019Industrie h\u00f4teli\u00e8re et du Tourisme pour avoir honor\u00e9 le pays lors des diff\u00e9rentes comp\u00e9titions internationales.<\/p>\n\n\n\n<p>Ces acteurs (hommes et femmes) ont remport\u00e9 entre l\u2019ann\u00e9e 2022-2023 des troph\u00e9es, des prix et des distinctions \u00e0 l\u2019\u00e9chelle nationale, sous-r\u00e9gionale et internationale. Il s\u2019agit des artistes musiciens, \u00e9crivains, restauratrices, artisans et des tr\u00e9sors humains vivants qui ont port\u00e9 haut les couleurs nationales.<\/p>\n\n\n\n<p>Selon le ministre Andogoly Guindo, cette initiative, deuxi\u00e8me du genre apr\u00e8s celle de 2021, vise \u00e0 mettre \u00e0 l\u2019honneur les fils et les filles les plus m\u00e9ritants de la R\u00e9publique ayant reh<em>auss\u00e9 le drapeau du Mali \u00e0 l\u2019international en engrangeant des prix et autres distinctions.<\/em><\/p>\n\n\n\n<p><em>\u201cDans les jours \u00e0 venir, nous comptons institutionnaliser cet \u00e9v\u00e9nement parce qu\u2019\u00e0 travers cette c\u00e9r\u00e9monie nous c\u00e9l\u00e9brons le patrimoine culturel, le g\u00e9nie et l\u2019excellence au Mali. C\u2019est pour vous dire que personne ne sera oubli\u00e9e, car les autorit\u00e9s de la Transition ont constamment \u00e0 l\u2019esprit la conservation et la promotion de notre patrimoine \u00e0 travers l\u2019extraordinaire travail des artistes, des artisans et de tous ceux qui portent haut le flambeau de notre pays\u201d<\/em>, a-t-il expliqu\u00e9.<\/p>\n\n\n\n<p>Il a profit\u00e9 de l\u2019occasion pour rendre un hommage particulier au grand cin\u00e9aste Souleymane Ciss\u00e9 qui a remport\u00e9 il y a quelques mois la Carrosserie d\u2019Or\u00e9e lors du Festival de Cannes en France. \u201cUne r\u00e9compense pour sa prodigieuse carri\u00e8re cin\u00e9matographique. Malgr\u00e9 son \u00e2ge, le cin\u00e9aste a tenu \u00e0 honorer cette c\u00e9r\u00e9monie d\u2019hommage aux m\u00e9ritants, ce qui constitue le gage de son engagement pour la culture malienne\u201d, a-t-il laiss\u00e9 entendre, avant d\u2019annoncer que le gouvernement demeure engag\u00e9 \u00e0 soutenir la cr\u00e9ation et la cr\u00e9ativit\u00e9 qui enrichit notre patrimoine culturel.<\/p>\n\n\n\n<p>Les repr\u00e9sentants des diff\u00e9rentes associations faiti\u00e8res ont remerci\u00e9 le ministre de l\u2019Artisanat, de la Culture, de l\u2019Industrie h\u00f4teli\u00e8re et du Tourisme pour cette belle initiative qui honore les acteurs de la culture, de l\u2019artisanat et du tourisme.<\/p>\n\n\n\n<p><strong>Mahamadou Traor\u00e9<\/strong><\/p>\n","protected":false},"excerpt":{"rendered":"<p>Le ministre de l\u2019Artisanat, de la Culture, de l\u2019Industrie h\u00f4teli\u00e8re et du Tourisme, Andogoly Guindo, a pr\u00e9sid\u00e9 le vendredi 3 novembre dernier, au M\u00e9morial Modibo K\u00e9ita, la c\u00e9r\u00e9monie d\u2019hommage aux&hellip;<\/p>\n","protected":false},"author":1,"featured_media":15609,"comment_status":"open","ping_status":"open","sticky":false,"template":"","format":"standard","meta":{"content-type":"","_lmt_disableupdate":"","_lmt_disable":"","_jetpack_memberships_contains_paid_content":false,"footnotes":"","jetpack_publicize_message":"","jetpack_publicize_feature_enabled":true,"jetpack_social_post_already_shared":false,"jetpack_social_options":{"image_generator_settings":{"template":"highway","default_image_id":0,"font":"","enabled":false},"version":2}},"categories":[19,32],"tags":[],"class_list":["post-15606","post","type-post","status-publish","format-standard","has-post-thumbnail","hentry","category-aujourdhui-mali","category-musique-art-et-culture"],"jetpack_publicize_connections":[],"featured_image_urls":{"full":["https:\/\/nandi.info\/wp-content\/uploads\/2023\/11\/ministre-de-la-Culture-Andogoly-Guindo.jpg",680,453,false],"thumbnail":["https:\/\/nandi.info\/wp-content\/uploads\/2023\/11\/ministre-de-la-Culture-Andogoly-Guindo-150x150.jpg",150,150,true],"medium":["https:\/\/nandi.info\/wp-content\/uploads\/2023\/11\/ministre-de-la-Culture-Andogoly-Guindo-300x200.jpg",300,200,true],"medium_large":["https:\/\/nandi.info\/wp-content\/uploads\/2023\/11\/ministre-de-la-Culture-Andogoly-Guindo.jpg",680,453,false],"large":["https:\/\/nandi.info\/wp-content\/uploads\/2023\/11\/ministre-de-la-Culture-Andogoly-Guindo.jpg",680,453,false],"1536x1536":["https:\/\/nandi.info\/wp-content\/uploads\/2023\/11\/ministre-de-la-Culture-Andogoly-Guindo.jpg",680,453,false],"2048x2048":["https:\/\/nandi.info\/wp-content\/uploads\/2023\/11\/ministre-de-la-Culture-Andogoly-Guindo.jpg",680,453,false],"penci-recipe-1200x1200":["https:\/\/nandi.info\/wp-content\/uploads\/2023\/11\/ministre-de-la-Culture-Andogoly-Guindo.jpg",680,453,false],"penci-recipe-1200x900":["https:\/\/nandi.info\/wp-content\/uploads\/2023\/11\/ministre-de-la-Culture-Andogoly-Guindo.jpg",680,453,false],"penci-recipe-1200x675":["https:\/\/nandi.info\/wp-content\/uploads\/2023\/11\/ministre-de-la-Culture-Andogoly-Guindo.jpg",680,453,false],"penci-single-full":["https:\/\/nandi.info\/wp-content\/uploads\/2023\/11\/ministre-de-la-Culture-Andogoly-Guindo.jpg",680,453,false],"penci-slider-full-thumb":["https:\/\/nandi.info\/wp-content\/uploads\/2023\/11\/ministre-de-la-Culture-Andogoly-Guindo.jpg",680,453,false],"penci-full-thumb":["https:\/\/nandi.info\/wp-content\/uploads\/2023\/11\/ministre-de-la-Culture-Andogoly-Guindo.jpg",680,453,false],"penci-slider-thumb":["https:\/\/nandi.info\/wp-content\/uploads\/2023\/11\/ministre-de-la-Culture-Andogoly-Guindo.jpg",680,453,false],"penci-magazine-slider":["https:\/\/nandi.info\/wp-content\/uploads\/2023\/11\/ministre-de-la-Culture-Andogoly-Guindo.jpg",680,453,false],"penci-thumb":["https:\/\/nandi.info\/wp-content\/uploads\/2023\/11\/ministre-de-la-Culture-Andogoly-Guindo.jpg",585,390,false],"penci-masonry-thumb":["https:\/\/nandi.info\/wp-content\/uploads\/2023\/11\/ministre-de-la-Culture-Andogoly-Guindo.jpg",585,390,false],"penci-thumb-square":["https:\/\/nandi.info\/wp-content\/uploads\/2023\/11\/ministre-de-la-Culture-Andogoly-Guindo.jpg",585,390,false],"penci-thumb-vertical":["https:\/\/nandi.info\/wp-content\/uploads\/2023\/11\/ministre-de-la-Culture-Andogoly-Guindo.jpg",480,320,false],"penci-thumb-small":["https:\/\/nandi.info\/wp-content\/uploads\/2023\/11\/ministre-de-la-Culture-Andogoly-Guindo.jpg",263,175,false]},"author_info":{"display_name":"Nandi","author_link":"https:\/\/nandi.info\/?author=1"},"category_info":"<a href=\"https:\/\/nandi.info\/?cat=19\" rel=\"category\">Aujourd\u2019hui Mali<\/a> <a href=\"https:\/\/nandi.info\/?cat=32\" rel=\"category\">Musique Art et Culture<\/a>","tag_info":"Musique Art et Culture","comment_count":"0","jetpack_featured_media_url":"https:\/\/nandi.info\/wp-content\/uploads\/2023\/11\/ministre-de-la-Culture-Andogoly-Guindo.jpg","jetpack_sharing_enabled":true,"_links":{"self":[{"href":"https:\/\/nandi.info\/index.php?rest_route=\/wp\/v2\/posts\/15606","targetHints":{"allow":["GET"]}}],"collection":[{"href":"https:\/\/nandi.info\/index.php?rest_route=\/wp\/v2\/posts"}],"about":[{"href":"https:\/\/nandi.info\/index.php?rest_route=\/wp\/v2\/types\/post"}],"author":[{"embeddable":true,"href":"https:\/\/nandi.info\/index.php?rest_route=\/wp\/v2\/users\/1"}],"replies":[{"embeddable":true,"href":"https:\/\/nandi.info\/index.php?rest_route=%2Fwp%2Fv2%2Fcomments&post=15606"}],"version-history":[{"count":1,"href":"https:\/\/nandi.info\/index.php?rest_route=\/wp\/v2\/posts\/15606\/revisions"}],"predecessor-version":[{"id":15610,"href":"https:\/\/nandi.info\/index.php?rest_route=\/wp\/v2\/posts\/15606\/revisions\/15610"}],"wp:featuredmedia":[{"embeddable":true,"href":"https:\/\/nandi.info\/index.php?rest_route=\/wp\/v2\/media\/15609"}],"wp:attachment":[{"href":"https:\/\/nandi.info\/index.php?rest_route=%2Fwp%2Fv2%2Fmedia&parent=15606"}],"wp:term":[{"taxonomy":"category","embeddable":true,"href":"https:\/\/nandi.info\/index.php?rest_route=%2Fwp%2Fv2%2Fcategories&post=15606"},{"taxonomy":"post_tag","embeddable":true,"href":"https:\/\/nandi.info\/index.php?rest_route=%2Fwp%2Fv2%2Ftags&post=15606"}],"curies":[{"name":"wp","href":"https:\/\/api.w.org\/{rel}","templated":true}]}}