{"id":15605,"date":"2023-11-11T23:53:48","date_gmt":"2023-11-11T22:53:48","guid":{"rendered":"https:\/\/nandi.info\/?p=15605"},"modified":"2023-11-11T23:53:49","modified_gmt":"2023-11-11T22:53:49","slug":"mustapha-faouzi-president-de-la-fondation-amal-sa-majeste-le-roi-mohammed-vi-accorde-une-attention-particuliere-au-developpement-humain-en-afrique","status":"publish","type":"post","link":"https:\/\/nandi.info\/?p=15605","title":{"rendered":"Mustapha Faouzi, pr\u00e9sident de la fondation AMAL: \u00abSa Majest\u00e9 Le Roi Mohammed VI accorde une attention particuli\u00e8re au d\u00e9veloppement humain en Afrique\u00bb"},"content":{"rendered":"\n<h2 class=\"wp-block-heading has-text-align-center\" style=\"text-transform:lowercase\"><strong>\u201cLa coop\u00e9ration avec les autorit\u00e9s maliennes, sous le leadership du Colonel Assimi Go\u00efta, dans le domaine de la dialyse, s\u2019inscrit dans le cadre des relations solides liant le Maroc et le Mali\u201d<\/strong><\/h2>\n\n\n\n<p><strong><em>Certes, le pr\u00e9sident de la Transition a fait \u0153uvre utile en cr\u00e9ant des centres de dialyse pour insuffisants r\u00e9naux, mais leur fonctionnement sera en grande partie d\u00fb \u00e0 la coop\u00e9ration maroco-malienne \u00e0 travers la Fondation Amal. Pr\u00e9sent \u00e0 Bamako depuis quelques jours, Mustapha Faouzi, le pr\u00e9sident de ladite Fondation, a bien accept\u00e9 de nous entretenir sur le sujet, en mettant en lumi\u00e8re l\u2019int\u00e9r\u00eat de Sa Majest\u00e9 le Roi Mohammed VI pour les patients de la maladie r\u00e9nale au Maroc en Afrique au sud du Sahara. \u201cL\u2019appui du Roi est mat\u00e9riel, spirituel. Il a une approche tr\u00e8s familiale avec l\u2019Afrique. Le Roi Mohammed VI a cette vocation d\u2019aider nos fr\u00e8res africains. Et le Mali est un privil\u00e9gi\u00e9 dans ses actions humanitaires\u201d, dit-il. Interview.<\/em><\/strong><\/p>\n\n\n\n<p><strong>Aujourd\u2019hui-Mali :&nbsp;<em>Pr\u00e9sentez-vous \u00e0 nos lecteurs !<\/em><\/strong><\/p>\n\n\n\n<p>Mustapha Faouzi : Vous connaissez d\u00e9j\u00e0 mon nom, Mustapha Faouzi, Pr\u00e9sident de la Fondation Amal de dialyse et des \u0153uvres sociales, cr\u00e9\u00e9e en 2009 au Maroc. Cette Fondation a pour vocation d\u2019apporter de l\u2019aide aux personnes d\u00e9munies souffrant d\u2019insuffisance r\u00e9nale chronique et d\u2019accompagner les personnes \u00e2g\u00e9es n\u00e9cessiteuses.<\/p>\n\n\n\n<p>La fondation dispose d\u2019une trentaine de centres, r\u00e9partis au niveau des 12 r\u00e9gions du Maroc et certains sont en Afrique, notamment au Mali, au Gabon et en C\u00f4te d\u2019Ivoire.<\/p>\n\n\n\n<p>La coop\u00e9ration avec les autorit\u00e9s maliennes, sous le leadership de Son Excellence le Pr\u00e9sident de la Transition, Chef de l\u2019Etat, Colonel Assimi Go\u00efta, dans le domaine de la dialyse, s\u2019inscrit dans le cadre des relations solides liant le Maroc et le Mali et dans le sillage des actions humanitaires que m\u00e8ne le Royaume en Afrique, suivant la Vision \u00e9clair\u00e9e de Sa Majest\u00e9 Le Roi Mohammed VI. Les Maliens sont nos fr\u00e8res. Nous avons commenc\u00e9 cette initiative il y a plus de 8 ans avec feu Ibrahim Boubacar K\u00e9ita. Nous avons achemin\u00e9 plusieurs appareils vers S\u00e9gou, Point G.&nbsp; Nous avons form\u00e9 des \u00e9quipes m\u00e9dicales maliennes de 28 personnes, militaires et civiles.<\/p>\n\n\n\n<p>Nous avons concr\u00e9tis\u00e9, suite \u00e0 la d\u00e9cision de Son Excellence le Pr\u00e9sident de la Transition, Chef de l\u2019Etat, Colonel Assimi Go\u00efta, la construction de 3 centres en Commune IV, Commune V et au G\u00e9nie militaire. Un accompagnement tout au long des \u00e9tapes de mise en place de ces centres a \u00e9t\u00e9 assur\u00e9, avec la mobilisation d\u2019une \u00e9quipe de la fondation, hautement qualifi\u00e9e dans ce domaine, compos\u00e9e de techniciens et d\u2019infirmi\u00e8res. Inchallah, nous allons poursuivre les efforts d\u00e9ploy\u00e9s pour garantir un accompagnement continu, que ce soit sur le plan technique ou en mati\u00e8re de formation continue au profit de nos coll\u00e8gues maliens.<\/p>\n\n\n\n<p>Nous allons, par ailleurs, instaurer une entit\u00e9 charg\u00e9e de l\u00b4organisation de caravanes de sensibilisation au Mali pour que les gens soient vigilants vis-\u00e0-vis de cette maladie qui est tr\u00e8s co\u00fbteuse pour l\u2019Etat et les patients. Nous sommes heureux d\u2019\u00eatre parmi nos fr\u00e8res maliens.<\/p>\n\n\n\n<p><strong><em>Les techniciens et les infirmiers qui doivent accompagner les Maliens sont au nombre de combien et ils vont rester pour combien de temps ?<\/em><\/strong><\/p>\n\n\n\n<p>Les techniciens et infirmiers ont pass\u00e9 une dizaine de jours au Mali pour l\u2019installation des 3 centres. Ils sont revenus, par la suite, pour l\u2019accompagnement des malades avec trois infirmi\u00e8res marocaines. Ils sont ici au Mali \u00e0 la disposition du Minist\u00e8re de la Sant\u00e9 et du D\u00e9veloppement social pour accompagner et assurer la p\u00e9rennit\u00e9 des 3 centres. Ces techniciens et ces infirmiers vont rester pour la bonne marche des centres.<\/p>\n\n\n\n<p><strong><em>&nbsp;Au-del\u00e0 des centres de dialyse, envisagez-vous intervenir dans d\u2019autres domaines au Mali ?<\/em><\/strong><\/p>\n\n\n\n<p>Vous savez que la Fondation a pu faire 8 centres de dialyse au sein des prisons r\u00e9gionales du Maroc au profit des personnes incarc\u00e9r\u00e9es atteintes d\u2019insuffisance r\u00e9nale. Cela a donn\u00e9 un impact tr\u00e8s fort \u00e0 cette cat\u00e9gorie de la population et contribu\u00e9 \u00e0 pr\u00e9server leur dignit\u00e9. C\u2019est une initiative qui a \u00e9t\u00e9 parmi les premi\u00e8res dans le monde depuis 2011. Autre chose, nous avons aussi cr\u00e9\u00e9 une maison des personnes \u00e2g\u00e9es, en assurant la g\u00e9riatrie.<\/p>\n\n\n\n<p><strong><em>&nbsp;<\/em><\/strong><strong><em>Comment se passe votre collaboration&nbsp;<\/em><\/strong><strong><em>avec les autorit\u00e9s marocaines?<\/em><\/strong><\/p>\n\n\n\n<p>Nous coop\u00e9rons avec les autorit\u00e9s marocaines dans le cadre de l\u2019Initiative Nationale pour le D\u00e9veloppement Humain, lanc\u00e9e par Sa Majest\u00e9 Le Roi Mohammed VI en 2005. Cette initiative a pour mission, entre autres, d\u2019accompagner et de soutenir les associations \u0153uvrant dans le domaine du d\u00e9veloppement humain.<\/p>\n\n\n\n<p><em><strong>Etes-vous soutenus par les&nbsp; hautes autorit\u00e9s au Maroc ?<\/strong><\/em><\/p>\n\n\n\n<p>Exactement ! C\u2019est gr\u00e2ce au soutien ind\u00e9fectible de Sa Majest\u00e9 Le Roi Mohammed VI, que Dieu l\u2019Assiste, que nous sommes arriv\u00e9s \u00e0 ces r\u00e9sultats. Sa Majest\u00e9 nous encourage depuis la mise en place, en 2009, du premier centre qui a \u00e9t\u00e9 inaugur\u00e9 par lui-m\u00eame.<\/p>\n\n\n\n<p>Suivant la Vision Clairvoyante de Sa Majest\u00e9 Le Roi Mohammed VI, visant la promotion de la coop\u00e9ration Sud-Sud, nous \u0153uvrons au Mali, en C\u00f4te d\u2019Ivoire et au Gabon.<\/p>\n\n\n\n<p>Sa Majest\u00e9 Le Roi Mohammed VI accorde une attention particuli\u00e8re au d\u00e9veloppement humain en Afrique.<\/p>\n\n\n\n<p><strong><em>Les autorit\u00e9s maliennes vous ont d\u00e9cern\u00e9 une m\u00e9daille pour &nbsp;r\u00e9compenser tout ce que vous avez fait dans le cadre de cette coop\u00e9ration humanitaire. Comment avez-vous accueilli cette distinction ?<\/em><\/strong><\/p>\n\n\n\n<p>Dieu merci. Cette distinction est le fruit d\u2019un travail assidu et acharn\u00e9 et d\u2019un engagement sans faille vis-\u00e0-vis de nos fr\u00e8res maliens dans ce domaine humanitaire. C\u2019est une motivation pour moi pour d\u00e9ployer davantage d\u2019efforts. J\u2019ai \u00e9t\u00e9 tr\u00e8s \u00e9mu. Cette distinction revient \u00e0 ma Patrie \u201cle Maroc\u201d, qui nous a inculqu\u00e9 l\u2019une des valeurs humaines les plus importantes dans un monde fortement agit\u00e9, \u00e0 savoir la solidarit\u00e9.<\/p>\n\n\n\n<p><strong><em>Dans les jours \u00e0 venir, songez-vous ouvrir une repr\u00e9sentation de la Fondation ici au Mali ?<\/em><\/strong><\/p>\n\n\n\n<p>J\u2019ai propos\u00e9 au Ministre de la Sant\u00e9 de cr\u00e9er une entit\u00e9 marocco-malienne \u00e0 Bamako pour aider les personnes atteintes d\u2019insuffisance r\u00e9nale et explorer les possibilit\u00e9s d\u2019acheminement des malades&nbsp; d\u00e9licats vers le Maroc.<\/p>\n\n\n\n<p><strong>Votre dernier mot ?<\/strong><\/p>\n\n\n\n<p>Mon dernier mot, c\u2019est que nous prions pour le Mali. Que Dieu le pr\u00e9serve. Que le Mali soit en paix pour l\u2019\u00e9ternit\u00e9.<\/p>\n\n\n\n<p><strong>Propos recueillis par<\/strong><\/p>\n\n\n\n<p><strong>&nbsp;Kassoum THERA<\/strong><\/p>\n","protected":false},"excerpt":{"rendered":"<p>\u201cLa coop\u00e9ration avec les autorit\u00e9s maliennes, sous le leadership du Colonel Assimi Go\u00efta, dans le domaine de la dialyse, s\u2019inscrit dans le cadre des relations solides liant le Maroc et&hellip;<\/p>\n","protected":false},"author":1,"featured_media":15607,"comment_status":"open","ping_status":"open","sticky":false,"template":"","format":"standard","meta":{"content-type":"","_lmt_disableupdate":"","_lmt_disable":"","_jetpack_memberships_contains_paid_content":false,"footnotes":"","jetpack_publicize_message":"","jetpack_publicize_feature_enabled":true,"jetpack_social_post_already_shared":false,"jetpack_social_options":{"image_generator_settings":{"template":"highway","default_image_id":0,"font":"","enabled":false},"version":2}},"categories":[19,63,21],"tags":[],"class_list":["post-15605","post","type-post","status-publish","format-standard","has-post-thumbnail","hentry","category-aujourdhui-mali","category-interview","category-societe"],"jetpack_publicize_connections":[],"featured_image_urls":{"full":["https:\/\/nandi.info\/wp-content\/uploads\/2023\/11\/Fondation-Amal-1.jpg",650,438,false],"thumbnail":["https:\/\/nandi.info\/wp-content\/uploads\/2023\/11\/Fondation-Amal-1-150x150.jpg",150,150,true],"medium":["https:\/\/nandi.info\/wp-content\/uploads\/2023\/11\/Fondation-Amal-1-300x202.jpg",300,202,true],"medium_large":["https:\/\/nandi.info\/wp-content\/uploads\/2023\/11\/Fondation-Amal-1.jpg",650,438,false],"large":["https:\/\/nandi.info\/wp-content\/uploads\/2023\/11\/Fondation-Amal-1.jpg",650,438,false],"1536x1536":["https:\/\/nandi.info\/wp-content\/uploads\/2023\/11\/Fondation-Amal-1.jpg",650,438,false],"2048x2048":["https:\/\/nandi.info\/wp-content\/uploads\/2023\/11\/Fondation-Amal-1.jpg",650,438,false],"penci-recipe-1200x1200":["https:\/\/nandi.info\/wp-content\/uploads\/2023\/11\/Fondation-Amal-1.jpg",650,438,false],"penci-recipe-1200x900":["https:\/\/nandi.info\/wp-content\/uploads\/2023\/11\/Fondation-Amal-1.jpg",650,438,false],"penci-recipe-1200x675":["https:\/\/nandi.info\/wp-content\/uploads\/2023\/11\/Fondation-Amal-1.jpg",650,438,false],"penci-single-full":["https:\/\/nandi.info\/wp-content\/uploads\/2023\/11\/Fondation-Amal-1.jpg",650,438,false],"penci-slider-full-thumb":["https:\/\/nandi.info\/wp-content\/uploads\/2023\/11\/Fondation-Amal-1.jpg",650,438,false],"penci-full-thumb":["https:\/\/nandi.info\/wp-content\/uploads\/2023\/11\/Fondation-Amal-1.jpg",650,438,false],"penci-slider-thumb":["https:\/\/nandi.info\/wp-content\/uploads\/2023\/11\/Fondation-Amal-1.jpg",650,438,false],"penci-magazine-slider":["https:\/\/nandi.info\/wp-content\/uploads\/2023\/11\/Fondation-Amal-1.jpg",650,438,false],"penci-thumb":["https:\/\/nandi.info\/wp-content\/uploads\/2023\/11\/Fondation-Amal-1.jpg",579,390,false],"penci-masonry-thumb":["https:\/\/nandi.info\/wp-content\/uploads\/2023\/11\/Fondation-Amal-1.jpg",585,394,false],"penci-thumb-square":["https:\/\/nandi.info\/wp-content\/uploads\/2023\/11\/Fondation-Amal-1.jpg",585,394,false],"penci-thumb-vertical":["https:\/\/nandi.info\/wp-content\/uploads\/2023\/11\/Fondation-Amal-1.jpg",480,323,false],"penci-thumb-small":["https:\/\/nandi.info\/wp-content\/uploads\/2023\/11\/Fondation-Amal-1.jpg",260,175,false]},"author_info":{"display_name":"Nandi","author_link":"https:\/\/nandi.info\/?author=1"},"category_info":"<a href=\"https:\/\/nandi.info\/?cat=19\" rel=\"category\">Aujourd\u2019hui Mali<\/a> <a href=\"https:\/\/nandi.info\/?cat=63\" rel=\"category\">Interview<\/a> <a href=\"https:\/\/nandi.info\/?cat=21\" rel=\"category\">Soci\u00e9t\u00e9<\/a>","tag_info":"Soci\u00e9t\u00e9","comment_count":"0","jetpack_featured_media_url":"https:\/\/nandi.info\/wp-content\/uploads\/2023\/11\/Fondation-Amal-1.jpg","jetpack_sharing_enabled":true,"_links":{"self":[{"href":"https:\/\/nandi.info\/index.php?rest_route=\/wp\/v2\/posts\/15605","targetHints":{"allow":["GET"]}}],"collection":[{"href":"https:\/\/nandi.info\/index.php?rest_route=\/wp\/v2\/posts"}],"about":[{"href":"https:\/\/nandi.info\/index.php?rest_route=\/wp\/v2\/types\/post"}],"author":[{"embeddable":true,"href":"https:\/\/nandi.info\/index.php?rest_route=\/wp\/v2\/users\/1"}],"replies":[{"embeddable":true,"href":"https:\/\/nandi.info\/index.php?rest_route=%2Fwp%2Fv2%2Fcomments&post=15605"}],"version-history":[{"count":1,"href":"https:\/\/nandi.info\/index.php?rest_route=\/wp\/v2\/posts\/15605\/revisions"}],"predecessor-version":[{"id":15608,"href":"https:\/\/nandi.info\/index.php?rest_route=\/wp\/v2\/posts\/15605\/revisions\/15608"}],"wp:featuredmedia":[{"embeddable":true,"href":"https:\/\/nandi.info\/index.php?rest_route=\/wp\/v2\/media\/15607"}],"wp:attachment":[{"href":"https:\/\/nandi.info\/index.php?rest_route=%2Fwp%2Fv2%2Fmedia&parent=15605"}],"wp:term":[{"taxonomy":"category","embeddable":true,"href":"https:\/\/nandi.info\/index.php?rest_route=%2Fwp%2Fv2%2Fcategories&post=15605"},{"taxonomy":"post_tag","embeddable":true,"href":"https:\/\/nandi.info\/index.php?rest_route=%2Fwp%2Fv2%2Ftags&post=15605"}],"curies":[{"name":"wp","href":"https:\/\/api.w.org\/{rel}","templated":true}]}}